{"id":998,"date":"2021-09-05T14:36:15","date_gmt":"2021-09-05T14:36:15","guid":{"rendered":"https:\/\/santonews.cl\/?p=998"},"modified":"2021-09-05T14:36:16","modified_gmt":"2021-09-05T14:36:16","slug":"por-que-google-dedica-un-doodle-a-nicanor-parra","status":"publish","type":"post","link":"https:\/\/santonews.cl\/?p=998","title":{"rendered":"Por qu\u00e9 Google dedica un doodle a Nicanor Parra"},"content":{"rendered":"\n<h2 class=\"wp-block-heading\">El poeta chileno, que muri\u00f3 a los 103 a\u00f1os de edad en 2018, cre\u00f3 la antipoes\u00eda, un estilo de verso rupturista, m\u00e1s directo, coloquial, que lo hizo merecedor de importantes reconocimientos tanto locales como internacionales<\/h2>\n\n\n\n<p><\/p>\n\n\n\n<p>El c\u00e9lebre poeta chileno Nicanor Parra aparece este domingo en el \u201cdoodle\u201d del buscador Google, el m\u00e1s utilizado de Internet, como un&nbsp;<strong>homenaje por el 107 aniversario de su natalicio.<\/strong><\/p>\n\n\n\n<p>La imagen, en la que se observa al escritor frente al pizarr\u00f3n, en su faceta de profesor universitario, fue<strong>&nbsp;ilustrada por la dibujante Olivia When<\/strong>, quien afirm\u00f3 que la inspiraci\u00f3n para el dise\u00f1o provino del \u201ctrabajo de Parra y de la antipoes\u00eda como reflejo de la vida moderna\u201d.<\/p>\n\n\n\n<p><strong>El autor, que falleci\u00f3 en 2018 a los 103 a\u00f1os, es reconocido como uno de los grandes poetas latinoamericanos, escribi\u00f3 hasta el \u00faltimo de sus d\u00edas e imparti\u00f3 clases hasta pasados los 100 a\u00f1os.<\/strong><img loading=\"lazy\" decoding=\"async\" alt=\"Adem\u00e1s de poeta, fue un destacado matem\u00e1tico\" height=\"1111\" width=\"1920\" src=\"https:\/\/www.infobae.com\/new-resizer\/dzeD_osagcM-lFB1hjV6TmxyXIM=\/420x236\/filters:format(jpg):quality(85)\/cloudfront-us-east-1.images.arcpublishing.com\/infobae\/IRGPAS7N6BAKNACO2SF3MP2SYY.jpeg%20420w\" srcset=\"https:\/\/www.infobae.com\/new-resizer\/dzeD_osagcM-lFB1hjV6TmxyXIM=\/420x236\/filters:format(jpg):quality(85)\/cloudfront-us-east-1.images.arcpublishing.com\/infobae\/IRGPAS7N6BAKNACO2SF3MP2SYY.jpeg 420w,https:\/\/www.infobae.com\/new-resizer\/DXyGCsXv4A7ReKzkxeD5yjJ_o54=\/768x432\/filters:format(jpg):quality(85)\/cloudfront-us-east-1.images.arcpublishing.com\/infobae\/IRGPAS7N6BAKNACO2SF3MP2SYY.jpeg 768w,https:\/\/www.infobae.com\/new-resizer\/Mxxqe3d7Gb_BVcLgohQeEsEBE74=\/992x558\/filters:format(jpg):quality(85)\/cloudfront-us-east-1.images.arcpublishing.com\/infobae\/IRGPAS7N6BAKNACO2SF3MP2SYY.jpeg 992w,https:\/\/www.infobae.com\/new-resizer\/KkQgy5wN5fNrcaLZT_JaN2w6E2U=\/1200x675\/filters:format(jpg):quality(85)\/cloudfront-us-east-1.images.arcpublishing.com\/infobae\/IRGPAS7N6BAKNACO2SF3MP2SYY.jpeg 1200w,https:\/\/www.infobae.com\/new-resizer\/KG-OPrHTsiOGzKZ9NKLkp33R3lw=\/1440x810\/filters:format(jpg):quality(85)\/cloudfront-us-east-1.images.arcpublishing.com\/infobae\/IRGPAS7N6BAKNACO2SF3MP2SYY.jpeg 1440w\">Adem\u00e1s de poeta, fue un destacado matem\u00e1tico<\/p>\n\n\n\n<p>De formaci\u00f3n f\u00edsico y nacido en una familia de m\u00fasicos populares (es hermano mayor de la legendaria folclorista Violeta Parra), el autor abraz\u00f3 a la l\u00edrica para&nbsp;<strong>crear la antipoes\u00eda, un estilo de verso rupturista, m\u00e1s directo, coloquial<\/strong>, que tambi\u00e9n usaron otros escritores chilenos como Pablo Neruda o Vicente Huidobro.<\/p>\n\n\n\n<p>Su extensa trayectoria art\u00edstica lo llev\u00f3 a ser uno de los protagonistas del panorama cultural nacional a partir de la segunda mitad del siglo XX y posteriormente una reconocida figura literaria en todo el mundo.<\/p>\n\n\n\n<p>La influencia de su trabajo y su propuesta est\u00e9tica lo hicieron&nbsp;<strong>merecedor de importantes reconocimientos<\/strong>&nbsp;a nivel local e internacional, tales<strong>&nbsp;como el Premio Cervantes (2011) -el m\u00e1ximo galard\u00f3n de la literatura hispana-, el Premio Iberoamericano de Poes\u00eda Pablo Neruda (2012) o el Premio Reina Sof\u00eda (2001).<\/strong><img loading=\"lazy\" decoding=\"async\" alt=\"Pat Nixon y Nicacanor \" height=\"1280\" width=\"1920\" src=\"https:\/\/www.infobae.com\/new-resizer\/kKhT0GIRVPHShs2yrgC-yiMiS6M=\/420x280\/filters:format(jpg):quality(85)\/cloudfront-us-east-1.images.arcpublishing.com\/infobae\/ALJNPXW63VGXJIUVUDT5W5CCWM.jpg%20420w\" srcset=\"https:\/\/www.infobae.com\/new-resizer\/kKhT0GIRVPHShs2yrgC-yiMiS6M=\/420x280\/filters:format(jpg):quality(85)\/cloudfront-us-east-1.images.arcpublishing.com\/infobae\/ALJNPXW63VGXJIUVUDT5W5CCWM.jpg 420w,https:\/\/www.infobae.com\/new-resizer\/eCOjBy-zwx1lpIswCTsZfZ6Nk0E=\/768x512\/filters:format(jpg):quality(85)\/cloudfront-us-east-1.images.arcpublishing.com\/infobae\/ALJNPXW63VGXJIUVUDT5W5CCWM.jpg 768w,https:\/\/www.infobae.com\/new-resizer\/7SvI_w-QDy5yuSqb5Xm7gWt2l1o=\/992x661\/filters:format(jpg):quality(85)\/cloudfront-us-east-1.images.arcpublishing.com\/infobae\/ALJNPXW63VGXJIUVUDT5W5CCWM.jpg 992w,https:\/\/www.infobae.com\/new-resizer\/q0pAcIUfLE-rLm50wxy1bIwCw98=\/1200x800\/filters:format(jpg):quality(85)\/cloudfront-us-east-1.images.arcpublishing.com\/infobae\/ALJNPXW63VGXJIUVUDT5W5CCWM.jpg 1200w,https:\/\/www.infobae.com\/new-resizer\/aNJCPFUajQVCXx7io2ja9TFt0gs=\/1440x960\/filters:format(jpg):quality(85)\/cloudfront-us-east-1.images.arcpublishing.com\/infobae\/ALJNPXW63VGXJIUVUDT5W5CCWM.jpg 1440w\">Pat Nixon y Nicacanor<\/p>\n\n\n\n<p>Entre su repertorio de innumerables obras, traducidas a diversos idiomas, destacan \u201cLa cueca larga\u201d, \u201cVersos de sal\u00f3n\u201d, \u201cArtefactos\u201d, \u201cHojas de Parra\u201d y \u201cObras P\u00fablicas\u201d.<\/p>\n\n\n\n<p>Conocido por su car\u00e1cter irreverente y audaz, Parra, que&nbsp;<strong>se postul\u00f3 sin \u00e9xito al Premio Nobel cinco veces<\/strong>, cuestion\u00f3 con su prosa y verso a la derecha y la izquierda chilena, adem\u00e1s de poner en jaque a la Iglesia cat\u00f3lica.<\/p>\n\n\n\n<p>Admirado por Bob Dylan, Allen Ginsberg y Roberto Bola\u00f1o, el poeta fue un profundo devoto de cl\u00e1sicos como Cervantes, Shakespeare y Dante y, seg\u00fan confes\u00f3 una vez, de Gonzalo de Berceo.<img loading=\"lazy\" decoding=\"async\" alt=\"Fotograf\u00eda de archivo tomada el 8 de agosto de 2001 en la que se registr\u00f3 al legendario poeta chileno Nicanor Parra, en Santiago de Chile. EFE\/Mario Ruiz\n\" height=\"2665\" width=\"4000\" src=\"https:\/\/www.infobae.com\/new-resizer\/OUqsDn7XH_RhHutRUPsEjszsWtc=\/420x280\/filters:format(jpg):quality(85)\/cloudfront-us-east-1.images.arcpublishing.com\/infobae\/IVT63GMYQ5ERTBIHKXP5ILZ4KE.jpg%20420w\" srcset=\"https:\/\/www.infobae.com\/new-resizer\/OUqsDn7XH_RhHutRUPsEjszsWtc=\/420x280\/filters:format(jpg):quality(85)\/cloudfront-us-east-1.images.arcpublishing.com\/infobae\/IVT63GMYQ5ERTBIHKXP5ILZ4KE.jpg 420w,https:\/\/www.infobae.com\/new-resizer\/F2MQ4ZYVgQcQRVoaiqfhBnA_XuI=\/768x512\/filters:format(jpg):quality(85)\/cloudfront-us-east-1.images.arcpublishing.com\/infobae\/IVT63GMYQ5ERTBIHKXP5ILZ4KE.jpg 768w,https:\/\/www.infobae.com\/new-resizer\/1hSOAcU5eqcNZ0d9-Qxg_ha-h_s=\/992x661\/filters:format(jpg):quality(85)\/cloudfront-us-east-1.images.arcpublishing.com\/infobae\/IVT63GMYQ5ERTBIHKXP5ILZ4KE.jpg 992w,https:\/\/www.infobae.com\/new-resizer\/_ORY4j5JGf6r_cezyJjRVEFIdm8=\/1200x800\/filters:format(jpg):quality(85)\/cloudfront-us-east-1.images.arcpublishing.com\/infobae\/IVT63GMYQ5ERTBIHKXP5ILZ4KE.jpg 1200w,https:\/\/www.infobae.com\/new-resizer\/9X28eHSOcymSLfyo_Q9mZ5Yqh5I=\/1440x960\/filters:format(jpg):quality(85)\/cloudfront-us-east-1.images.arcpublishing.com\/infobae\/IVT63GMYQ5ERTBIHKXP5ILZ4KE.jpg 1440w\">Fotograf\u00eda de archivo tomada el 8 de agosto de 2001 en la que se registr\u00f3 al legendario poeta chileno Nicanor Parra, en Santiago de Chile. EFE\/Mario Ruiz<\/p>\n\n\n\n<p>En el contexto de este homenaje, Carlos Pe\u00f1a, rector de la Universidad Diego Portales e integrante del directorio de la Fundaci\u00f3n Nicanor Parra, sostuvo que \u201cParra sab\u00eda que la poes\u00eda es el esfuerzo por mostrar que lo que m\u00e1s importa, aquello que pugna por salir en el habla de todos los d\u00edas, no podr\u00e1 ser nunca dicho\u201d.<\/p>\n\n\n\n<p><strong>ESTILO<\/strong><\/p>\n\n\n\n<p><strong>La poes\u00eda de Parra vari\u00f3 mucho a trav\u00e9s del tiempo.<\/strong>&nbsp;Durante su juventud, a fines de los a\u00f1os 1930, tuvo un breve paso como representante de la llamada poes\u00eda de la claridad, fuertemente inspirada en el recientemente fallecido Federico Garc\u00eda Lorca, y creada como respuesta cr\u00edtica al hermetismo y subjetivismo del vanguardismo hist\u00f3rico liderado por Huidobro, Neruda o los nuevos poetas surrealistas del Grupo La Mandr\u00e1gora.<\/p>\n\n\n\n<p>Luego de abandonar esta primera etapa, en lugar de adherirse al realismo socialista, del que critic\u00f3 su poca credibilidad y su alta abstracci\u00f3n doctrinaria, decidi\u00f3 continuar una l\u00ednea m\u00e1s vanguardista e incluso posvanguardista, \u00e1vida en la b\u00fasqueda y favorecida, por su faceta cient\u00edfica, de estructuras y mecanismos formales de creaci\u00f3n. Su poes\u00eda es marcadamente cr\u00edtica, cuestionadora, anticlerical, pol\u00edtica y contingente, y junto a sus antipoemas posmodernos y anal\u00edticos se sit\u00faan tambi\u00e9n poemas ecol\u00f3gicos y otros de tradici\u00f3n oral, popular y local. Utilizando recursos del absurdo, el humor, el arte callejero y la cultura popular, Parra se caracteriz\u00f3 por democratizar la poes\u00eda, acerc\u00e1ndola a lectores de distinto nivel sociocultural.<img loading=\"lazy\" decoding=\"async\" alt=\"Anti-poemas (Ed. Jos\u00e9 M. Ib\u00e1\u00f1ez Langlois), Barcelona, Seix Barral, 1972\" height=\"2956\" width=\"1920\" src=\"https:\/\/www.infobae.com\/new-resizer\/q2ET5dp585pu7ZSpf9938jYySKM=\/420x630\/filters:format(jpg):quality(85)\/cloudfront-us-east-1.images.arcpublishing.com\/infobae\/HOD7ITHKFZBXJDSXBRBOQ7GA7A.jpg%20420w\" srcset=\"https:\/\/www.infobae.com\/new-resizer\/q2ET5dp585pu7ZSpf9938jYySKM=\/420x630\/filters:format(jpg):quality(85)\/cloudfront-us-east-1.images.arcpublishing.com\/infobae\/HOD7ITHKFZBXJDSXBRBOQ7GA7A.jpg 420w,https:\/\/www.infobae.com\/new-resizer\/0w4I7-52FuT2ORUzHVra8Cq44M0=\/768x1152\/filters:format(jpg):quality(85)\/cloudfront-us-east-1.images.arcpublishing.com\/infobae\/HOD7ITHKFZBXJDSXBRBOQ7GA7A.jpg 768w,https:\/\/www.infobae.com\/new-resizer\/MYXRrqcj2y7HV5zupaKNxjxSn3Q=\/992x1488\/filters:format(jpg):quality(85)\/cloudfront-us-east-1.images.arcpublishing.com\/infobae\/HOD7ITHKFZBXJDSXBRBOQ7GA7A.jpg 992w,https:\/\/www.infobae.com\/new-resizer\/x6x8LQ02uudx0Id2qTEaRG3DJk0=\/1200x1800\/filters:format(jpg):quality(85)\/cloudfront-us-east-1.images.arcpublishing.com\/infobae\/HOD7ITHKFZBXJDSXBRBOQ7GA7A.jpg 1200w\">Anti-poemas (Ed. Jos\u00e9 M. Ib\u00e1\u00f1ez Langlois), Barcelona, Seix Barral, 1972<\/p>\n\n\n\n<p>Parra fue muy exigente con sus poemas antes de publicarlos, por lo que una vez publicados,&nbsp;<strong>en sus versiones futuras suelen tener muy pocas variaciones<\/strong>.<\/p>\n\n\n\n<p><strong>FALLECIMIENTO<\/strong><\/p>\n\n\n\n<p>Nicanor Parra&nbsp;<strong>falleci\u00f3 la madrugada del 23 de enero de 2018<\/strong>, a la edad de 103 a\u00f1os, en la casa de la familia Parra en La Reina, bautizada por Violeta y Roberto Parra como \u00abla universidad abierta de La Reina\u00bb, donde habitaba desde agosto de 2017. Ese mismo d\u00eda, el Gobierno de Chile decret\u00f3 dos d\u00edas de duelo nacional en homenaje al poeta. El Museo Violeta Parra abri\u00f3 un libro de condolencias para la ciudadan\u00eda, para ser luego entregado a la familia del poeta.<\/p>\n\n\n\n<p>El 24 de enero, los restos de Parra fueron trasladados a la Catedral Metropolitana de Santiago, donde se realiz\u00f3 su velatorio, al cual asisti\u00f3 la presidenta Michelle Bachelet y el presidente electo Sebasti\u00e1n Pi\u00f1era. El funeral de Parra fue realizado en la parroquia La Asunci\u00f3n de Las Cruces, y luego sus restos fueron trasladados a la que fue su casa en dicha localidad, donde se enterraron en una ceremonia \u00edntima, a la cual tambi\u00e9n acudi\u00f3 la presidenta Bachelet.<\/p>\n\n\n\n<figure class=\"wp-block-image\"><img decoding=\"async\" src=\"https:\/\/www.infobae.com\/new-resizer\/mqMFF4FNkCJ_0Negv_Fmlvl53L0=\/420x280\/filters:format(jpg):quality(85)\/cloudfront-us-east-1.images.arcpublishing.com\/infobae\/XMG7INHEXZFV3N2HIW2GQPOOEA.jpeg%20420w\" alt=\"\"\/><\/figure>\n\n\n\n<p><strong>En su ata\u00fad se escribi\u00f3 la frase \u00abVoy&amp;Vuelvo\u00bb, parte de sus \u00abartefactos\u00bb y \u00abtrabajos pr\u00e1cticos\u00bb<\/strong><\/p>\n\n\n\n<p><a href=\"https:\/\/g.co\/doodle\/78k4tks\">https:\/\/g.co\/doodle\/78k4tks<\/a><\/p>\n\n\n\n<p><a href=\"https:\/\/www.infobae.com\/america\/america-latina\/2021\/09\/05\/por-que-google-dedica-un-doodle-a-nicanor-parra\/\">https:\/\/www.infobae.com\/america\/america-latina\/2021\/09\/05\/por-que-google-dedica-un-doodle-a-nicanor-parra\/<\/a><\/p>\n","protected":false},"excerpt":{"rendered":"<p>El poeta chileno, que muri\u00f3 a los 103 a\u00f1os de edad en 2018, cre\u00f3 la antipoes\u00eda, un estilo de verso rupturista, m\u00e1s directo, coloquial, que lo hizo merecedor de importantes reconocimientos tanto&#8230;<\/p>\n","protected":false},"author":1,"featured_media":999,"comment_status":"closed","ping_status":"closed","sticky":false,"template":"","format":"standard","meta":{"footnotes":""},"categories":[7],"tags":[],"class_list":["post-998","post","type-post","status-publish","format-standard","has-post-thumbnail","hentry","category-noticias"],"_links":{"self":[{"href":"https:\/\/santonews.cl\/index.php?rest_route=\/wp\/v2\/posts\/998","targetHints":{"allow":["GET"]}}],"collection":[{"href":"https:\/\/santonews.cl\/index.php?rest_route=\/wp\/v2\/posts"}],"about":[{"href":"https:\/\/santonews.cl\/index.php?rest_route=\/wp\/v2\/types\/post"}],"author":[{"embeddable":true,"href":"https:\/\/santonews.cl\/index.php?rest_route=\/wp\/v2\/users\/1"}],"replies":[{"embeddable":true,"href":"https:\/\/santonews.cl\/index.php?rest_route=%2Fwp%2Fv2%2Fcomments&post=998"}],"version-history":[{"count":1,"href":"https:\/\/santonews.cl\/index.php?rest_route=\/wp\/v2\/posts\/998\/revisions"}],"predecessor-version":[{"id":1000,"href":"https:\/\/santonews.cl\/index.php?rest_route=\/wp\/v2\/posts\/998\/revisions\/1000"}],"wp:featuredmedia":[{"embeddable":true,"href":"https:\/\/santonews.cl\/index.php?rest_route=\/wp\/v2\/media\/999"}],"wp:attachment":[{"href":"https:\/\/santonews.cl\/index.php?rest_route=%2Fwp%2Fv2%2Fmedia&parent=998"}],"wp:term":[{"taxonomy":"category","embeddable":true,"href":"https:\/\/santonews.cl\/index.php?rest_route=%2Fwp%2Fv2%2Fcategories&post=998"},{"taxonomy":"post_tag","embeddable":true,"href":"https:\/\/santonews.cl\/index.php?rest_route=%2Fwp%2Fv2%2Ftags&post=998"}],"curies":[{"name":"wp","href":"https:\/\/api.w.org\/{rel}","templated":true}]}}