{"id":992,"date":"2021-09-05T14:18:46","date_gmt":"2021-09-05T14:18:46","guid":{"rendered":"https:\/\/santonews.cl\/?p=992"},"modified":"2021-09-05T14:22:05","modified_gmt":"2021-09-05T14:22:05","slug":"geyger-celebro-en-casasanto-domingo-un-nuevo-titulo","status":"publish","type":"post","link":"https:\/\/santonews.cl\/?p=992","title":{"rendered":"Geyger celebr\u00f3 en casa(Santo Domingo) un nuevo t\u00edtulo"},"content":{"rendered":"\n<p class=\"has-text-align-left\">Nicol\u00e1s Geyger obtuvo su segundo t\u00edtulo como profesional tras ganar el Abierto de Santo Domingo<\/p>\n\n\n\n<p class=\"has-text-align-left\">Nicol\u00e1s Geyger, profesional de 24 a\u00f1os, se llev\u00f3 todos los honores tras cerrar un campeonato perfecto en Santo Domingo. En la \u00faltima jornada concret\u00f3 una vuelta de 71 golpes (uno bajo el par) para finalizar -15 y as\u00ed superar por tres palos de diferencia a Benjam\u00edn Alvarado y por cuatro, al jugador del Tour Europeo, Mark Tullo.<\/p>\n\n\n\n<p class=\"has-text-align-left\">La jornada definitoria comenz\u00f3 a las 13.48 y la presi\u00f3n que ejercieron sus perseguidores no fue factor para que el joven golfista levantara su segunda corona como profesional, tras ganar el Abierto del PWCC en noviembre pasado. &#8220;Estoy feliz, pues aprend\u00ed a jugar en Santo Domingo y esto es realmente un sue\u00f1o dif\u00edcil de creer&#8221;, indic\u00f3 Geyger. &#8220;Creo que la clave para salir campe\u00f3n fue que el viernes logr\u00e9 cerrar la jornada con -7 y eso signific\u00f3 que me alejara de todos. Eso me dej\u00f3 jugar m\u00e1s tranquilo, con menos presi\u00f3n&#8221;, agreg\u00f3. El vencedor tambi\u00e9n coment\u00f3 que jugar en su territorio fue algo que lo favoreci\u00f3. &#8220;La gente me motiv\u00f3 mucho, conozco la cancha y el viento muy bien, por lo que me es un poco m\u00e1s f\u00e1cil jugar ac\u00e1&#8221;.<\/p>\n\n\n\n<p class=\"has-text-align-left\">El \u00faltimo d\u00eda del 59\u00ba Abierto Internacional de Golf de las Rocas de Santo Domingo, que reparti\u00f3 premios por 15 millones de pesos, estuvo marcado por la niebla y el viento. &#8220;El clima estuvo complicado, pero a\u00fan as\u00ed logr\u00e9 ganar&#8221;, finaliz\u00f3 el vencedor.<\/p>\n\n\n\n<p class=\"has-text-align-left\">Por su parte, en damas, la victoria se la llev\u00f3 Paz Echeverr\u00eda. La ganadora estuvo en el liderato desde el comienzo del torneo y fue la \u00fanica mujer capaz de vulnerar la cancha y anotar -2 el s\u00e1bado. Con una ronda final de 78 golpes, seis por sobre el par y un total acumulado de +9 (74, 75, 70, y 78), sac\u00f3 una buena diferencia frente a sus escoltas, Isidora San Mart\u00edn y Mar\u00eda Jos\u00e9 Vial. &#8220;Me cost\u00f3 mucho ganar, pues me robaron los palos en Marbella (la semana pasada), pero a\u00fan as\u00ed estoy muy feliz de lo conseguido. Mi&nbsp;<em>putt<\/em>&nbsp;fue la clave durante los cuatro d\u00edas&#8221;, coment\u00f3.<\/p>\n\n\n\n<p class=\"has-text-align-left\">Echeverr\u00eda jug\u00f3 su \u00faltimo campeonato en Chile como amateur, pues el pr\u00f3ximo mes partir\u00e1 a Estados Unidos para disputar torneos profesionales.<\/p>\n\n\n\n<p class=\"has-text-align-left\">El golf nacional continuar\u00e1 con actividad esta semana en el Abierto de Granadilla, que se disputar\u00e1 entre el 27 y 30 de enero, en Vi\u00f1a del Mar.<\/p>\n\n\n\n<figure class=\"wp-block-image\"><img decoding=\"async\" src=\"https:\/\/eldeportero.cl\/wp-content\/uploads\/2013\/06\/nicols-geyger-bunker.jpg\" alt=\"Nicol\u00e1s Geyger destac\u00f3 entre los golfistas nacionales en Europa en la  jornada de jueves \u2013 El Deportero\"\/><\/figure>\n\n\n\n<p><\/p>\n\n\n\n<figure class=\"wp-block-embed\"><div class=\"wp-block-embed__wrapper\">\nhttps:\/\/www.latercera.com\/diario-impreso\/geyger-celebro-en-casa-un-nuevo-titulo\/\n<\/div><\/figure>\n","protected":false},"excerpt":{"rendered":"<p>Nicol\u00e1s Geyger obtuvo su segundo t\u00edtulo como profesional tras ganar el Abierto de Santo Domingo Nicol\u00e1s Geyger, profesional de 24 a\u00f1os, se llev\u00f3 todos los honores tras cerrar un campeonato perfecto en&#8230;<\/p>\n","protected":false},"author":1,"featured_media":0,"comment_status":"closed","ping_status":"closed","sticky":false,"template":"","format":"standard","meta":{"footnotes":""},"categories":[7],"tags":[],"class_list":["post-992","post","type-post","status-publish","format-standard","hentry","category-noticias"],"_links":{"self":[{"href":"https:\/\/santonews.cl\/index.php?rest_route=\/wp\/v2\/posts\/992","targetHints":{"allow":["GET"]}}],"collection":[{"href":"https:\/\/santonews.cl\/index.php?rest_route=\/wp\/v2\/posts"}],"about":[{"href":"https:\/\/santonews.cl\/index.php?rest_route=\/wp\/v2\/types\/post"}],"author":[{"embeddable":true,"href":"https:\/\/santonews.cl\/index.php?rest_route=\/wp\/v2\/users\/1"}],"replies":[{"embeddable":true,"href":"https:\/\/santonews.cl\/index.php?rest_route=%2Fwp%2Fv2%2Fcomments&post=992"}],"version-history":[{"count":2,"href":"https:\/\/santonews.cl\/index.php?rest_route=\/wp\/v2\/posts\/992\/revisions"}],"predecessor-version":[{"id":994,"href":"https:\/\/santonews.cl\/index.php?rest_route=\/wp\/v2\/posts\/992\/revisions\/994"}],"wp:attachment":[{"href":"https:\/\/santonews.cl\/index.php?rest_route=%2Fwp%2Fv2%2Fmedia&parent=992"}],"wp:term":[{"taxonomy":"category","embeddable":true,"href":"https:\/\/santonews.cl\/index.php?rest_route=%2Fwp%2Fv2%2Fcategories&post=992"},{"taxonomy":"post_tag","embeddable":true,"href":"https:\/\/santonews.cl\/index.php?rest_route=%2Fwp%2Fv2%2Ftags&post=992"}],"curies":[{"name":"wp","href":"https:\/\/api.w.org\/{rel}","templated":true}]}}