{"id":986,"date":"2021-09-05T13:32:07","date_gmt":"2021-09-05T13:32:07","guid":{"rendered":"https:\/\/santonews.cl\/?p=986"},"modified":"2021-09-05T14:39:22","modified_gmt":"2021-09-05T14:39:22","slug":"rojas-vade-admite-que-no-tiene-cancer-siento-que-me-tengo-que-retirar-de-la-convencion","status":"publish","type":"post","link":"https:\/\/santonews.cl\/?p=986","title":{"rendered":"Rojas Vade admite que no tiene c\u00e1ncer: \u201cSiento que me tengo que retirar de la Convenci\u00f3n\u201d"},"content":{"rendered":"\n<p><a href=\"https:\/\/www.latercera.com\/autor\/paz-radovic\"><small>Paz Radovic<\/small><\/a><small>&nbsp;y&nbsp;<\/small><a href=\"https:\/\/www.latercera.com\/autor\/andrew-chernin\"><small>Andrew Chernin<\/small><\/a><\/p>\n\n\n\n<p>Pas\u00f3 de ser un manifestante an\u00f3nimo en Plaza Baquedano a uno de los vicepresidentes de la constituyente. Todo, sobre la base de su historia: una lucha contra el c\u00e1ncer que lo quebr\u00f3 econ\u00f3micamente y que expon\u00eda las desigualdades del sistema. Pero ese relato, reproducido en entrevistas y redes sociales, ten\u00eda una trampa que aqu\u00ed, confrontado por La Tercera, Rojas Vade reconoce: \u201cEs el peor error que comet\u00ed en mi vida\u201d.<\/p>\n\n\n\n<p><\/p>\n\n\n\n<p>Es jueves 8 de julio, 8.30 horas. Han pasado cuatro d\u00edas desde la inauguraci\u00f3n de la Convenci\u00f3n Constitucional y Rodrigo Rojas Vade, electo por el distrito 13, durante una primera entrevista con&nbsp;<strong>La Tercera Domingo<\/strong>&nbsp;para hablar de su vida, repasa fotos viejas en su cuenta de Instagram, sentado en uno de los jardines del antiguo Congreso Nacional. De pronto se detiene en una: es del 24 de noviembre de 2018, 11 meses antes de que saliera a protestar durante el estallido y se convirtiera en una de las caras conocidas de la movilizaci\u00f3n debido a la batalla que dec\u00eda dar contra la leucemia.ADVERTISINGS\u00f3lo que en la foto no se ve as\u00ed. En la imagen, Rojas Vade, con barba y lentes de sol, mira a la c\u00e1mara, parado en el mar del sur de Miami.<\/p>\n\n\n\n<p><strong>-\u00bfQu\u00e9 le dir\u00edas a esa persona?<\/strong><\/p>\n\n\n\n<p>-Le dir\u00eda prep\u00e1rate, porque no sabes lo que viene.<\/p>\n\n\n\n<figure class=\"wp-block-image\"><img decoding=\"async\" src=\"https:\/\/www.latercera.com\/resizer\/2RTH3QmKVIFRfrABZIlldKgB3vQ=\/800x0\/smart\/cloudfront-us-east-1.images.arcpublishing.com\/copesa\/G7I3H6KQHRE7JHNLDCMW7BHBAQ.JPG\" alt=\"\"\/><figcaption>SANTIAGO, CHILE &#8211; JULY 04: Constituent Assembly representative Rodrigo Rojas Vade during Constitutional Convention on July 4, 2021 in Santiago, Chile. The Convention takes place after Chileans voted in a referendum to replace the Pinochet-era magna carta. 155 delegates chosen in the mid-May elections will have nine to 12 months to draft a new constitution, that will then need to be approved in plasbicite. (Photo by Marcelo Hernandez\/Getty Images)<\/figcaption><\/figure>\n\n\n\n<h3 class=\"wp-block-heading\"><strong>***<\/strong><\/h3>\n\n\n\n<p>Su enfermedad, dice la ma\u00f1ana del 8 de julio, parti\u00f3 cuando ten\u00eda 28 a\u00f1os. Era 2012 y Rodrigo Rojas Vade, un exalumno de un colegio en La Florida que, por falta de recursos, no hab\u00eda podido terminar la carrera de Teatro en la Universidad Mayor, trabajaba como operador de vuelos para Latam. En alg\u00fan momento comenz\u00f3 a sentir dolores g\u00e1stricos. Y eso, asegura, lo llev\u00f3 al m\u00e9dico:<\/p>\n\n\n\n<p>\u2013Me diagnosticaban que ten\u00eda una bacteria. Despu\u00e9s eran cuadros mucho m\u00e1s intensos, v\u00f3mitos, diarrea, me hospitalizaban tres d\u00edas, me daban de alta y as\u00ed.<\/p>\n\n\n\n<p>Luego de varias reca\u00eddas, Rojas recuerda que un doctor en la Cl\u00ednica Alemana le dijo que se hospitalizara un tiempo m\u00e1s largo del que hab\u00eda estado antes, para realizarle un estudio. Este es su relato de lo que vino despu\u00e9s:<\/p>\n\n\n\n<p>\u2013El 21 de agosto de 2013, un gastroenter\u00f3logo y un hemat\u00f3logo llegaron un d\u00eda as\u00ed como \u2018tienes leucemia. Vamos a empezar la radioterapia, la quimioterapia\u2019.<\/p>\n\n\n\n<p>El diagn\u00f3stico que Rojas transmit\u00eda era una leucemia linfoc\u00edtica aguda mixta: una enfermedad que afecta la sangre y la m\u00e9dula \u00f3sea, adem\u00e1s de ser uno de los c\u00e1nceres m\u00e1s graves que existen, seg\u00fan advierten onc\u00f3logos. Por eso, indica que ese mismo mes empez\u00f3 su primer tratamiento de quimioterapia en la Cl\u00ednica Alemana.<\/p>\n\n\n\n<p>Esa versi\u00f3n era un poco distinta de la que hab\u00eda dado un mes antes, el 4 de junio, en una entrevista con el canal de YouTube \u201cV\u00eda Conectados\u201d. Ah\u00ed, cuando el periodista le pregunt\u00f3 por su paso por el sistema p\u00fablico, respondi\u00f3: \u201cYo tuve muy poca experiencia en la salud p\u00fablica, porque nunca hubo tratamiento disponible. Fui cuando me diagnosticaron. Inmediatamente me pasaron a cuidados paliativos sin ninguna opci\u00f3n y yo era muy chico\u201d.<\/p>\n\n\n\n<p>El problema es que en la atenci\u00f3n p\u00fablica no existe registro de que Rojas Vade haya sido atendido por c\u00e1ncer.<\/p>\n\n\n\n<p>Sea como fuere, no quiso contarle a nadie de su enfermedad. Su padre, Gabriel Rojas (63), dice que su hijo se demor\u00f3 tres a\u00f1os en abrirse con su familia. Aunque Rojas Vade difiere; sostiene que s\u00f3lo se demor\u00f3 uno. Otro de los que se enteraron m\u00e1s tarde fue Claudio Castillo (39), ingeniero ambiental y pareja de Rojas hasta el d\u00eda de hoy. Est\u00e1n juntos desde 2007, cuatro a\u00f1os despu\u00e9s de que Castillo perdiera a su madre por un c\u00e1ncer apendicicular metast\u00e1sico. Esa fue una de las razones por las que, en principio, explica Rojas, no quiso contarle su propio diagn\u00f3stico.<\/p>\n\n\n\n<p>Lo cierto es que Castillo empez\u00f3 a sospechar en 2013 de que algo en su pareja andaba mal. As\u00ed lo recuerda para este reportaje:<\/p>\n\n\n\n<p>\u2013Un d\u00eda, mientras estaba en Latam, me dijo \u2018voy a ir a hacer un reconocimiento de ruta, es un vuelo de Santiago a C\u00f3rdoba. Llego hoy mismo. Pero pas\u00f3 un d\u00eda en que no tuve noticias de \u00e9l, no me contestaba el tel\u00e9fono\u2013, cuenta hoy Castillo.<\/p>\n\n\n\n<p>Ese d\u00eda, entonces, llam\u00f3 a la aerol\u00ednea para preguntar por el vuelo de su pareja. Le dijeron que Rojas hab\u00eda perdido un avi\u00f3n en Madrid y que llegar\u00eda al d\u00eda siguiente. Cuando regres\u00f3, Castillo le pidi\u00f3 explicaciones:<\/p>\n\n\n\n<p>\u2013Fue una conversaci\u00f3n bien cruda. Primero, yo estaba muy enojado por razones obvias. Y s\u00ed, me acuerdo que me dijo que \u00e9l estaba en tratamiento all\u00e1, que ten\u00eda que estar tranquilo, porque estaba bien. Que hac\u00eda un par de meses lo hab\u00edan diagnosticado con leucemia y que, de todas las opciones de tratamiento que ten\u00eda, la m\u00e1s \u00f3ptima era un ensayo cl\u00ednico que se estaba haciendo en el Hospital Vall d\u2019 Hebron de Barcelona\u2013, cuenta Castillo.<\/p>\n\n\n\n<p>Rodrigo Rojas, por su parte, afirma que efectivamente un m\u00e9dico le habl\u00f3 sobre un estudio cl\u00ednico que realizaba el Hospital Vall d\u2019 Hebron en Barcelona, y que se inscribi\u00f3 para ser parte del proceso. Su trabajo en Lan le permit\u00eda acceder a pasajes baratos para ir y venir. Pero las fechas no coinciden con el relato de su pareja; Rojas Vade dice que su tratamiento en Barcelona fue en 2016, luego de un rechazo a una quimioterapia que lo dej\u00f3 -seg\u00fan \u00e9l- en la UCI.<\/p>\n\n\n\n<p>Los detalles de esa hospitalizaci\u00f3n los contar\u00eda en una entrevista el 14 de enero de 2021 en The Clinic:<\/p>\n\n\n\n<p><em>\u201cMi cuerpo se hizo tira por dentro y por fuera. Ten\u00eda llagas por el tracto g\u00e1strico, el est\u00f3mago, la piel, la boca. No pod\u00eda comer ni tragar. No pod\u00eda dormir. Yo, que normalmente pesaba 77 kilos, sal\u00ed de ah\u00ed pesando 38 kilos. Era tanto el dolor que solo quer\u00eda dormir. Mi familia lo pas\u00f3 muy mal. Los amigos que me iban a ver entraban dos segundos, se pon\u00edan a llorar, me ped\u00edan perd\u00f3n y se iban. Estaba en aislamiento, ten\u00edan que entrar con traje de \u00e9bola, cubiertos de pies a cabeza, porque cualquier infecci\u00f3n iba a ser la muerte segura para m\u00ed. Esa vez estuve 20 d\u00edas en la UCI y ocup\u00e9 una cantidad de recursos impresionante. La cuenta era de $ 370 millones y ah\u00ed empezaron los problemas\u201d.<\/em><\/p>\n\n\n\n<p>Pero Rojas, en la cita de la ma\u00f1ana del 8 de julio con&nbsp;<strong>La Tercera Domingo<\/strong>, de lo \u00fanico que se acordaba era esto:<\/p>\n\n\n\n<p>-Fue de mucho dolor, estuve muy grave. Mis pap\u00e1s lo pasaron p\u00e9simo. Bueno, todos en realidad. Incluso, ni siquiera tengo tantos recuerdos claros de ese momento, porque fue mucho.<\/p>\n\n\n\n<p>Quiz\u00e1s porque intu\u00eda que tendr\u00eda pocos recuerdos es que durante ese tiempo Rojas Vade comenz\u00f3 a escribir un blog donde contaba detalles de su tratamiento. Se llamaba \u201cC\u00e1ncer, realidad sin filtro\u201d, el cual hoy aparece cerrado. Tambi\u00e9n empez\u00f3 a publicar varias fotos en Instagram, donde exhib\u00eda im\u00e1genes de sus hospitalizaciones, ex\u00e1menes y el da\u00f1o en su cuerpo. Siempre las cerraba usando hashtags como \u201ccancerfighter\u201d.<\/p>\n\n\n\n<figure class=\"wp-block-image\"><img decoding=\"async\" src=\"https:\/\/www.latercera.com\/resizer\/YQAHO46gm9ssnusocEk1yGWtgNk=\/800x0\/smart\/cloudfront-us-east-1.images.arcpublishing.com\/copesa\/D2ZAQQN5TFDJPG36OSDKEHUKL4.JPG\" alt=\"\"\/><figcaption>Hasta la semana pasada era posible leer las entradas en las que iba relatando sus dolencias producto de la leucemia.<\/figcaption><\/figure>\n\n\n\n<p>Aunque Castillo tambi\u00e9n recuerda ciertas conductas err\u00e1ticas de su pareja antes de las hospitalizaciones. Por eso, alguna vez dud\u00f3 del diagn\u00f3stico de Rojas:<\/p>\n\n\n\n<p>-Bueno, es lo que \u00e9l dice y habr\u00e1 que creerle lo que \u00e9l transmite -dice.<\/p>\n\n\n\n<p>Despu\u00e9s de ir y venir de Espa\u00f1a durante dos a\u00f1os, Rojas Vade asegura que un d\u00eda se cans\u00f3. En 2019, cuando ya hab\u00eda dejado Latam y se desempe\u00f1aba como tripulante de cabina de Jetsmart, decidi\u00f3 dejar de tratar su leucemia.<\/p>\n\n\n\n<p>\u2013Fue una decisi\u00f3n s\u00faper conversada con mi familia. No s\u00e9 si me doli\u00f3 -agrega Rojas.<\/p>\n\n\n\n<p>Dice que en eso estaba antes del estallido social: sin quimioterapias, pero con reca\u00eddas. Una de ellas justamente en la Cl\u00ednica Alemana, la semana del 18 de octubre de 2019. Explica que hab\u00eda tenido una falla de coagulaci\u00f3n masiva, pero que, tras ser dado de alta el 20 de octubre, sinti\u00f3 que ten\u00eda que ser parte de las protestas.https:\/\/www.youtube.com\/embed\/4p0fQLZ8ZlY?feature=oembed<\/p>\n\n\n\n<p>\u2013Sal\u00ed con un cartel que escrib\u00ed all\u00e1 mismo. Me sali\u00f3 as\u00ed de las v\u00edsceras\u2013 dice.<\/p>\n\n\n\n<p>El cartel dec\u00eda: \u201cNo lucho contra el c\u00e1ncer, lucho para pagar la quimio. Salud digna para Chile\u201d.<\/p>\n\n\n\n<p>Una amiga lo retrat\u00f3 y subi\u00f3 la imagen a su Instagram, con un texto que explicaba su historia m\u00e9dica.<\/p>\n\n\n\n<figure class=\"wp-block-image\"><img decoding=\"async\" src=\"https:\/\/www.latercera.com\/resizer\/qZhtNwNc56k_Kx4EdghdhfoECYI=\/800x0\/smart\/cloudfront-us-east-1.images.arcpublishing.com\/copesa\/EXIURGTBJJC3ZPR2IK74QWOGF4.JPG\" alt=\"\"\/><\/figure>\n\n\n\n<figure class=\"wp-block-image\"><img decoding=\"async\" src=\"https:\/\/www.latercera.com\/resizer\/boVAIexZZ9bzWA21m_NbqdFZNqw=\/800x0\/smart\/cloudfront-us-east-1.images.arcpublishing.com\/copesa\/M6SUXVDLL5EWZGTZV2PHJ7JNWY.jpg\" alt=\"\"\/><figcaption>Este era el texto que acompa\u00f1aba la foto en que Rojas aparece con el cartel sobre el costo de su c\u00e1ncer. Hoy la publicaci\u00f3n no est\u00e1 en su cuenta.<\/figcaption><\/figure>\n\n\n\n<p>La fotograf\u00eda dio vuelta en redes sociales. Muchos le escribieron.&nbsp;<a href=\"https:\/\/www.youtube.com\/watch?v=FsRDO9F31eg&amp;feature=youtu.be\" target=\"_blank\" rel=\"noreferrer noopener\">Uno de ellos fue Francisco Donoso,<\/a>&nbsp;un mueblista de 27 a\u00f1os entonces, que luchaba contra una leucemia mieloide aguda. Quiz\u00e1s por esa coincidencia se hicieron amigos.<\/p>\n\n\n\n<p>-T\u00fa me haces hablar de \u00e9l y me emociono altiro -admite Donoso-, porque es una persona s\u00faper inspiradora. El pelado no sabe si en un mes m\u00e1s va a estar vivo.<\/p>\n\n\n\n<p>En la Cl\u00ednica Alemana, todos los m\u00e9dicos consultados desistieron de participar de este reportaje aduciendo la ley de derechos y deberes del paciente. Esto mismo fue se\u00f1alado por Cl\u00ednica Bupa Santiago.<\/p>\n\n\n\n<h3 class=\"wp-block-heading\"><strong>***<\/strong><\/h3>\n\n\n\n<p>Es jueves 2 de septiembre. Despu\u00e9s de casi dos meses desde la primera entrevista con La Tercera Domingo en el ex Congreso, Rodrigo Rojas Vade se re\u00fane con este medio para aclarar dudas. La cita es en el Good Caf\u00e9, de Santiago Centro.<\/p>\n\n\n\n<p><strong>-\u00bfRecuerdas el nombre del m\u00e9dico que te dijo que ten\u00edas leucemia y que deb\u00edas hacerte quimioterapia?<\/strong><\/p>\n\n\n\n<p>-Tendr\u00eda que buscar en el programa m\u00e9dico, pero no me acuerdo del nombre.<\/p>\n\n\n\n<p><strong>-En una entrevista en The Clinic dijiste que despu\u00e9s de estar internado durante 20 d\u00edas en la Cl\u00ednica Alemana, tu cuenta fue de alrededor de 370 millones.<\/strong><\/p>\n\n\n\n<p>-S\u00ed.<\/p>\n\n\n\n<p><strong>-\u00bfAh\u00ed empezaron tus deudas?<\/strong><\/p>\n\n\n\n<p>-S\u00ed.<\/p>\n\n\n\n<p><strong>-\u00bfC\u00f3mo lograste pagar esa cantidad de plata?<\/strong><\/p>\n\n\n\n<p>-Yo ten\u00eda tres seguros.&nbsp;<a href=\"https:\/\/www.youtube.com\/watch?v=bDQJZ3epda8&amp;feature=youtu.be\" target=\"_blank\" rel=\"noreferrer noopener\">Mi cuenta era de 370 millones<\/a>. El seguro complementario me cubr\u00eda el 50%. El de la cl\u00ednica me cubr\u00eda el 25%. Para el resto (unos 92,5 millones) empec\u00e9 a vender mis cosas. Mi departamento en Matucana con Rosas lo vendimos como en 38 millones. Al auto le pudimos sacar unos 17 millones. El saldo (unos 37,5 millones) lo pagaba con la tarjeta.<\/p>\n\n\n\n<p><strong>-Pero tu tipo de leucemia s\u00ed tiene cobertura GES. Tiene un copago del 20%. En una publicaci\u00f3n en redes sociales dijiste que llevabas 62 quimioterapias. Si multiplicamos esa cantidad de quimioterapias por lo que vale una de leucemia, da un total $ 15.726.920. Eso es lo que deber\u00edas haber pagado.<\/strong><\/p>\n\n\n\n<p>-S\u00ed. Pero siempre y cuando el remedio con el que te traten est\u00e9 dentro de la canasta.<\/p>\n\n\n\n<p><strong>-\u00bfNinguno de tus medicamentos entraban en esa canasta?<\/strong><\/p>\n\n\n\n<p>-No.<\/p>\n\n\n\n<p><strong>-La misma tabla de valores indica que el tratamiento completo de leucemia aguda cuesta $ 2.178.000.<\/strong><\/p>\n\n\n\n<p>-S\u00ed. Es para la leucemia linfobl\u00e1stica aguda.<\/p>\n\n\n\n<p><strong>-\u00bfNo tienes ese tipo de leucemia?<\/strong><\/p>\n\n\n\n<p>-No.<\/p>\n\n\n\n<p><strong>-\u00bfC\u00f3mo pudiste pagar los costos de hospedaje en Barcelona, si a\u00fan ten\u00edas esa deuda de la UCI?<\/strong><\/p>\n\n\n\n<p>-Lo que m\u00e1s me ayud\u00f3 fue trabajar en Lan, porque pod\u00eda volar muy barato. Los pasajes a Madrid me sal\u00edan 40 mil. Pero para pagar los arriendos all\u00e1, era a pura l\u00ednea de cr\u00e9dito y tarjeta de cr\u00e9dito.<\/p>\n\n\n\n<p><strong>-\u00bfC\u00f3mo se llama el m\u00e9dico que te trat\u00f3 en el Hospital Vall d\u2019 Hebron.<\/strong><\/p>\n\n\n\n<p>-Emm, es Josep&#8230; lo tengo aqu\u00ed. D\u00e9jame buscarlo, es el Pelao Josep.<\/p>\n\n\n\n<p><strong>-\u00bfAbandonaste el tratamiento quimioterap\u00e9utico contra la leucemia?<\/strong><\/p>\n\n\n\n<p>-No sigo.<\/p>\n\n\n\n<h5 class=\"wp-block-heading\"><small>M\u00e1s sobre<a href=\"https:\/\/www.latercera.com\/etiqueta\/lt-domingo\">&nbsp;LT Domingo<\/a><\/small><\/h5>\n\n\n\n<ul class=\"wp-block-list\"><li><a href=\"https:\/\/www.latercera.com\/la-tercera-domingo\/noticia\/james-clapper-no-creo-que-en-washington-necesitaran-de-un-papel-que-dijera-que-el-gobierno-afgano-no-era-viable\/7G4RHV7YVRHMBIEFSBL6LIUOFU\/\">James Clapper: \u201cNo creo que en Washington necesitaran de un papel que dijera que el gobierno afgano no era viable\u201d<time datetime=\"Sat Sep 04 2021 23:56:27 GMT-0400 (hora est\u00e1ndar de Chile)\"><small>HACE 9 HORAS<\/small><\/time><\/a><\/li><li><a href=\"https:\/\/www.latercera.com\/la-tercera-domingo\/noticia\/facundo-manes-neurocientifico-vivimos-una-crisis-de-empatia-en-una-escala-sin-precedentes\/AQPECZHYLZHL7BYDCLUNVKX57I\/\">Facundo Manes, neurocient\u00edfico: \u201cVivimos una crisis de empat\u00eda en una escala sin precedentes\u201d<time datetime=\"Sat Sep 04 2021 23:56:02 GMT-0400 (hora est\u00e1ndar de Chile)\"><small>HACE 9 HORAS<\/small><\/time><\/a><\/li><li><a href=\"https:\/\/www.latercera.com\/la-tercera-domingo\/noticia\/maria-teresa-ruiz-vivimos-al-lado-de-una-estrella-el-sol-y-sabemos-muy-poco-sobre-el\/SRI7DSG7RVG7DB3KMNLSL6W2IQ\/\">Mar\u00eda Teresa Ruiz: \u201cVivimos al lado de una estrella, el sol, y sabemos muy poco sobre \u00e9l\u201d<time datetime=\"Sat Sep 04 2021 23:55:37 GMT-0400 (hora est\u00e1ndar de Chile)\"><small>HACE 9 HORAS<\/small><\/time><\/a><\/li><\/ul>\n\n\n\n<p><strong>-Cinco m\u00e9dicos consultados dicen que altamente improbable que alguien sobreviva a una leucemia aguda sin tratamiento. Ni siquiera un mes. \u00bfC\u00f3mo lo explicas?<\/strong><\/p>\n\n\n\n<p>-Lo que siempre le digo a mi doctor del ensayo cl\u00ednico es que yo creo que el tratamiento funcion\u00f3.<\/p>\n\n\n\n<p><strong>-\u00bfAlg\u00fan doctor te ha dicho que te recuperaste de la leucemia o que entr\u00f3 en remisi\u00f3n?<\/strong><\/p>\n\n\n\n<p>-Ninguno. Tampoco lo he buscado.<\/p>\n\n\n\n<p><strong>-\u00bfNo has vuelto a preguntarle a tu m\u00e9dico que te diagnostic\u00f3 la leucemia?<\/strong><\/p>\n\n\n\n<p>-No.<\/p>\n\n\n\n<p><strong>-\u00bfEs verdad que tienes leucemia?<\/strong><\/p>\n\n\n\n<p>-S\u00ed, es verdad.<\/p>\n\n\n\n<p><strong>-En Vall d\u2019 Hebron explican que ese estudio no era oncol\u00f3gico, sino que hematol\u00f3gico.<\/strong><\/p>\n\n\n\n<p>-Era hematol\u00f3gico.<\/p>\n\n\n\n<p><strong>&#8211; O sea, \u00bfno tienes c\u00e1ncer?<\/strong><\/p>\n\n\n\n<p>-Se supone&#8230; Es que&#8230; Mira, no. Es que&#8230; No, no tengo.<\/p>\n\n\n\n<h3 class=\"wp-block-heading\"><strong>***<\/strong><\/h3>\n\n\n\n<p>Despu\u00e9s del 18 de octubre, Rodrigo Rojas Vade se transform\u00f3 en un \u00edcono de Plaza Baquedano. Un amigo que conoci\u00f3 ah\u00ed, Mauricio Men\u00e9ndez, cree que \u00e9l representaba un s\u00edmbolo de lucha:<\/p>\n\n\n\n<p>-La gente se acercaba a \u00e9l como se acercan a una figura religiosa. Era como un santo de la primera l\u00ednea.<\/p>\n\n\n\n<figure class=\"wp-block-image\"><img decoding=\"async\" src=\"https:\/\/www.latercera.com\/resizer\/aI8x3N5StomRB-ejtzxH8dI0meY=\/800x0\/smart\/cloudfront-us-east-1.images.arcpublishing.com\/copesa\/SXRK4U6U4NFQXNI5R3GLXKUTOA.png\" alt=\"\"\/><\/figure>\n\n\n\n<p>Rojas iba a protestar cada viernes con el torso desnudo, sin cejas ni pelo en su rostro y cabeza. A veces, en sus parietales se pegaba parches con frases escritas. Algunos dec\u00edan \u201cjusticia\u201d. Otros \u201cgrita libertad hasta que sangre tu garganta\u201d. Tambi\u00e9n iba con mascarilla quir\u00fargica -antes del Covid- y mostrando su cat\u00e9ter pegado a un costado del pecho. Eso, explica una enfermera oncol\u00f3gica, era extra\u00f1o:<\/p>\n\n\n\n<p>-Es muy raro que est\u00e9 con un \u201ccat\u00e9ter central\u201d al aire, porque el riesgo de infecciones es alt\u00edsimo. Las cl\u00ednicas ponen un cat\u00e9ter reservorio que va por debajo de la piel y se pincha solo cuando se hace una quimio. No se mandan para la casa con esas mangueras colgando.<\/p>\n\n\n\n<p>Ese aspecto f\u00edsico y la disposici\u00f3n de siempre estar adelante, como enfrentando a los carros lanzagua y las lacrim\u00f3genas de Carabineros, era lo que m\u00e1s llamaba la atenci\u00f3n de los manifestantes. Hasta que apareci\u00f3 la foto del 20 de noviembre de 2019.<\/p>\n\n\n\n<p>En la imagen, que Rojas Vade public\u00f3 en sus redes sociales, se lo ve a \u00e9l caminando en el Parque Forestal y a un carabinero, detr\u00e1s, levantando su luma a punto de golpearlo por la espalda.<\/p>\n\n\n\n<p>No mucho despu\u00e9s comenzaron las entrevistas. En una de las primeras que registra, de enero de 2020, dijo al canal de YouTube Assmar TV: \u201cEl c\u00e1ncer es una enfermedad aceptada, a diferencia de otras enfermedades. Porque genera una cierta empat\u00eda, pero tambi\u00e9n hay mucho desconocimiento\u201d.<\/p>\n\n\n\n<p>Tras el triunfo del Apruebo el 25 de octubre de 2020, Rodrigo Rojas fue a Plaza Baquedano a celebrar. En medio de una multitud que lo rodeaba y fotografiaba, tom\u00f3 una bengala roja y la encendi\u00f3 mientras otro manifestante le levantaba un brazo en se\u00f1al de victoria. Poco despu\u00e9s se transform\u00f3 en uno de los fundadores de la Lista del Pueblo: una agrupaci\u00f3n de independientes de izquierda que buscaba competir en las elecciones de la Convenci\u00f3n Constitucional. Rojas compiti\u00f3 por el distrito 13, que abarca las comunas de San Miguel, Pedro Aguirre Cerda, El Bosque, La Cisterna, San Ram\u00f3n y Lo Espejo.<\/p>\n\n\n\n<p>Durante la campa\u00f1a, siempre habl\u00f3 de su enfermedad. El 10 de abril, por ejemplo, conversando con gente del canal de YouTube&nbsp;<a href=\"https:\/\/www.youtube.com\/watch?v=p-E1wZ8D5fE&amp;feature=youtu.be\" target=\"_blank\" rel=\"noreferrer noopener\">Con todo si no PAC ke, cont\u00f3 que su \u00fanico superpoder era \u201cbueno, tener c\u00e1ncer y seguir vivo\u201d<\/a>. Tambi\u00e9n lo hizo en sus spots de campa\u00f1a. Para uno, publicado en noviembre de 2020, grab\u00f3 una conversaci\u00f3n con Francisco Donoso, el sobreviviente de leucemia que conoci\u00f3 en las marchas. En un momento del video, cuando hablan sobre qu\u00e9 tipo de gente deber\u00eda ir a la Convenci\u00f3n, Donoso dice: \u201cQueremos que sea gente que viva lo que nosotros pasamos\u201d. Rojas le respondi\u00f3: \u201cQu\u00e9 importante lo que dices, que sea alguien que lo haya vivido\u201d.<\/p>\n\n\n\n<p>Tras presentar, entre otros problemas, diferencias con el equipo de la Cl\u00ednica Alemana, Rojas Vade decidi\u00f3 atenderse en la Cl\u00ednica Bupa de La Florida. All\u00e1 se dieron cuenta de que algo no estaba bien con este paciente. A finales de 2020, cuentan fuentes que conocieron lo ocurrido, un m\u00e9dico present\u00f3 el caso de Rojas ante el comit\u00e9 de \u00e9tica asistencial. Su situaci\u00f3n se hab\u00eda convertido en algo que complicaba a la cl\u00ednica, describe la misma fuente.<\/p>\n\n\n\n<p>Nadie de Cl\u00ednica Bupa acept\u00f3 participar de este reportaje.<\/p>\n\n\n\n<p>El tema es que, hasta entonces, esas alertas m\u00e9dicas s\u00f3lo exist\u00edan al interior del establecimiento cl\u00ednico. Porque el 16 de mayo de 2021, Rodrigo Rojas Vade sali\u00f3 electo como uno de los 27 constituyentes de la Lista del Pueblo por el distrito 13, con el 8,4% de los votos: 19.312 personas confiaron en \u00e9l y su historia dentro de las urnas.<\/p>\n\n\n\n<figure class=\"wp-block-image\"><img decoding=\"async\" src=\"https:\/\/www.latercera.com\/resizer\/kQFZiqkpE5Nxh4gWXTjXHOXv_lU=\/800x0\/smart\/cloudfront-us-east-1.images.arcpublishing.com\/copesa\/CAAZMVTBBVGBRGG55ORVGPRNI4.jpg\" alt=\"\"\/><\/figure>\n\n\n\n<p>Como autoridad electa, tuvo que realizar su declaraci\u00f3n de intereses. En ella sincer\u00f3 que ten\u00eda una deuda de $ 27 millones con el banco Scotiabank. La raz\u00f3n que dio en el documento p\u00fablico era \u201cdeuda bancaria corresponde a financiamiento de tratamiento quimioterap\u00e9utico contra el c\u00e1ncer\u201d.<\/p>\n\n\n\n<p>A poco andar la Convenci\u00f3n, Rodrigo Rojas asumi\u00f3 como uno de los siete vicepresidentes de la mesa directiva. Pese a haberse convertido en un pol\u00edtico de tiempo completo, la ciudadan\u00eda segu\u00eda creyendo en \u00e9l, vi\u00e9ndolo como alguien distinto, dice Francisco Donoso:<\/p>\n\n\n\n<p>-El pelado tiene algo especial, es muy transparente. No esconde nada. Aunque pueda quedar mal con alguien, te lo dice. Yo por eso creo tanto en \u00e9l, porque ha sido la \u00fanica persona que a m\u00ed no me ha decepcionado.<\/p>\n\n\n\n<h3 class=\"wp-block-heading\"><strong>***<\/strong><\/h3>\n\n\n\n<p>La calle Dr. S\u00f3tero del R\u00edo est\u00e1 oscura. Es el jueves 2 de septiembre, a las 19.00. Los caf\u00e9s cierran, la gente regresa a sus casas y Rodrigo Rojas Vade se sienta en una banca.<\/p>\n\n\n\n<p><strong>-\u00bfLe mentiste a la gente?<\/strong><\/p>\n\n\n\n<p>-Es complicado.<\/p>\n\n\n\n<p><strong>-\u00bfLes mentiste a tus votantes?<\/strong><\/p>\n\n\n\n<p>-(Asiente). S\u00ed poh.<\/p>\n\n\n\n<p>Rodrigo Rojas Vade, con la cabeza gacha, hace una pausa.<\/p>\n\n\n\n<p>-Efectivamente, mi enfermedad de base no es c\u00e1ncer, como ya les hab\u00edan confirmado otras personas.<\/p>\n\n\n\n<p><strong>-\u00bfLes pedir\u00edas perd\u00f3n a tus votantes?<\/strong><\/p>\n\n\n\n<p>-S\u00ed. Siento que me tengo que retirar. No tengo nada m\u00e1s que hacer en la Convenci\u00f3n.<\/p>\n\n\n\n<p><strong>-\u00bfVas a renunciar entonces?<\/strong><\/p>\n\n\n\n<p>-No lo s\u00e9. Estoy en una situaci\u00f3n compleja.<\/p>\n\n\n\n<p><strong>-Si tu enfermedad no es c\u00e1ncer, \u00bfpor qu\u00e9 elegiste decir que ten\u00edas esa?<\/strong><\/p>\n\n\n\n<p>-Porque es la que m\u00e1s se parece en cuanto a gastos, a c\u00f3mo se comporta.<\/p>\n\n\n\n<p><strong>-Parte importante de tu campa\u00f1a para el cupo de convencional se sostuvo sobre tu historia de lucha contra el c\u00e1ncer. En uno de tus videos apareces con Francisco Donoso, que s\u00ed sobrevivi\u00f3 a la leucemia. \u00bfNo sientes que traicionaste confianzas como la de \u00e9l?<\/strong><\/p>\n\n\n\n<p>-S\u00ed, en cierto punto s\u00ed. Pero siento que la empat\u00eda y el cari\u00f1o es fidedigno. Porque si bien el diagn\u00f3stico no es el mismo, el sentir s\u00ed es el mismo. Pero s\u00ed, me equivoqu\u00e9 con eso.<\/p>\n\n\n\n<p><strong>-\u00bfQu\u00e9 te gustar\u00eda decirle a la gente que vot\u00f3 por ti, que crey\u00f3 en ti?<\/strong><\/p>\n\n\n\n<p>-Que efectivamente he sido un paciente hospitalario. Quiz\u00e1s lo siga siendo. En completa humildad, probablemente comet\u00ed el mayor error de mi vida. Pero siento que sus sentires tambi\u00e9n fueron escuchados a trav\u00e9s de ese error.<\/p>\n\n\n\n<p><strong>-\u00bfCu\u00e1ndo pensabas enfrentar esto?<\/strong><\/p>\n\n\n\n<p>-Cuando llegara mi momento de partida. Cuando dejara la pega hecha.<\/p>\n\n\n\n<p><strong>-\u00bfIbas a decirlo cuando terminara la Convenci\u00f3n?<\/strong><\/p>\n\n\n\n<p>-No s\u00e9 si iba a tener oportunidad para decirlo, pero s\u00ed.<\/p>\n\n\n\n<p><strong>-\u00bfPensabas que esto podr\u00eda pasar?<\/strong><\/p>\n\n\n\n<p>-No. Nunca lo pens\u00e9.<\/p>\n\n\n\n<p>Rodrigo Rojas Vade pide un cigarro, pero nadie tiene. Habla en voz baja sobre lo que viene para \u00e9l: contarles a su pareja, a su familia y las implicancias legales de su enga\u00f1o. Cada tanto repite la misma palabra: \u201cEs complejo\u201d.<\/p>\n\n\n\n<p>A las 19.45 la entrevista termina. Rodrigo Rojas Vade queda solo y comienza el regreso a su casa en Pomaire. All\u00e1, luego de 14 a\u00f1os juntos, le contar\u00eda la verdad a Claudio Castillo, quien, luego de enterarse, envi\u00f3 este mensaje a LT Domingo:<\/p>\n\n\n\n<p>\u201cDentro de todo, lo mejor\u2026 es que no se va a morir. No de c\u00e1ncer\u201d.<\/p>\n\n\n\n<hr class=\"wp-block-separator\"\/>\n\n\n\n<h2 class=\"wp-block-heading\">* Reacci\u00f3n de Rojas Vade<\/h2>\n\n\n\n<p>Casi a las 18.00 horas, el convencional Rodrigo Rojas Vade se vio obligado a publicar en su cuenta de Instagram un comunicado para referirse a este reportaje de LT Domingo. La publicaci\u00f3n parte as\u00ed: \u201cQuiero decir la verdad, mi verdad, porque ya no puedo ni quiero sostener esto. La enfermedad que yo tengo no es c\u00e1ncer, es un diagn\u00f3stico que no pude reconocer hace ocho a\u00f1os por el estigma que tiene la sociedad sobre \u00e9l\u201d.<\/p>\n\n\n\n<p>En ese mismo comunicado, que iba acompa\u00f1ado de un video, el convencional agreg\u00f3 lo siguiente: \u201cCuando tenia 29 a\u00f1os, me notificaron que padec\u00eda de una enfermedad discriminada en este pa\u00eds, en ese momento se me cay\u00f3 el mundo, pens\u00e9 que mis seres queridos me iban a rechazar, sent\u00ed mucha verg\u00fcenza y dolor por el da\u00f1o que podr\u00eda traerle a ellos una noticia, que en ese tiempo era muy mal vista. Desde mi inmadurez y la vida dif\u00edcil que he tenido, no fui capas de afrentar esto con honestidad y decir la verdad de mi diagn\u00f3stico. Diciendo que mi enfermedad era c\u00e1ncer y no la enfermedad que realmente tengo hasta el d\u00eda de hoy\u201d.<\/p>\n\n\n\n<p>\u201dHoy quiero ser honesto, transparente y hacerme cargo de las consecuencias\u201d, agreg\u00f3 Rojas.<\/p>\n\n\n\n<figure class=\"wp-block-embed\"><div class=\"wp-block-embed__wrapper\">\nhttps:\/\/www.latercera.com\/la-tercera-domingo\/noticia\/rojas-vade-admite-que-no-tiene-cancer-siento-que-me-tengo-que-retirar-de-la-convencion\/6M4MJHN6KZGGLKLJMMTDUBDAJY\/\n<\/div><\/figure>\n","protected":false},"excerpt":{"rendered":"<p>Paz Radovic&nbsp;y&nbsp;Andrew Chernin Pas\u00f3 de ser un manifestante an\u00f3nimo en Plaza Baquedano a uno de los vicepresidentes de la constituyente. Todo, sobre la base de su historia: una lucha contra el c\u00e1ncer&#8230;<\/p>\n","protected":false},"author":1,"featured_media":1001,"comment_status":"closed","ping_status":"closed","sticky":false,"template":"","format":"standard","meta":{"footnotes":""},"categories":[7],"tags":[],"class_list":["post-986","post","type-post","status-publish","format-standard","has-post-thumbnail","hentry","category-noticias"],"_links":{"self":[{"href":"https:\/\/santonews.cl\/index.php?rest_route=\/wp\/v2\/posts\/986","targetHints":{"allow":["GET"]}}],"collection":[{"href":"https:\/\/santonews.cl\/index.php?rest_route=\/wp\/v2\/posts"}],"about":[{"href":"https:\/\/santonews.cl\/index.php?rest_route=\/wp\/v2\/types\/post"}],"author":[{"embeddable":true,"href":"https:\/\/santonews.cl\/index.php?rest_route=\/wp\/v2\/users\/1"}],"replies":[{"embeddable":true,"href":"https:\/\/santonews.cl\/index.php?rest_route=%2Fwp%2Fv2%2Fcomments&post=986"}],"version-history":[{"count":2,"href":"https:\/\/santonews.cl\/index.php?rest_route=\/wp\/v2\/posts\/986\/revisions"}],"predecessor-version":[{"id":1002,"href":"https:\/\/santonews.cl\/index.php?rest_route=\/wp\/v2\/posts\/986\/revisions\/1002"}],"wp:featuredmedia":[{"embeddable":true,"href":"https:\/\/santonews.cl\/index.php?rest_route=\/wp\/v2\/media\/1001"}],"wp:attachment":[{"href":"https:\/\/santonews.cl\/index.php?rest_route=%2Fwp%2Fv2%2Fmedia&parent=986"}],"wp:term":[{"taxonomy":"category","embeddable":true,"href":"https:\/\/santonews.cl\/index.php?rest_route=%2Fwp%2Fv2%2Fcategories&post=986"},{"taxonomy":"post_tag","embeddable":true,"href":"https:\/\/santonews.cl\/index.php?rest_route=%2Fwp%2Fv2%2Ftags&post=986"}],"curies":[{"name":"wp","href":"https:\/\/api.w.org\/{rel}","templated":true}]}}