{"id":969,"date":"2021-08-21T17:04:32","date_gmt":"2021-08-21T17:04:32","guid":{"rendered":"https:\/\/santonews.cl\/?p=969"},"modified":"2021-08-21T17:04:34","modified_gmt":"2021-08-21T17:04:34","slug":"alcaldes-de-la-provincia-de-san-antonio-se-reunieron-con-gobernador-rodrigo-mundaca-para-dar-cuenta-de-situacion-y-necesidades-de-la-zona","status":"publish","type":"post","link":"https:\/\/santonews.cl\/?p=969","title":{"rendered":"Alcaldes de la Provincia de San Antonio se reunieron con Gobernador Rodrigo Mundaca para dar cuenta de situaci\u00f3n y necesidades de la zona"},"content":{"rendered":"\n<p><\/p>\n\n\n\n<figure class=\"wp-block-image\"><img decoding=\"async\" src=\"https:\/\/i1.wp.com\/g5noticias.cl\/wp-content\/uploads\/2021\/08\/WhatsApp-Image-2021-08-18-at-19.38.55.jpeg?fit=800%2C533&amp;ssl=1\" alt=\"\"\/><\/figure>\n\n\n\n<p>En el Municipio de El Tabo se dieron cita el gobernador regional de Valpara\u00edso, Rodrigo Mundaca, con los alcaldes de la Provincia de San Antonio, Alfonso Mu\u00f1oz de El Tabo; Jos\u00e9 Luis Y\u00e1\u00f1ez de Algarrobo; Jos\u00e9 Jofr\u00e9 de El Quisco y representantes de la comuna de Santo Domingo, adem\u00e1s de la presencia de los consejeros regionales Roy Crichton y Jorge Mora.<\/p>\n\n\n\n<p>En la oportunidad, las autoridades comunales pudieron dar cuenta al gobernador sobre los desaf\u00edos y carencias de la provincia, donde cuentan con problem\u00e1ticas relacionadas al agua y certeza h\u00eddrica a la comunidad, como tambi\u00e9n sobre la regularizaci\u00f3n de loteos, intervenci\u00f3n del borde costero y la situaci\u00f3n de los alcantarillados, entre otros.<\/p>\n\n\n\n<p>Al respecto, Rodrigo Mundaca, gobernador regional de Valpara\u00edso, destac\u00f3 la instancia, relevando la importancia de constatar en el lugar las necesidades de los territorios. \u00abEl Gobierno Regional est\u00e1 permanentemente en terreno, conversando con los alcaldes, conociendo in situ cu\u00e1les son sus demandas y requerimientos\u201d. Mundaca tambi\u00e9n tuvo palabras para los consejeros regionales presentes, con quienes \u201cMe toca trabajar, a prop\u00f3sito que tenemos iniciativa presupuestaria, pol\u00edtica, y con ellos -junto a otros 26 consejeros- tenemos la tarea de darle prioridad a la inversi\u00f3n p\u00fablica regional\u201d.<\/p>\n\n\n\n<figure class=\"wp-block-embed is-type-rich is-provider-incrustar-controlador wp-block-embed-incrustar-controlador\"><div class=\"wp-block-embed__wrapper\">\nhttps:\/\/youtube.com\/watch?v=Jm5epAeDJCI%3Ffeature%3Doembed\n<\/div><\/figure>\n\n\n\n<p>Por su parte, Alfonso Mu\u00f1oz, alcalde de El Tabo, resalt\u00f3 la importancia de contar con la autoridad regional en la comuna, aludiendo que la provincia de San Antonio ha sido \u2018hist\u00f3ricamente abandonada\u2019. Con lo anterior, indic\u00f3 que \u00abHoy creemos que con una autoridad elegida democr\u00e1ticamente en el Gobierno Regional esperamos tener un trato diferente, un trato justo, por eso es importante esta reuni\u00f3n, donde cada uno de los alcaldes de la provincia hemos planteado nuestras inquietudes, nuestras necesidades -muchas de ellas transversales- y el Gobierno ha manifestado su disposici\u00f3n a trabajar en terreno para ir buscando en la medida que se pueda -de acuerdo a los recursos, a las planificaciones- para abordar los problemas de la comunidad que se demandan en el d\u00eda a d\u00eda\u00bb.<\/p>\n\n\n\n<figure class=\"wp-block-image\"><img decoding=\"async\" src=\"https:\/\/i1.wp.com\/g5noticias.cl\/wp-content\/uploads\/2021\/08\/WhatsApp-Image-2021-08-18-at-19.38.57.jpeg?resize=300%2C200&amp;ssl=1\" alt=\"\" class=\"wp-image-158229\"\/><\/figure>\n\n\n\n<figure class=\"wp-block-image\"><img decoding=\"async\" src=\"https:\/\/i0.wp.com\/g5noticias.cl\/wp-content\/uploads\/2021\/08\/WhatsApp-Image-2021-08-18-at-19.38.56-1.jpeg?resize=300%2C200&amp;ssl=1\" alt=\"\" class=\"wp-image-158230\"\/><\/figure>\n\n\n\n<figure class=\"wp-block-image\"><img decoding=\"async\" src=\"https:\/\/i1.wp.com\/g5noticias.cl\/wp-content\/uploads\/2021\/08\/WhatsApp-Image-2021-08-18-at-19.38.56.jpeg?resize=300%2C200&amp;ssl=1\" alt=\"\" class=\"wp-image-158231\"\/><\/figure>\n\n\n\n<figure class=\"wp-block-image\"><img decoding=\"async\" src=\"https:\/\/i0.wp.com\/g5noticias.cl\/wp-content\/uploads\/2021\/08\/WhatsApp-Image-2021-08-18-at-19.38.54.jpeg?resize=300%2C200&amp;ssl=1\" alt=\"\" class=\"wp-image-158233\"\/><\/figure>\n\n\n\n<h3 class=\"wp-block-heading\">Visita a la comuna de Cartagena<\/h3>\n\n\n\n<p>Posterior a la reuni\u00f3n, el gobernador regional se reuni\u00f3 con Rodrigo Garc\u00eda, alcalde de Cartagena, en el sector de Lo Abarca, donde pudo constatar la construcci\u00f3n de piscinas decantadoras en el lugar, destinadas a proveer agua de pozo limpia a la comunidad.<\/p>\n\n\n\n<p>Sobre el tema, la m\u00e1xima autoridad regional se\u00f1al\u00f3 que \u00abEl municipio tuvo una mirada visionaria de comprar este predio de m\u00e1s de dos hect\u00e1reas donde se descubri\u00f3 una fuente de agua, y hoy \u00e9sta ser\u00e1 sometida a un sistema de trasvasije de tres piscinas para decantar los metales pesados y poner esa agua a disposici\u00f3n de su comunidad\u00bb<\/p>\n\n\n\n<p>Finalmente, Rodrigo Garc\u00eda, alcalde de Cartagena, profundiz\u00f3 sobre la crisis h\u00eddrica actual, que no es ajena a la provincia de San Antonio, toda vez que \u00abAqu\u00ed estamos con un problema de escasez h\u00eddrica complejo, y la verdad es que hoy los pozos est\u00e1n secos, y los que tienen agua est\u00e1n contaminados, y la verdad es que hoy d\u00eda las personas requieren una soluci\u00f3n, porque los camiones aljibes no lo son, y tenemos estas piscinas decantadoras que podr\u00e1n ser un alivio para este sector de Lo Abarca que es un tremendo potencial gastron\u00f3mico y tur\u00edstico, que por supuesto las personas merecen tener un agua como corresponde para su consumo\u00bb<\/p>\n\n\n\n<p><\/p>\n\n\n\n<figure class=\"wp-block-embed is-type-video is-provider-youtube wp-block-embed-youtube wp-embed-aspect-16-9 wp-has-aspect-ratio\"><div class=\"wp-block-embed__wrapper\">\n<iframe loading=\"lazy\" title=\"Alcaldes de la Provincia de San Antonio se reunieron con Gobernador Rodrigo Mundaca\" width=\"640\" height=\"360\" src=\"https:\/\/www.youtube.com\/embed\/Jm5epAeDJCI?feature=oembed\" frameborder=\"0\" allow=\"accelerometer; autoplay; clipboard-write; encrypted-media; gyroscope; picture-in-picture; web-share\" referrerpolicy=\"strict-origin-when-cross-origin\" allowfullscreen><\/iframe>\n<\/div><\/figure>\n\n\n\n<p><\/p>\n\n\n\n<p><\/p>\n\n\n\n<p>fuente:https:\/\/g5noticias.cl\/2021\/08\/18\/alcaldes-de-la-provincia-de-san-antonio-se-reunieron-con-gobernador-rodrigo-mundaca-para-dar-cuenta-de-situacion-y-necesidades-de-la-zona\/<\/p>\n","protected":false},"excerpt":{"rendered":"<p>En el Municipio de El Tabo se dieron cita el gobernador regional de Valpara\u00edso, Rodrigo Mundaca, con los alcaldes de la Provincia de San Antonio, Alfonso Mu\u00f1oz de El Tabo; Jos\u00e9 Luis&#8230;<\/p>\n","protected":false},"author":1,"featured_media":0,"comment_status":"closed","ping_status":"closed","sticky":false,"template":"","format":"standard","meta":{"footnotes":""},"categories":[7],"tags":[],"class_list":["post-969","post","type-post","status-publish","format-standard","hentry","category-noticias"],"_links":{"self":[{"href":"https:\/\/santonews.cl\/index.php?rest_route=\/wp\/v2\/posts\/969","targetHints":{"allow":["GET"]}}],"collection":[{"href":"https:\/\/santonews.cl\/index.php?rest_route=\/wp\/v2\/posts"}],"about":[{"href":"https:\/\/santonews.cl\/index.php?rest_route=\/wp\/v2\/types\/post"}],"author":[{"embeddable":true,"href":"https:\/\/santonews.cl\/index.php?rest_route=\/wp\/v2\/users\/1"}],"replies":[{"embeddable":true,"href":"https:\/\/santonews.cl\/index.php?rest_route=%2Fwp%2Fv2%2Fcomments&post=969"}],"version-history":[{"count":1,"href":"https:\/\/santonews.cl\/index.php?rest_route=\/wp\/v2\/posts\/969\/revisions"}],"predecessor-version":[{"id":971,"href":"https:\/\/santonews.cl\/index.php?rest_route=\/wp\/v2\/posts\/969\/revisions\/971"}],"wp:attachment":[{"href":"https:\/\/santonews.cl\/index.php?rest_route=%2Fwp%2Fv2%2Fmedia&parent=969"}],"wp:term":[{"taxonomy":"category","embeddable":true,"href":"https:\/\/santonews.cl\/index.php?rest_route=%2Fwp%2Fv2%2Fcategories&post=969"},{"taxonomy":"post_tag","embeddable":true,"href":"https:\/\/santonews.cl\/index.php?rest_route=%2Fwp%2Fv2%2Ftags&post=969"}],"curies":[{"name":"wp","href":"https:\/\/api.w.org\/{rel}","templated":true}]}}