{"id":898,"date":"2021-07-18T13:54:27","date_gmt":"2021-07-18T13:54:27","guid":{"rendered":"https:\/\/santonews.cl\/?p=898"},"modified":"2021-07-18T13:54:29","modified_gmt":"2021-07-18T13:54:29","slug":"convencional-por-santodomingo-raul-celis-choco-en-accidente-de-transito","status":"publish","type":"post","link":"https:\/\/santonews.cl\/?p=898","title":{"rendered":"Convencional  por #SantoDomingo , Ra\u00fal Celis choc\u00f3 en accidente de tr\u00e1nsito."},"content":{"rendered":"\n<p>El constituyente de Renovaci\u00f3n Nacional se dirig\u00eda a Santiago en su veh\u00edculo particular.<\/p>\n\n\n\n<p><\/p>\n\n\n\n<p>La ma\u00f1ana de este martes el convencional constituyente&nbsp;<strong>Ra\u00fal Celis Montt<\/strong>&nbsp;form\u00f3 parte de un accidente de tr\u00e1nsito m\u00faltiple en la ruta camino a Santiago.<\/p>\n\n\n\n<p>El convencional representante del Distrito Electoral 7 (Algarrobo, Cartagena, Casablanca, Conc\u00f3n, El Quisco, El Tabo, Isla de Pascua, Juan Fern\u00e1ndez, San Antonio, Santo Domingo, Valpara\u00edso, Vi\u00f1a del Mar), se dirig\u00eda a Santiago&nbsp;<strong>cuando su autom\u00f3vil choc\u00f3 con otros veh\u00edculos.<\/strong><\/p>\n\n\n\n<p>En el accidente de tr\u00e1nsito producido en la ruta a la ciudad capitalina,<strong>&nbsp;hubo un total de cinco auto involucrados, considerando el del pol\u00edtico de 58 a\u00f1os.<\/strong><\/p>\n\n\n\n<p>No obstante, el abogado y acad\u00e9mico Ra\u00fal Celis<strong>&nbsp;no termin\u00f3 con secuelas ante la eventualidad en la carretera.<\/strong><\/p>\n\n\n\n<p>Finalmente, el integrante de la&nbsp;<a href=\"https:\/\/www.adnradio.cl\/tag\/convencion-constitucional\/page\/1\/\">Convenci\u00f3n Constitucional<\/a>&nbsp;logr\u00f3 retomar su viaje.<\/p>\n\n\n\n<div class=\"wp-block-image\"><figure class=\"aligncenter is-resized\"><a href=\"https:\/\/assets.adnradio.cl\/2021\/07\/Raul2.png\"><img loading=\"lazy\" decoding=\"async\" src=\"https:\/\/assets.adnradio.cl\/2021\/07\/Raul2.png\" alt=\"Ra\u00fal Celis en accidente de tr\u00e1nsito | ADN\" class=\"wp-image-4830964\" width=\"496\" height=\"663\"\/><\/a><\/figure><\/div>\n\n\n\n<p id=\"caption-attachment-4830964\">Ra\u00fal Celis en accidente de tr\u00e1nsito | ADN<\/p>\n\n\n\n<p>Hay que se\u00f1alar que Celis fue elegido como constituyente con un total de 13.733 votos (4,14%), representando a Renovaci\u00f3n Nacional (RN) en el pacto Vamos por Chile. El pol\u00edtico&nbsp;<strong>fue uno de los miembro fundador de RN.<\/strong><\/p>\n\n\n\n<p>En 2010, asumi\u00f3 como intendente de la regi\u00f3n de Valpara\u00edso durante el primer gobierno de Sebasti\u00e1n Pi\u00f1era.<\/p>\n","protected":false},"excerpt":{"rendered":"<p>El constituyente de Renovaci\u00f3n Nacional se dirig\u00eda a Santiago en su veh\u00edculo particular. La ma\u00f1ana de este martes el convencional constituyente&nbsp;Ra\u00fal Celis Montt&nbsp;form\u00f3 parte de un accidente de tr\u00e1nsito m\u00faltiple en la&#8230;<\/p>\n","protected":false},"author":1,"featured_media":0,"comment_status":"closed","ping_status":"closed","sticky":false,"template":"","format":"standard","meta":{"footnotes":""},"categories":[7],"tags":[],"class_list":["post-898","post","type-post","status-publish","format-standard","hentry","category-noticias"],"_links":{"self":[{"href":"https:\/\/santonews.cl\/index.php?rest_route=\/wp\/v2\/posts\/898","targetHints":{"allow":["GET"]}}],"collection":[{"href":"https:\/\/santonews.cl\/index.php?rest_route=\/wp\/v2\/posts"}],"about":[{"href":"https:\/\/santonews.cl\/index.php?rest_route=\/wp\/v2\/types\/post"}],"author":[{"embeddable":true,"href":"https:\/\/santonews.cl\/index.php?rest_route=\/wp\/v2\/users\/1"}],"replies":[{"embeddable":true,"href":"https:\/\/santonews.cl\/index.php?rest_route=%2Fwp%2Fv2%2Fcomments&post=898"}],"version-history":[{"count":1,"href":"https:\/\/santonews.cl\/index.php?rest_route=\/wp\/v2\/posts\/898\/revisions"}],"predecessor-version":[{"id":899,"href":"https:\/\/santonews.cl\/index.php?rest_route=\/wp\/v2\/posts\/898\/revisions\/899"}],"wp:attachment":[{"href":"https:\/\/santonews.cl\/index.php?rest_route=%2Fwp%2Fv2%2Fmedia&parent=898"}],"wp:term":[{"taxonomy":"category","embeddable":true,"href":"https:\/\/santonews.cl\/index.php?rest_route=%2Fwp%2Fv2%2Fcategories&post=898"},{"taxonomy":"post_tag","embeddable":true,"href":"https:\/\/santonews.cl\/index.php?rest_route=%2Fwp%2Fv2%2Ftags&post=898"}],"curies":[{"name":"wp","href":"https:\/\/api.w.org\/{rel}","templated":true}]}}