{"id":873,"date":"2021-07-06T23:37:42","date_gmt":"2021-07-06T23:37:42","guid":{"rendered":"https:\/\/santonews.cl\/?p=873"},"modified":"2021-07-06T23:48:54","modified_gmt":"2021-07-06T23:48:54","slug":"de-la-provincia-a-cannes","status":"publish","type":"post","link":"https:\/\/santonews.cl\/?p=873","title":{"rendered":"De la Provincia a #Cannes &#8221; ABUELO MIGUEL&#8221; uno de los cincos  dibujos animados chilenos que atraen el inter\u00e9s ante el March\u00e9 du Film de Cannes"},"content":{"rendered":"\n<h1 class=\"wp-block-heading\" id=\"section-heading\">Dirigida a los ni\u00f1os y la familia, &#8220;Grandpa Miguel&#8221; es una comedia colorida y divertida que se terminar\u00e1 a finales de este a\u00f1o.&nbsp;Cecilia Baeriswyl, de Llolleo Creativo.<\/h1>\n\n\n\n<p><a href=\"https:\/\/variety.com\/2021\/film\/festivals\/cannes-marche-du-film-chilean-animation-1235011588\/#\"><\/a><\/p>\n\n\n\n<div class=\"wp-block-image\"><figure class=\"aligncenter\"><img decoding=\"async\" src=\"https:\/\/variety.com\/wp-content\/uploads\/2021\/07\/Granpa-Miguel.jpg?w=681&amp;h=383&amp;crop=1\" alt=\"Abuelo miguel\"\/><figcaption>Llolleo Creativo<\/figcaption><\/figure><\/div>\n\n\n\n<p><\/p>\n\n\n\n<p>En 2002, &#8220;Ogu y Mampato en Rapa Nui&#8221; se convirti\u00f3 en el primer largometraje de animaci\u00f3n de Chile desde la pel\u00edcula muda &#8220;Vida y milagros de Don Fausto&#8221; en 1924. Menos de dos d\u00e9cadas despu\u00e9s, cinco largometrajes chilenos animados en varias etapas de producci\u00f3n se presentan en Cannes. March\u00e9 du Film.<\/p>\n\n\n\n<p>Ese tipo de crecimiento ser\u00eda sorprendente si no reflejara un cambio mayor observado en las industrias de pantallas del pa\u00eds en su conjunto.&nbsp;Hay pocos territorios donde la producci\u00f3n nacional y la coproducci\u00f3n internacional son m\u00e1s vibrantes y emocionantes que Chile, ya sea en live action o animaci\u00f3n, cine o televisi\u00f3n.&nbsp;De hecho, dos a\u00f1os antes de que \u201cUna mujer fant\u00e1stica\u201d de Sebasti\u00e1n Lelio ganara el Oscar a la pel\u00edcula internacional, \u201cBear Story\u201d de Punkrobot se convirti\u00f3 en la primera pel\u00edcula chilena en ganar un Oscar como mejor cortometraje animado de 2016.<\/p>\n\n\n\n<p>El a\u00f1o pasado, \u201cNahuel y el libro m\u00e1gico\u201d fue la tercera pel\u00edcula chilena consecutiva en competir en el Festival de Animaci\u00f3n de Annecy, el festival y mercado de animaci\u00f3n m\u00e1s importante del mundo, despu\u00e9s de \u201cSin hogar\u201d en 2019 y \u201cLa casa del lobo\u201d en 2018.<\/p>\n\n\n\n<h3 class=\"wp-block-heading\">Popular en variedad<\/h3>\n\n\n\n<p>Para la mayor\u00eda de los pa\u00edses con el tama\u00f1o, la historia y los recursos de Chile, cinco pel\u00edculas de dibujos animados en el March\u00e9 du Film ser\u00edan excepcionales.&nbsp;Para Chile, se ha convertido en parte del curso.<\/p>\n\n\n\n<p>A continuaci\u00f3n, las cinco funciones animadas que buscan atraer el inter\u00e9s en el mercado de cine de Cannes de este a\u00f1o.<\/p>\n\n\n\n<p><strong>\u201cAbuelo Miguel\u201d (Tom\u00e1s Montalva)<\/strong><\/p>\n\n\n\n<p>Dirigida a los ni\u00f1os y la familia, &#8220;Grandpa Miguel&#8221; es una comedia colorida y divertida que se terminar\u00e1 a finales de este a\u00f1o.&nbsp;Cecilia Baeriswyl, de Llolleo Creativo, narra la historia del abuelo Miguel, un pescador jubilado que se entera de que le quedan siete d\u00edas de vida.&nbsp;Junto a su olvidadizo amigo Cholo, Miguel esboza su lista de deseos, el m\u00e1s importante de los cuales es reconectarse con su primer amor, Luciana.&nbsp;Mientras los dos se preparan para emprender el viaje a trav\u00e9s del pa\u00eds, el hijo separado de Miguel, Sebasti\u00e1n, aparece buscando enmendar su relaci\u00f3n antes de que sea demasiado tarde y le presenta a Miguel a Julieta, una nieta que nunca supo que ten\u00eda.&nbsp;Con su mejor amigo y su familia a su lado, Miguel se embarca en la odisea de su vida.<\/p>\n\n\n\n<figure class=\"wp-block-table\"><table><tbody><tr><td><em>D\u00cdAS DE ANIMACI\u00d3N<\/em><strong>S\u00c1BADO 10 DE JULIO 2021<\/strong><br>12:00 2h<br><\/td><td><a href=\"https:\/\/www.marchedufilm.com\/projects\/granpa-miguel\/\">ABUELO MIGUEL<\/a><br><strong>T\u00edtulo original:<\/strong>&nbsp;Tata Miguel<br><strong>Dirigida por:<\/strong>&nbsp;Tom\u00e1s Montalva<br><strong>Producido por:<\/strong>&nbsp;Cecilia Baeriswyl (Llolleo Creativo)<\/td><\/tr><tr><td><strong>Compa\u00f1\u00eda:<\/strong>&nbsp;Llolleo Creativo<br><strong>Pa\u00eds:<\/strong>&nbsp;Chile<br><strong>Pa\u00eds de producci\u00f3n:<\/strong>&nbsp;Chile<br><strong>Duraci\u00f3n:<\/strong>&nbsp;80 min<br><strong>Idioma:<\/strong>&nbsp;castellano<br><strong>Completado en:<\/strong>&nbsp;2021<br><strong>Buscando:<\/strong>&nbsp;Financiamiento, Coproductor, Agentes de ventas<\/td><td><strong>Sinopsis<\/strong>&nbsp;:<br>El abuelo Miguel es un pescador jubilado, se entera de que le quedan siete d\u00edas de vida.<br><br>Y su olvidadizo amigo cholo hace una lista de todas las cosas que a\u00fan debe hacer, una de esas cosas es buscar a su primer amor: Luciana.&nbsp;<br>Una aventura por Chile en busca de Luciana, donde las locas historias de Miguel ser\u00e1n protagonistas.<br><strong>P\u00fablico objetivo<\/strong>&nbsp;: Familia<br><strong>Estado del proyecto<\/strong>&nbsp;:&nbsp;<br>En Financiamiento<\/td><\/tr><\/tbody><\/table><figcaption><a href=\"https:\/\/www.marchedufilm.com\/programs\/animation-days\/chile\/\">https:\/\/www.marchedufilm.com\/programs\/animation-days\/chile\/<\/a><\/figcaption><\/figure>\n\n\n\n<p><strong>\u201cUnderground Stories\u201d (Jos\u00e9 Mar\u00eda Gonz\u00e1lez)<\/strong><\/p>\n\n\n\n<p>Un proyecto bien gestado, &#8220;Underground Stories&#8221; es producido por la ex Berlinanle Talent Catalina Victoria Donoso y Cusicanqui de Laika Film &amp; Television de Suecia, quienes lanzaron su coproducci\u00f3n transatl\u00e1ntica en el Festival de Animaci\u00f3n de Annecy el mes pasado.&nbsp;Basada en una novela gr\u00e1fica en blanco y negro, esta funci\u00f3n dibujada a l\u00e1piz en 2D sigue al artista de mediana edad Ariel, quien crea su propio c\u00f3mic para acercarse a su hijo adolescente Franco.&nbsp;El artista dibuja historias de su propia vida durante la brutal dictadura de Pinochet, y le muestra al ni\u00f1o c\u00f3mo todo en su propia vida cambi\u00f3 cuando sus padres acordaron albergar a varias de las personas m\u00e1s buscadas por el r\u00e9gimen, y finalmente albergarlos durante 10 a\u00f1os.&nbsp;La producci\u00f3n est\u00e1 en marcha y ya est\u00e1 terminado un completo libro de arte animado y extenso.&nbsp;La entrega est\u00e1 prevista para 2023.<\/p>\n\n\n\n<figure class=\"wp-block-image\"><img decoding=\"async\" src=\"https:\/\/variety.com\/wp-content\/uploads\/2021\/07\/Underground-stories-Catalina-Victoria-Donoso.jpg?w=1000\" alt=\"Imagen cargada de forma diferida\"\/><figcaption>&#8220;Historias clandestinas&#8221;Laika Cine y Televisi\u00f3n<\/figcaption><\/figure>\n\n\n\n<p><strong>\u201cVena del diablo\u201d (Germ\u00e1n Acu\u00f1a)<\/strong><\/p>\n\n\n\n<p>El \u00faltimo largometraje de Acu\u00f1a, la encantadora historia de fantas\u00eda para ni\u00f1os &#8220;Nahuel y el libro m\u00e1gico&#8221;, fue un \u00e9xito en el Festival de animaci\u00f3n de Annecy en l\u00ednea de 2020 antes de ganar premios en los Premios Quirino, el Festival Chilemonos de Chile y el Festival de premios Anime de Tokio.&nbsp;En Annecy de este a\u00f1o, Acu\u00f1a anunci\u00f3 su pr\u00f3ximo proyecto, &#8221;&nbsp;<a href=\"https:\/\/variety.com\/2021\/film\/festivals\/nahuel-german-acuna-the-devils-vein-1234992447\/\">Devil&#8217;s Vein<\/a>&nbsp;&#8220;.&nbsp;Ambientada en el apogeo del boom minero en el desierto de Atacama de la d\u00e9cada de 1920, la pel\u00edcula sigue a Mercedes, una humilde ni\u00f1a de 16 a\u00f1os que decide robar una misteriosa pieza de oro.&nbsp;Ella espera usarlo para negociar por la vida de su hermano que se ha metido en problemas con el verdadero due\u00f1o del mineral: el diablo bajo el desierto.&nbsp;Sebasti\u00e1n Ruz de Carburadores produce y est\u00e1 en conversaciones con una empresa peruana para coproducir.https:\/\/f5b7a43f7d71b44ee1f49283c7dcf255.safeframe.googlesyndication.com\/safeframe\/1-0-38\/html\/container.html<\/p>\n\n\n\n<figure class=\"wp-block-image\"><img decoding=\"async\" src=\"https:\/\/variety.com\/wp-content\/uploads\/2021\/06\/The-Devil_-concept-art.jpg?w=1000\" alt=\"Imagen cargada de forma diferida\"\/><figcaption>Arte conceptual de &#8220;Devil&#8217;s Vein&#8221;Cr\u00e9dito: Carburadores<\/figcaption><\/figure>\n\n\n\n<p><strong>\u201cUky y Lola en la tierra del fuego\u201d (Fabi\u00e1n Andrade)<\/strong><\/p>\n\n\n\n<p>El director ejecutivo y productor ejecutivo de Wild Bunch Studio, Simon Barrionuevo Duran, est\u00e1 produciendo este largometraje familiar, basado en gran medida en los trabajos de la antrop\u00f3loga Anne Chapman, quien estudi\u00f3 a la gente de Selk&#8217;nam de la Patagonia.&nbsp;En la pel\u00edcula, Uky, un impetuoso joven selk&#8217;nam, y Lola, una aprendiz de cham\u00e1n, se encuentran a s\u00ed mismos responsables del futuro de su pueblo, amenazados por mal\u00e9volos criadores de ovejas que intentan esclavizar a los nativos y reclamar la tierra como suya.&nbsp;Juntos, los dos deben descubrir c\u00f3mo canalizar la magia de los esp\u00edritus locales y resolver la interminable disputa entre el Sol y la Luna.&nbsp;&#8220;Para m\u00ed, la naci\u00f3n Selk&#8217;nam puede ense\u00f1arnos lecciones muy profundas y poderosas que pueden ayudar a dar forma a un futuro mejor&#8221;, dijo Andrade a&nbsp;<em>Variety<\/em>&nbsp;, &#8220;pero tambi\u00e9n una historia de injusticia y muchos fantasmas que exige respuestas&#8221;.<\/p>\n\n\n\n<figure class=\"wp-block-image\"><img decoding=\"async\" src=\"https:\/\/variety.com\/wp-content\/uploads\/2021\/07\/Uky-and-Lola.png?w=1024\" alt=\"Imagen cargada de forma diferida\"\/><figcaption>&#8220;Uky y Lola&#8221;Estudio Wild Bunch<\/figcaption><\/figure>\n\n\n\n<p><strong>\u201cWinnipeg, Semillas de Esperanza\u201d (Elio Quiroga, Be\u00f1at Beitia)<\/strong><\/p>\n\n\n\n<p>Presentado en el Cartoon Movie de este a\u00f1o, &#8220;Winnipeg, Seeds of Hope&#8221; es una coproducci\u00f3n de tres pa\u00edses encabezada por Marianne Mayer-Beckh en El Otro Film en Chile, Antoni Marin Vila en La Ballesta y Ricardo Ramon de Dibulitoon en Espa\u00f1a, y Midralgar ( anteriormente MarmitaFilms) en Francia.&nbsp;Otro drama hist\u00f3rico en 2D, nuevamente adaptado de una popular novela gr\u00e1fica, la pel\u00edcula sigue al viudo V\u00edctor y su hija Julia, dos de los aproximadamente 2.400 refugiados espa\u00f1oles que huyeron a Chile durante la Guerra Civil espa\u00f1ola a bordo del transatl\u00e1ntico SS Winnipeg, fletado por el escritor chileno. Pablo Neruda y los cu\u00e1queros en Par\u00eds.<\/p>\n\n\n\n<figure class=\"wp-block-image\"><img decoding=\"async\" src=\"https:\/\/variety.com\/wp-content\/uploads\/2021\/07\/Winnipeg-Seeds-of-Hope.jpg?w=1000\" alt=\"Imagen cargada de forma diferida\"\/><figcaption>&#8220;Semillas de esperanza de Winnipeg&#8221;Marianne Mayer-Beckh<\/figcaption><\/figure>\n\n\n\n<p><a href=\"https:\/\/variety.com\/2021\/film\/festivals\/cannes-marche-du-film-chilean-animation-1235011588\/\">https:\/\/variety.com\/2021\/film\/festivals\/cannes-marche-du-film-chilean-animation-1235011588\/<\/a><\/p>\n","protected":false},"excerpt":{"rendered":"<p>Dirigida a los ni\u00f1os y la familia, &#8220;Grandpa Miguel&#8221; es una comedia colorida y divertida que se terminar\u00e1 a finales de este a\u00f1o.&nbsp;Cecilia Baeriswyl, de Llolleo Creativo. En 2002, &#8220;Ogu y Mampato&#8230;<\/p>\n","protected":false},"author":1,"featured_media":886,"comment_status":"closed","ping_status":"closed","sticky":false,"template":"","format":"standard","meta":{"footnotes":""},"categories":[7],"tags":[],"class_list":["post-873","post","type-post","status-publish","format-standard","has-post-thumbnail","hentry","category-noticias"],"_links":{"self":[{"href":"https:\/\/santonews.cl\/index.php?rest_route=\/wp\/v2\/posts\/873","targetHints":{"allow":["GET"]}}],"collection":[{"href":"https:\/\/santonews.cl\/index.php?rest_route=\/wp\/v2\/posts"}],"about":[{"href":"https:\/\/santonews.cl\/index.php?rest_route=\/wp\/v2\/types\/post"}],"author":[{"embeddable":true,"href":"https:\/\/santonews.cl\/index.php?rest_route=\/wp\/v2\/users\/1"}],"replies":[{"embeddable":true,"href":"https:\/\/santonews.cl\/index.php?rest_route=%2Fwp%2Fv2%2Fcomments&post=873"}],"version-history":[{"count":7,"href":"https:\/\/santonews.cl\/index.php?rest_route=\/wp\/v2\/posts\/873\/revisions"}],"predecessor-version":[{"id":885,"href":"https:\/\/santonews.cl\/index.php?rest_route=\/wp\/v2\/posts\/873\/revisions\/885"}],"wp:featuredmedia":[{"embeddable":true,"href":"https:\/\/santonews.cl\/index.php?rest_route=\/wp\/v2\/media\/886"}],"wp:attachment":[{"href":"https:\/\/santonews.cl\/index.php?rest_route=%2Fwp%2Fv2%2Fmedia&parent=873"}],"wp:term":[{"taxonomy":"category","embeddable":true,"href":"https:\/\/santonews.cl\/index.php?rest_route=%2Fwp%2Fv2%2Fcategories&post=873"},{"taxonomy":"post_tag","embeddable":true,"href":"https:\/\/santonews.cl\/index.php?rest_route=%2Fwp%2Fv2%2Ftags&post=873"}],"curies":[{"name":"wp","href":"https:\/\/api.w.org\/{rel}","templated":true}]}}