{"id":868,"date":"2021-07-04T16:19:44","date_gmt":"2021-07-04T16:19:44","guid":{"rendered":"https:\/\/santonews.cl\/?p=868"},"modified":"2021-07-04T16:24:02","modified_gmt":"2021-07-04T16:24:02","slug":"348-mil-hectareas-de-alto-valor-ecologico-no-estan-protegidas-en-valparaiso-y-rm","status":"publish","type":"post","link":"https:\/\/santonews.cl\/?p=868","title":{"rendered":"348 mil hect\u00e1reas de alto valor ecol\u00f3gico no est\u00e1n protegidas en Valpara\u00edso y RM entre ellas El Yali"},"content":{"rendered":"\n<p>Un estudio llevado a cabo por el proyecto GEF Monta\u00f1a, que re\u00fane a 36 municipios de las&nbsp;<strong>regiones de Valpara\u00edso y Metropolitana<\/strong>, junto a servicios p\u00fablicos y tres facultades de la Universidad de Chile, logr\u00f3 determinar que en esas zonas existen&nbsp;<strong>m\u00e1s de 400 mil hect\u00e1reas de importancia ecol\u00f3gica<\/strong>&nbsp;para la conservaci\u00f3n de la biodiversidad local, territorio que comprende una&nbsp;<strong>red de 855 sitios<\/strong>.<\/p>\n\n\n\n<p>De acuerdo al trabajo, que tiene como objetivo aportar evidencia cient\u00edfica para integrar la dimensi\u00f3n ecol\u00f3gica al ordenamiento territorial,&nbsp;<strong>87,2% de esta superficie (cerca de 348.800 hect\u00e1reas) no se encuentra incluida en un \u00e1rea protegida<\/strong>.<\/p>\n\n\n\n<p>Dentro de estas m\u00e1s de 400 mil hect\u00e1reas se puede encontrar un gran n\u00famero de especies, tales como&nbsp;<strong>2.864 especies nativas de flora<\/strong>, 132 de ellas end\u00e9micas de las regiones Metropolitana y Valpara\u00edso y 91 exclusivas de la RM.<\/p>\n\n\n\n<p>En cuanto a la fauna, se logr\u00f3 registro de&nbsp;<strong>336 especies<\/strong>&nbsp;entre aves, mam\u00edferos, peces, reptiles y anfibios, lo que advierte una alta riqueza de especies, entre ellas el puma (<em>Puma concolor<\/em>).<\/p>\n\n\n\n<p>\u201cSin embargo, el 87,2% de la superficie con mayor relevancia ecol\u00f3gica para la biodiversidad y los servicios ecosist\u00e9micos actualmente no se encuentra incluida en un \u00e1rea protegida\u201d, alert\u00f3 el documento final.<\/p>\n\n\n\n<iframe loading=\"lazy\" width=\"600\" height=\"450\" src=\"https:\/\/rudo.video\/vod\/bLQZuY\/skin\/simple\/o\/MjAyMS8wNi8zNDgtbWlsLWhlY3RhcmVhcy1kZS1hbHRvLXZhbG9yLWVjb2xvZ2ljby1uby1lc3Rhbi1wcm90ZWdpZGFzLWVuLXZhbHBhcmFpc28teS1ybS03NTB4NDAwLmpwZw==?autostart=false\" frameborder=\"0\" allowfullscreen=\"\" allow=\"autoplay; fullscreen\"><\/iframe>\n\n\n\n<h2 class=\"wp-block-heading\">\u00bfD\u00f3nde est\u00e1n los sitios de relevancia ecol\u00f3gica?<\/h2>\n\n\n\n<p>\u201cIdentificamos la&nbsp;<strong>red de espacios m\u00e1s importantes para la vida silvestre y los ecosistemas en esta regi\u00f3n\u201d<\/strong>, se\u00f1al\u00f3 el ge\u00f3grafo y acad\u00e9mico de la Facultad de Arquitectura y Urbanismo de la Universidad de Chile, Alexis V\u00e1squez, quien lider\u00f3 el proyecto GEF Monta\u00f1a.<\/p>\n\n\n\n<p>La red determin\u00f3 que los sitios de mayor relevancia ecol\u00f3gica, en la Cordillera de los Andes por ejemplo, son el&nbsp;<strong>Parque Nacional R\u00edo Clarillo, el Monumento Natural El Morado, el embalse El Yeso y el Piedemonte Andino<\/strong>.<\/p>\n\n\n\n<p>Hacia el norte de Santiago est\u00e1n el sector de&nbsp;<strong>Chacabuco-Peldehue y el cord\u00f3n El Roble<\/strong>.<\/p>\n\n\n\n<p>En los sectores de valle y cerros de la cordillera de la Costa se encuentran los sectores de&nbsp;<strong>Mallarauco y sur de Cantillana<\/strong>.<\/p>\n\n\n\n<p>En las comunas de la regi\u00f3n Valpara\u00edso destac\u00f3 la alta relevancia del&nbsp;<strong>Parque Nacional La Campana<\/strong>, de Quilpu\u00e9, el sector norte de Casablanca, algunas cabeceras de cuencas entre Cartagena y Mar\u00eda Pinto y en la zona costera la Reserva Nacional y el&nbsp;<strong>Sitio Ramsar El Yali.<\/strong><\/p>\n\n\n\n<p>Las zonas de amortiguaci\u00f3n de los n\u00facleos, claves para la mitigaci\u00f3n de amenazas, se concentraron en comunas que contienen importantes cordones monta\u00f1osos como en&nbsp;<strong>San Jos\u00e9 de Maipo, Lo Barnechea y gran parte del cord\u00f3n Cantillana en Alhu\u00e9<\/strong>, lo que demuestra lo relevante de preservar las zonas monta\u00f1osas del \u00e1rea GEF Monta\u00f1a.<\/p>\n\n\n\n<p>Las comunas con mayor superficie de&nbsp;<strong>corredores principales son Melipilla, Isla de Maipo, Buin y San Jos\u00e9 de Maipo<\/strong>.<\/p>\n\n\n\n<p>En tanto, las comunas con mayor superficie de&nbsp;<strong>corredores secundarios son Curacav\u00ed, San Jos\u00e9 de Maipo y Santo Domingo<\/strong>, todos \u201cclaves para mantener y restaurar la conectividad del paisaje\u201d, aseguraron.<\/p>\n\n\n\n<p>Los promotores del proyecto dijeron&nbsp;<strong>esperan que estos resultados sean integrados en instrumentos p\u00fablicos ya existentes<\/strong>, tales como el Plan Regulador Metropolitano de Santiago, el Plan Regional de Ordenamiento Territorial, la Evaluaci\u00f3n Ambiental Estrat\u00e9gica, los planes reguladores comunales y que contribuyan a la ampliaci\u00f3n y creaci\u00f3n de \u00e1reas protegidas as\u00ed como a la implementaci\u00f3n de paisajes de conservaci\u00f3n, reservas naturales municipales e iniciativas privadas de conservaci\u00f3n.<\/p>\n\n\n\n<h2 class=\"wp-block-heading\">Problemas en las zonas<\/h2>\n\n\n\n<p>De acuerdo a V\u00e1squez, en la zona&nbsp;<strong>existen corredores ecol\u00f3gicos en buen estado<\/strong>&nbsp;que permiten el flujo de energ\u00eda y materiales, tales como agua o el desplazamiento de animales como pumas, zorros o roedores.<\/p>\n\n\n\n<p>No obstante,&nbsp;<strong>otros corredores necesitan ser restaurados y asegurar la conectividad<\/strong>, por ejemplo, construyendo \u201cpasarelas verdes o puentes salvajes creados especial y exclusivamente para que puedan transitar los animales, como los que ya se han creado en Europa y Estados Unidos\u201d.<\/p>\n\n\n\n<p>\u201cEsto es importante ya que los mayores esfuerzos han sido para&nbsp;<strong>mantener grandes \u00e1reas protegidas, pero estas al final se vuelven islas\u201d<\/strong>, explic\u00f3.<\/p>\n\n\n\n<p>\u201cPor largo tiempo pensamos que eso era suficiente, pero la evidencia cient\u00edfica nos indica que la&nbsp;<strong>conservaci\u00f3n debe hacerse en redes integradas de \u00e1reas protegidas y corredores\u201d<\/strong>, complement\u00f3.<\/p>\n\n\n\n<p>En este sentido,&nbsp;<strong>una barrera importante es la Carretera Panamericana<\/strong>, que interrumpe tanto la conectividad hacia y desde la costa en el sector de Las Chilcas por el norte, como en Angostura de Paine en el sur de la regi\u00f3n.<\/p>\n\n\n\n<p><strong>Si se habla de problemas, la Ruta 78 a San Antonio es otro<\/strong>, ya que produce un corte del corredor norte-sur en la cordillera de la Costa.<\/p>\n\n\n\n<p>Aunque&nbsp;<strong>algunos animales se las arreglan para cruzar de noche<\/strong>, corren el riesgo de ser atropellados.<\/p>\n\n\n\n<p>Marianne Katunaric, coordinadora del Proyecto GEF Monta\u00f1a, cuenta que, al hacer zoom en el territorio aparecieron elementos como&nbsp;<strong>lagunas, peque\u00f1os esteros o quebradas<\/strong>.<\/p>\n\n\n\n<p>\u201cLa idea es que cada municipio los pueda identificar y tambi\u00e9n que sepa lo que tienen sus vecinos para futuras planificaciones intercomunales\u201d, coment\u00f3.<\/p>\n\n\n\n<p>\u201cA partir de este estudio hicimos el ejercicio de elaborar junto a cuatro municipios un plan maestro de los borde r\u00edos del Mapocho y Maipo. Ellos incorporaron esta infraestructura ecol\u00f3gica y as\u00ed pudieron definir proyectos de protecci\u00f3n y gesti\u00f3n\u201d, relat\u00f3.<\/p>\n\n\n\n<p><\/p>\n\n\n\n<p><\/p>\n\n\n\n<p><a href=\"https:\/\/media.biobiochile.cl\/wp-content\/uploads\/2021\/06\/348-mil-hectareas-de-alto-valor-ecologico-no-estan-protegidas-en-valparaiso-y-rm-750x400.jpg\">https:\/\/media.biobiochile.cl\/wp-content\/uploads\/2021\/06\/348-mil-hectareas-de-alto-valor-ecologico-no-estan-protegidas-en-valparaiso-y-rm-750&#215;400.jpg<\/a><\/p>\n","protected":false},"excerpt":{"rendered":"<p>Un estudio llevado a cabo por el proyecto GEF Monta\u00f1a, que re\u00fane a 36 municipios de las&nbsp;regiones de Valpara\u00edso y Metropolitana, junto a servicios p\u00fablicos y tres facultades de la Universidad de&#8230;<\/p>\n","protected":false},"author":1,"featured_media":869,"comment_status":"closed","ping_status":"closed","sticky":false,"template":"","format":"standard","meta":{"footnotes":""},"categories":[7],"tags":[],"class_list":["post-868","post","type-post","status-publish","format-standard","has-post-thumbnail","hentry","category-noticias"],"_links":{"self":[{"href":"https:\/\/santonews.cl\/index.php?rest_route=\/wp\/v2\/posts\/868","targetHints":{"allow":["GET"]}}],"collection":[{"href":"https:\/\/santonews.cl\/index.php?rest_route=\/wp\/v2\/posts"}],"about":[{"href":"https:\/\/santonews.cl\/index.php?rest_route=\/wp\/v2\/types\/post"}],"author":[{"embeddable":true,"href":"https:\/\/santonews.cl\/index.php?rest_route=\/wp\/v2\/users\/1"}],"replies":[{"embeddable":true,"href":"https:\/\/santonews.cl\/index.php?rest_route=%2Fwp%2Fv2%2Fcomments&post=868"}],"version-history":[{"count":3,"href":"https:\/\/santonews.cl\/index.php?rest_route=\/wp\/v2\/posts\/868\/revisions"}],"predecessor-version":[{"id":872,"href":"https:\/\/santonews.cl\/index.php?rest_route=\/wp\/v2\/posts\/868\/revisions\/872"}],"wp:featuredmedia":[{"embeddable":true,"href":"https:\/\/santonews.cl\/index.php?rest_route=\/wp\/v2\/media\/869"}],"wp:attachment":[{"href":"https:\/\/santonews.cl\/index.php?rest_route=%2Fwp%2Fv2%2Fmedia&parent=868"}],"wp:term":[{"taxonomy":"category","embeddable":true,"href":"https:\/\/santonews.cl\/index.php?rest_route=%2Fwp%2Fv2%2Fcategories&post=868"},{"taxonomy":"post_tag","embeddable":true,"href":"https:\/\/santonews.cl\/index.php?rest_route=%2Fwp%2Fv2%2Ftags&post=868"}],"curies":[{"name":"wp","href":"https:\/\/api.w.org\/{rel}","templated":true}]}}