{"id":862,"date":"2021-07-04T15:57:47","date_gmt":"2021-07-04T15:57:47","guid":{"rendered":"https:\/\/santonews.cl\/?p=862"},"modified":"2021-07-04T16:04:03","modified_gmt":"2021-07-04T16:04:03","slug":"a-horas-de-dejar-la-alcaldia-de-santo-domingo-fernando-rodriguez-fue-nombrado-como-director-del-fosis-en-valparaiso","status":"publish","type":"post","link":"https:\/\/santonews.cl\/?p=862","title":{"rendered":"A horas de dejar la Alcald\u00eda de Santo Domingo, Fernando Rodr\u00edguez fue nombrado como Director del Fosis en Valpara\u00edso"},"content":{"rendered":"\n<p>&#8220;Es un orgullo que lo asumo con mucha responsabilidad&#8221;, reconoci\u00f3 el ingeniero agr\u00f3nomo de profesi\u00f3n, quien asumi\u00f3 el cargo desde este jueves 1 de julio.<\/p>\n\n\n\n<p>Desde el 1 de julio, el&nbsp;<strong>Fondo de Solidaridad e Inversi\u00f3n Social (Fosis)&nbsp;<\/strong>de la regi\u00f3n de Valpara\u00edso cuenta con nuevo Director Regional: se trata de&nbsp;<strong>Fernando Rodr\u00edguez Larra\u00edn<\/strong>, de vasta trayectoria en la administraci\u00f3n p\u00fablica, tras desempe\u00f1arse por 12 a\u00f1os como Alcalde de la comuna de Santo Domingo.<\/p>\n\n\n\n<p>Fernando Rodr\u00edguez asume en el servicio que se relaciona con el Gobierno a trav\u00e9s de la Seremi de Desarrollo Social y Familia, cuyo objetivo es&nbsp;<strong>contribuir a la superaci\u00f3n de la pobreza y la vulnerabilidad social de personas, familias y comunidades<\/strong>.<\/p>\n\n\n\n<p>El nuevo Director Regional de Fosis Valpara\u00edso es ingeniero agr\u00f3nomo de la Universidad Mayor, y antes de ejercer tres per\u00edodos consecutivos como Alcalde de Santo Domingo, trabaj\u00f3 en distintas empresas privadas en el \u00e1rea agr\u00edcola.<\/p>\n\n\n\n<p>En este nuevo desaf\u00edo que inicia en Fosis, Rodr\u00edguez manifest\u00f3 que &#8220;llegar a una instituci\u00f3n tan importante, que principalmente es la encargada de trabajar por la superaci\u00f3n de la pobreza en la regi\u00f3n,&nbsp;<strong>es un orgullo que lo asumo con mucha responsabilidad<\/strong>&#8220;.<\/p>\n\n\n\n<p>&#8220;Trabajaremos de manera descentralizada en el territorio de la regi\u00f3n, y&nbsp;<strong>liderar\u00e9 un gran equipo humano que nos permitir\u00e1 llegar de la mejor manera a las personas que requieren de la ayuda del Estado<\/strong>, con las distintas iniciativas que tenemos desde el Fosis&#8221;, agreg\u00f3.<\/p>\n\n\n\n<p>Luego de su llegada, el Director conoci\u00f3 al grupo de trabajadores que actualmente se encuentran en la oficina regional, en Vi\u00f1a del Mar, y a trav\u00e9s de una videoconferencia, hizo su presentaci\u00f3n ante el equipo regional de Fosis, recibiendo el saludo de los profesionales.<\/p>\n\n\n\n<p><\/p>\n\n\n\n<p><a href=\"https:\/\/www.puranoticia.cl\/noticias\/regiones\/a-horas-de-dejar-la-alcaldia-de-santo-domingo-fernando-rodriguez-fue\/2021-07-02\/231937.html\">https:\/\/www.puranoticia.cl\/noticias\/regiones\/a-horas-de-dejar-la-alcaldia-de-santo-domingo-fernando-rodriguez-fue\/2021-07-02\/231937.html<\/a><\/p>\n","protected":false},"excerpt":{"rendered":"<p>&#8220;Es un orgullo que lo asumo con mucha responsabilidad&#8221;, reconoci\u00f3 el ingeniero agr\u00f3nomo de profesi\u00f3n, quien asumi\u00f3 el cargo desde este jueves 1 de julio. Desde el 1 de julio, el&nbsp;Fondo de&#8230;<\/p>\n","protected":false},"author":1,"featured_media":865,"comment_status":"closed","ping_status":"closed","sticky":false,"template":"","format":"standard","meta":{"footnotes":""},"categories":[7],"tags":[],"class_list":["post-862","post","type-post","status-publish","format-standard","has-post-thumbnail","hentry","category-noticias"],"_links":{"self":[{"href":"https:\/\/santonews.cl\/index.php?rest_route=\/wp\/v2\/posts\/862","targetHints":{"allow":["GET"]}}],"collection":[{"href":"https:\/\/santonews.cl\/index.php?rest_route=\/wp\/v2\/posts"}],"about":[{"href":"https:\/\/santonews.cl\/index.php?rest_route=\/wp\/v2\/types\/post"}],"author":[{"embeddable":true,"href":"https:\/\/santonews.cl\/index.php?rest_route=\/wp\/v2\/users\/1"}],"replies":[{"embeddable":true,"href":"https:\/\/santonews.cl\/index.php?rest_route=%2Fwp%2Fv2%2Fcomments&post=862"}],"version-history":[{"count":2,"href":"https:\/\/santonews.cl\/index.php?rest_route=\/wp\/v2\/posts\/862\/revisions"}],"predecessor-version":[{"id":864,"href":"https:\/\/santonews.cl\/index.php?rest_route=\/wp\/v2\/posts\/862\/revisions\/864"}],"wp:featuredmedia":[{"embeddable":true,"href":"https:\/\/santonews.cl\/index.php?rest_route=\/wp\/v2\/media\/865"}],"wp:attachment":[{"href":"https:\/\/santonews.cl\/index.php?rest_route=%2Fwp%2Fv2%2Fmedia&parent=862"}],"wp:term":[{"taxonomy":"category","embeddable":true,"href":"https:\/\/santonews.cl\/index.php?rest_route=%2Fwp%2Fv2%2Fcategories&post=862"},{"taxonomy":"post_tag","embeddable":true,"href":"https:\/\/santonews.cl\/index.php?rest_route=%2Fwp%2Fv2%2Ftags&post=862"}],"curies":[{"name":"wp","href":"https:\/\/api.w.org\/{rel}","templated":true}]}}