{"id":859,"date":"2021-06-29T15:28:32","date_gmt":"2021-06-29T15:28:32","guid":{"rendered":"https:\/\/santonews.cl\/?p=859"},"modified":"2021-06-29T17:32:06","modified_gmt":"2021-06-29T17:32:06","slug":"video-asesora-de-paula-narvaez-es-acusada-de-infringir-normativa-sanitaria-tras-viaje-a-santo-domingo","status":"publish","type":"post","link":"https:\/\/santonews.cl\/?p=859","title":{"rendered":"VIDEO- Asesora de Paula Narv\u00e1ez es acusada de infringir normativa sanitaria tras viaje a Santo Domingo"},"content":{"rendered":"\n<p>Desde la UDI emplazaron a la candidata presidencial del PS para que explique por qu\u00e9 su colaboradora no respeta la cuarentena, pero est\u00e1 a favor del cortocircuito epidemiol\u00f3gico del Colmed.<\/p>\n\n\n\n<figure class=\"wp-block-image\"><img decoding=\"async\" src=\"https:\/\/www.eldinamo.cl\/wp-content\/uploads\/2021\/06\/A_UNO_779950-1-1300x684.jpg\" alt=\"Vega desminti\u00f3 haber incumplido las normativas sanitarias. AGENCIA UNO\/ARCHIVO\"\/><figcaption>Vega desminti\u00f3 haber incumplido las normativas sanitarias. AGENCIA UNO\/ARCHIVO<\/figcaption><\/figure>\n\n\n\n<h3 class=\"wp-block-heading\"><a href=\"https:\/\/www.eldinamo.cl\/noticias\/politica\/\"><br>POL\u00cdTICA<\/a><\/h3>\n\n\n\n<p>&nbsp;&gt;<\/p>\n\n\n\n<h4 class=\"wp-block-heading\"><a href=\"https:\/\/www.eldinamo.cl\/temas\/jeanette-vega\/\">Jeanette Vega<\/a><\/h4>\n\n\n\n<h1 class=\"wp-block-heading\">VIDEO- Asesora de Paula Narv\u00e1ez es acusada de infringir normativa sanitaria tras viaje a Santo Domingo<\/h1>\n\n\n\n<p>Desde la UDI emplazaron a la candidata presidencial del PS para que explique por qu\u00e9 su colaboradora no respeta la cuarentena, pero est\u00e1 a favor del cortocircuito epidemiol\u00f3gico del Colmed.<strong>Por&nbsp;<a href=\"https:\/\/www.eldinamo.cl\/author\/hernan-claro\/\">Hern\u00e1n Claro<\/a><\/strong>27 de junio, 2021 \u203a 17:34 hrs&nbsp;\u203a Actualizado: 18:01 hrs<\/p>\n\n\n\n<p>En el centro de la pol\u00e9mica se encuentra una de las asesoras de la candidatura presidencial de Paula Narv\u00e1ez, Jeanette Vega, luego de haber viajado hasta la comuna de Santo Domingo en la Regi\u00f3n de Valpara\u00edso, seg\u00fan dicen desde Chile Vamos, sin los respectivos permisos sanitarios.<\/p>\n\n\n\n<p>Vega es asesora de la Organizaci\u00f3n Mundial de la Salud (OMS) y particip\u00f3 en la&nbsp;<a href=\"https:\/\/www.eldinamo.cl\/pais\/2021\/06\/25\/colmed-pide-poner-a-prueba-cortocircuito-epidemiologico-en-san-javier\/\">propuesta<\/a>&nbsp;del Colegio M\u00e9dico (Colmed) para implementar un \u201ccortocircuito epidemiol\u00f3gico\u201d, la cual busca materializar en nuestro pa\u00eds.<\/p>\n\n\n\n<p>Desde la UDI, en tanto, los diputados Osvaldo Urrutia y Gustavo Sanhueza, cuestionaron a la asesora de Paula Narv\u00e1ez porque \u201cse ha dado el lujo de criticar la pol\u00edtica sanitaria de este Gobierno por no ser m\u00e1s estricta, ha respaldado la propuesta del Colmed de hacer un cortocircuito completo de tres semanas, pero&nbsp;<strong>vemos que se vuelve a repetir el doble est\u00e1ndar hip\u00f3crita de la izquierda<\/strong>\u201c.<\/p>\n\n\n\n<p>\u201cEndurecer la restricci\u00f3n a las libertades de las personas, pr\u00e1cticamente encerrarlas en sus hogares, pero esas ideas no aplican para ellos y a la primera oportunidad que tienen, rompen la cuarentenas\u201d, cuestionaron.<\/p>\n\n\n\n<p>En esta l\u00ednea, los diputados solicitaron a la abanderada presidencial del PS que aborde \u201cla actitud de su asesora, que se salt\u00f3 toda norma sanitaria y qu\u00e9 medidas va a tomar con Vega, no s\u00f3lo por romper la cuarentena, sino m\u00e1s bien por su inconsecuencia en materia de salud p\u00fablica\u201d.<\/p>\n\n\n\n<h4 class=\"wp-block-heading\">M\u00e1s sobre&nbsp;<strong>Jeanette Vega<\/strong><\/h4>\n\n\n\n<h2 class=\"wp-block-heading\">Vega niega incumplimiento de medidas sanitarias<\/h2>\n\n\n\n<p>Despu\u00e9s que se viraliz\u00f3 el video del procedimiento policial donde estuvo Jeanette Vega, la asesora de Paula Narv\u00e1ez abord\u00f3 la pol\u00e9mica en su cuenta de&nbsp;<a href=\"https:\/\/twitter.com\/jeanvegamorales\/status\/1408964535197831170\" target=\"_blank\" rel=\"noreferrer noopener\">Twitter<\/a>.<\/p>\n\n\n\n<p>Seg\u00fan explic\u00f3 a sus seguidores,&nbsp;<strong>en ning\u00fan momento infringi\u00f3 las normativas<\/strong>&nbsp;sanitarias porque portaba los permisos necesarios para salir de la Regi\u00f3n Metropolitana.<\/p>\n\n\n\n<p>\u201cLa informaci\u00f3n publicada es falsa. Se realiz\u00f3 un control, los documentos estaban en orden y seguimos nuestro camino a casa en d\u00f3nde estamos. Les pido chequeen la informaci\u00f3n que publican para no agregar a las fake news\u201d, aleg\u00f3 Vega.https:\/\/4038d0cc7db7fabc09415522664e75cc.safeframe.googlesyndication.com\/safeframe\/1-0-38\/html\/container.html<\/p>\n\n\n\n<p>Pese a la explicaci\u00f3n de Jeanette Vega, respecto a que vivir\u00eda en Santo Domingo, al consultar sus datos electorales en el Servel es posible constatar que est\u00e1 inscrita para votar en Recoleta. Adem\u00e1s, trabaja asesorando como gerente de Innovaci\u00f3n M\u00e9dica a la Red Salud UC en la Regi\u00f3n Metropolitan<\/p>\n\n\n\n<figure class=\"wp-block-embed is-type-wp-embed is-provider-el-dinamo wp-block-embed-el-dinamo\"><div class=\"wp-block-embed__wrapper\">\n<blockquote class=\"wp-embedded-content\" data-secret=\"zG3zk1ky6p\"><a href=\"https:\/\/www.eldinamo.cl\/politica\/2021\/06\/27\/asesora-paula-narvaez-jeanette-vega-es-acusada-infringir-normativa-sanitaria-viaje-santo-domingo\/\">VIDEO- Asesora de Paula Narv\u00e1ez es acusada de infringir normativa sanitaria tras viaje a Santo Domingo<\/a><\/blockquote><iframe loading=\"lazy\" class=\"wp-embedded-content\" sandbox=\"allow-scripts\" security=\"restricted\" style=\"position: absolute; clip: rect(1px, 1px, 1px, 1px);\" title=\"&#8220;VIDEO- Asesora de Paula Narv\u00e1ez es acusada de infringir normativa sanitaria tras viaje a Santo Domingo&#8221; &#8212; El D\u00ednamo\" src=\"https:\/\/www.eldinamo.cl\/politica\/2021\/06\/27\/asesora-paula-narvaez-jeanette-vega-es-acusada-infringir-normativa-sanitaria-viaje-santo-domingo\/embed\/#?secret=aP00lYoRrO#?secret=zG3zk1ky6p\" data-secret=\"zG3zk1ky6p\" width=\"600\" height=\"338\" frameborder=\"0\" marginwidth=\"0\" marginheight=\"0\" scrolling=\"no\"><\/iframe>\n<\/div><\/figure>\n","protected":false},"excerpt":{"rendered":"<p>Desde la UDI emplazaron a la candidata presidencial del PS para que explique por qu\u00e9 su colaboradora no respeta la cuarentena, pero est\u00e1 a favor del cortocircuito epidemiol\u00f3gico del Colmed. POL\u00cdTICA &nbsp;&gt;&#8230;<\/p>\n","protected":false},"author":1,"featured_media":0,"comment_status":"closed","ping_status":"closed","sticky":false,"template":"","format":"standard","meta":{"footnotes":""},"categories":[7],"tags":[],"class_list":["post-859","post","type-post","status-publish","format-standard","hentry","category-noticias"],"_links":{"self":[{"href":"https:\/\/santonews.cl\/index.php?rest_route=\/wp\/v2\/posts\/859","targetHints":{"allow":["GET"]}}],"collection":[{"href":"https:\/\/santonews.cl\/index.php?rest_route=\/wp\/v2\/posts"}],"about":[{"href":"https:\/\/santonews.cl\/index.php?rest_route=\/wp\/v2\/types\/post"}],"author":[{"embeddable":true,"href":"https:\/\/santonews.cl\/index.php?rest_route=\/wp\/v2\/users\/1"}],"replies":[{"embeddable":true,"href":"https:\/\/santonews.cl\/index.php?rest_route=%2Fwp%2Fv2%2Fcomments&post=859"}],"version-history":[{"count":2,"href":"https:\/\/santonews.cl\/index.php?rest_route=\/wp\/v2\/posts\/859\/revisions"}],"predecessor-version":[{"id":861,"href":"https:\/\/santonews.cl\/index.php?rest_route=\/wp\/v2\/posts\/859\/revisions\/861"}],"wp:attachment":[{"href":"https:\/\/santonews.cl\/index.php?rest_route=%2Fwp%2Fv2%2Fmedia&parent=859"}],"wp:term":[{"taxonomy":"category","embeddable":true,"href":"https:\/\/santonews.cl\/index.php?rest_route=%2Fwp%2Fv2%2Fcategories&post=859"},{"taxonomy":"post_tag","embeddable":true,"href":"https:\/\/santonews.cl\/index.php?rest_route=%2Fwp%2Fv2%2Ftags&post=859"}],"curies":[{"name":"wp","href":"https:\/\/api.w.org\/{rel}","templated":true}]}}