{"id":855,"date":"2021-06-25T15:41:49","date_gmt":"2021-06-25T15:41:49","guid":{"rendered":"https:\/\/santonews.cl\/?p=855"},"modified":"2021-06-25T15:42:08","modified_gmt":"2021-06-25T15:42:08","slug":"homicidio-que-termino-con-hombre-quemado-en-santiago-se-deberia-a-una-discusion-de-pareja","status":"publish","type":"post","link":"https:\/\/santonews.cl\/?p=855","title":{"rendered":"Homicidio que termin\u00f3 con hombre quemado en Santiago se deber\u00eda a una discusi\u00f3n de pareja"},"content":{"rendered":"\n<p>Se agreg\u00f3 que Gonz\u00e1lez ten\u00eda\u00a0<strong>una denuncia por presunta desgracia<\/strong>\u00a0que databa de agosto de 2020, la que fue presentada por su <strong>familia en San Antonio<\/strong><\/p>\n\n\n\n<p>La PDI entreg\u00f3 detalles de la detenci\u00f3n del acusado de<strong>&nbsp;haber quemado a un hombre&nbsp;<\/strong>que muri\u00f3 en el centro de Santiago la madrugada del pasado mi\u00e9rcoles.<\/p>\n\n\n\n<p>El detenido, identificado como&nbsp;<strong>Ademar Polanco<\/strong>&nbsp;-chileno de 27 a\u00f1os-, fue aprehendido ayer en un domicilio de la poblaci\u00f3n Isabel Riquelme 2 en Lampa. Se trata de un hombre que ten\u00eda antecedentes por homicidio frustrado contra Carabineros.<\/p>\n\n\n\n<p>Seg\u00fan explic\u00f3 el jefe Nacional de Delitos Contra las Personas, prefecto inspector Juan Carlos Carrasco, la v\u00edctima identificada como Marcelo Gonz\u00e1lez (41)&nbsp;<strong>habr\u00eda estado consumiendo droga<\/strong>&nbsp;con el imputado en el r\u00edo Mapocho, para luego caminar en direcci\u00f3n al centro de Santiago.Lee tambi\u00e9n&#8230;<a href=\"https:\/\/www.biobiochile.cl\/noticias\/nacional\/region-metropolitana\/2021\/06\/25\/hoy-sera-formalizado-el-principal-sospechoso-del-crimen-de-hombre-que-fue-calcinado-en-santiago.shtml\"><\/a><a href=\"https:\/\/www.biobiochile.cl\/noticias\/nacional\/region-metropolitana\/2021\/06\/25\/hoy-sera-formalizado-el-principal-sospechoso-del-crimen-de-hombre-que-fue-calcinado-en-santiago.shtml\">Hoy ser\u00e1 formalizado el principal sospechoso del crimen de hombre que fue calcinado en Santiago<\/a><\/p>\n\n\n\n<p><a href=\"https:\/\/www.biobiochile.cl\/noticias\/nacional\/region-metropolitana\/2021\/06\/23\/revelan-video-clave-en-caso-de-persona-hallado-calcinada-en-el-centro-de-santiago.shtml\">Tal como se aprecia en un video<\/a>&nbsp;que fue publicado por&nbsp;<strong>BioBioChile<\/strong>, ambos caminaron por Estado mientras Gonz\u00e1lez era&nbsp;<strong>rociado con un l\u00edquido acelerante<\/strong>. Luego de ello, ingresaron al paseo Ram\u00f3n Nieto donde se consum\u00f3 el crimen.<\/p>\n\n\n\n<p>El motivo del asesinato, seg\u00fan dijo, ser\u00eda una&nbsp;<strong>discusi\u00f3n de pareja<\/strong>&nbsp;por rencillas que manten\u00edan desde hace un tiempo. Polanco&nbsp;<strong>ser\u00e1 formalizado por homicidio<\/strong>&nbsp;durante esta jornada por la Fiscal\u00eda Centro Norte.<\/p>\n\n\n\n<p>Se agreg\u00f3 que Gonz\u00e1lez ten\u00eda\u00a0<strong>una denuncia por presunta desgracia<\/strong>\u00a0que databa de agosto de 2020, la que fue presentada por su familia en San Antonio<\/p>\n\n\n\n<p>En tanto, la subsecretaria de Prevenci\u00f3n del Delito, Katherine Martorell, destac\u00f3 la rapidez de la PDI para dar con el paradero del autor del crimen que&nbsp;<strong>\u201cgener\u00f3 muchos temores\u201d<\/strong>&nbsp;en el entorno.<\/p>\n\n\n\n<p>Por ello, se\u00f1al\u00f3 que \u201cesperamos que se apliquen las m\u00e1ximas penas\u201d y que sea dejado en\u00a0<strong>prisi\u00f3n preventiva<\/strong>.<\/p>\n\n\n\n<p><\/p>\n\n\n\n<p><\/p>\n\n\n\n<p><a href=\"https:\/\/www.biobiochile.cl\/noticias\/nacional\/region-metropolitana\/2021\/06\/25\/homicidio-que-termino-con-hombre-quemado-en-santiago-se-deberia-a-una-discusion-de-pareja.shtml\">https:\/\/www.biobiochile.cl\/noticias\/nacional\/region-metropolitana\/2021\/06\/25\/homicidio-que-termino-con-hombre-quemado-en-santiago-se-deberia-a-una-discusion-de-pareja.shtml<\/a><\/p>\n","protected":false},"excerpt":{"rendered":"<p>Se agreg\u00f3 que Gonz\u00e1lez ten\u00eda\u00a0una denuncia por presunta desgracia\u00a0que databa de agosto de 2020, la que fue presentada por su familia en San Antonio La PDI entreg\u00f3 detalles de la detenci\u00f3n del&#8230;<\/p>\n","protected":false},"author":1,"featured_media":856,"comment_status":"closed","ping_status":"closed","sticky":false,"template":"","format":"standard","meta":{"footnotes":""},"categories":[7],"tags":[],"class_list":["post-855","post","type-post","status-publish","format-standard","has-post-thumbnail","hentry","category-noticias"],"_links":{"self":[{"href":"https:\/\/santonews.cl\/index.php?rest_route=\/wp\/v2\/posts\/855","targetHints":{"allow":["GET"]}}],"collection":[{"href":"https:\/\/santonews.cl\/index.php?rest_route=\/wp\/v2\/posts"}],"about":[{"href":"https:\/\/santonews.cl\/index.php?rest_route=\/wp\/v2\/types\/post"}],"author":[{"embeddable":true,"href":"https:\/\/santonews.cl\/index.php?rest_route=\/wp\/v2\/users\/1"}],"replies":[{"embeddable":true,"href":"https:\/\/santonews.cl\/index.php?rest_route=%2Fwp%2Fv2%2Fcomments&post=855"}],"version-history":[{"count":2,"href":"https:\/\/santonews.cl\/index.php?rest_route=\/wp\/v2\/posts\/855\/revisions"}],"predecessor-version":[{"id":858,"href":"https:\/\/santonews.cl\/index.php?rest_route=\/wp\/v2\/posts\/855\/revisions\/858"}],"wp:featuredmedia":[{"embeddable":true,"href":"https:\/\/santonews.cl\/index.php?rest_route=\/wp\/v2\/media\/856"}],"wp:attachment":[{"href":"https:\/\/santonews.cl\/index.php?rest_route=%2Fwp%2Fv2%2Fmedia&parent=855"}],"wp:term":[{"taxonomy":"category","embeddable":true,"href":"https:\/\/santonews.cl\/index.php?rest_route=%2Fwp%2Fv2%2Fcategories&post=855"},{"taxonomy":"post_tag","embeddable":true,"href":"https:\/\/santonews.cl\/index.php?rest_route=%2Fwp%2Fv2%2Ftags&post=855"}],"curies":[{"name":"wp","href":"https:\/\/api.w.org\/{rel}","templated":true}]}}