{"id":833,"date":"2021-06-21T15:27:01","date_gmt":"2021-06-21T15:27:01","guid":{"rendered":"https:\/\/santonews.cl\/?p=833"},"modified":"2021-06-21T15:27:03","modified_gmt":"2021-06-21T15:27:03","slug":"trabajadores-del-hospital-de-san-antonio-acusan-dependencias-colapsadas-y-mala-administracion","status":"publish","type":"post","link":"https:\/\/santonews.cl\/?p=833","title":{"rendered":"Trabajadores del Hospital de San Antonio acusan dependencias colapsadas y mala administraci\u00f3n"},"content":{"rendered":"\n<p>Los profesionales del recinto hospitalario acusan una delicada situaci\u00f3n debido a que han tenido que adaptar pr\u00e1cticamente todos sus espacios para poder brindar atenci\u00f3n a los pacientes con Covid- 19.<\/p>\n\n\n\n<div class=\"wp-block-image\"><figure class=\"aligncenter\"><img decoding=\"async\" src=\"https:\/\/radio.uchile.cl\/wp-content\/uploads\/2021\/06\/WhatsApp-Image-2021-06-11-at-09.08.00.jpeg\" alt=\"WhatsApp Image 2021-06-11 at 09.08.00\"\/><\/figure><\/div>\n\n\n\n<p><\/p>\n\n\n\n<p><strong>Una compleja situaci\u00f3n estar\u00edan viviendo los funcionarios del Hospital Claudio Vicu\u00f1a de San Antonio<\/strong>, los que acusan estar trabajando al 100 por ciento de su capacidad, con las dependencias de Maternidad, Pediatr\u00eda, Cirug\u00eda y Medicina Quir\u00fargica completamente adaptadas para atender a los pacientes con Covid- 19.<\/p>\n\n\n\n<p>Adem\u00e1s, los trabajadores denuncian que es tanto el nivel de precariedad en la cual funcionan que&nbsp;<strong>el servicio de despacho de medicamentos a los domicilios de los pacientes no se ha podido realizar, debido a que no hay recursos para cargar el combustible del veh\u00edculo que realiza la entrega.<\/strong><\/p>\n\n\n\n<p><strong>Patricio Vel\u00e1squez<\/strong>&nbsp;, presidente de la multigremial del hospital y miembro de la Fenats Nacional de la Quinta Regi\u00f3n, se\u00f1al\u00f3 que la administraci\u00f3n del hospital a\u00fan no ha sido capaz de pagar el convenio que tiene con la empresa proveedora de combustible, situaci\u00f3n que es delicada ya que el servicio de entrega de medicamentos es vital para descongestionar las dependencias del hospital.<\/p>\n\n\n\n<p>\u201c<strong>Es lamentable enterarme que las camionetas que reparten los medicamentos a domicilio a los adultos mayores no puede cumplir esta funci\u00f3n porque hoy d\u00eda el establecimiento no ha hecho una buena gesti\u00f3n de cancelar el convenio que tiene con la empresa Shell.&nbsp;<\/strong>Esto provoca una discontinuidad en el tratamiento de los pacientes y eso va desembocar a que todos ellos lleguen a la urgencia\u201d.<\/p>\n\n\n\n<p>Vel\u00e1zquez agreg\u00f3 que no ser\u00e1 posible atender a todos esos pacientes que no recibieron sus medicamentos debido a la disponibilidad de camas que est\u00e1 muy cerca del colapso. Adem\u00e1s hizo un llamado a las autoridades del hospital a solucionar r\u00e1pido esta situaci\u00f3n. \u201c<strong>No los podremos atender porque estamos absolutamente colapsados con pacientes Covid- 19,<\/strong>&nbsp;as\u00ed que hacemos \u00e9nfasis a las autoridades locales a que hagan la gesti\u00f3n que corresponde\u201d, indic\u00f3 el dirigente.<\/p>\n\n\n\n<p>En cuanto a la situaci\u00f3n de colapso del recinto, Patricio Vel\u00e1zquez coment\u00f3 que el hospital pasa por un momento sanitario cr\u00edtico donde han tenido que improvisar espacios para poder brindar atenci\u00f3n a los pacientes. \u201d&nbsp;<strong>Hay pacientes graves, hospitalizados en sillones, sillas y camillas de ambulancia; da pena y da rabia a la vez<\/strong>\u201c, subray\u00f3.<\/p>\n\n\n\n<p>Por otro lado, la presidenta de Fenats de la Quinta Regi\u00f3n,&nbsp;<strong>Luz Mar\u00eda Viveros<\/strong>, se\u00f1al\u00f3 que lo que ocurre en el Hospital Claudio Vicu\u00f1a es ins\u00f3lito y que la \u00fanica responsabilidad de las autoridades es pagar el combustible, ya que los veh\u00edculos fueron donados por Codelco.<\/p>\n\n\n\n<p>\u201cEl a\u00f1o pasado la camioneta que entregaba los medicamentos choc\u00f3 y entonces la Fundaci\u00f3n Codelco siglo XXI ofreci\u00f3 una en comodato y<strong>&nbsp;el hospital no es capaz de proporcionarle ni siquiera el combustible para que pueda realizar su funci\u00f3n; es una verg\u00fcenza\u201d, remat\u00f3 la dirigenta.<\/strong><\/p>\n\n\n\n<p>FOTO portada : Fenats Valpara\u00edso<\/p>\n\n\n\n<figure class=\"wp-block-embed is-type-wp-embed is-provider-diario-y-radio-u-chile wp-block-embed-diario-y-radio-u-chile\"><div class=\"wp-block-embed__wrapper\">\n<blockquote class=\"wp-embedded-content\" data-secret=\"jBIpErB2eG\"><a href=\"https:\/\/radio.uchile.cl\/2021\/06\/11\/trabajadores-del-hospital-de-san-antonio-acusan-dependencias-colapsadas-y-mala-administracion\/\">Trabajadores del Hospital de San Antonio acusan dependencias colapsadas y mala administraci\u00f3n<\/a><\/blockquote><iframe loading=\"lazy\" class=\"wp-embedded-content\" sandbox=\"allow-scripts\" security=\"restricted\" style=\"position: absolute; clip: rect(1px, 1px, 1px, 1px);\" title=\"&#8220;Trabajadores del Hospital de San Antonio acusan dependencias colapsadas y mala administraci\u00f3n&#8221; &#8212; Diario y Radio Universidad Chile\" src=\"https:\/\/radio.uchile.cl\/2021\/06\/11\/trabajadores-del-hospital-de-san-antonio-acusan-dependencias-colapsadas-y-mala-administracion\/embed\/#?secret=jBIpErB2eG\" data-secret=\"jBIpErB2eG\" width=\"600\" height=\"338\" frameborder=\"0\" marginwidth=\"0\" marginheight=\"0\" scrolling=\"no\"><\/iframe>\n<\/div><\/figure>\n","protected":false},"excerpt":{"rendered":"<p>Los profesionales del recinto hospitalario acusan una delicada situaci\u00f3n debido a que han tenido que adaptar pr\u00e1cticamente todos sus espacios para poder brindar atenci\u00f3n a los pacientes con Covid- 19. Una compleja&#8230;<\/p>\n","protected":false},"author":1,"featured_media":230,"comment_status":"closed","ping_status":"closed","sticky":false,"template":"","format":"standard","meta":{"footnotes":""},"categories":[7],"tags":[],"class_list":["post-833","post","type-post","status-publish","format-standard","has-post-thumbnail","hentry","category-noticias"],"_links":{"self":[{"href":"https:\/\/santonews.cl\/index.php?rest_route=\/wp\/v2\/posts\/833","targetHints":{"allow":["GET"]}}],"collection":[{"href":"https:\/\/santonews.cl\/index.php?rest_route=\/wp\/v2\/posts"}],"about":[{"href":"https:\/\/santonews.cl\/index.php?rest_route=\/wp\/v2\/types\/post"}],"author":[{"embeddable":true,"href":"https:\/\/santonews.cl\/index.php?rest_route=\/wp\/v2\/users\/1"}],"replies":[{"embeddable":true,"href":"https:\/\/santonews.cl\/index.php?rest_route=%2Fwp%2Fv2%2Fcomments&post=833"}],"version-history":[{"count":1,"href":"https:\/\/santonews.cl\/index.php?rest_route=\/wp\/v2\/posts\/833\/revisions"}],"predecessor-version":[{"id":834,"href":"https:\/\/santonews.cl\/index.php?rest_route=\/wp\/v2\/posts\/833\/revisions\/834"}],"wp:featuredmedia":[{"embeddable":true,"href":"https:\/\/santonews.cl\/index.php?rest_route=\/wp\/v2\/media\/230"}],"wp:attachment":[{"href":"https:\/\/santonews.cl\/index.php?rest_route=%2Fwp%2Fv2%2Fmedia&parent=833"}],"wp:term":[{"taxonomy":"category","embeddable":true,"href":"https:\/\/santonews.cl\/index.php?rest_route=%2Fwp%2Fv2%2Fcategories&post=833"},{"taxonomy":"post_tag","embeddable":true,"href":"https:\/\/santonews.cl\/index.php?rest_route=%2Fwp%2Fv2%2Ftags&post=833"}],"curies":[{"name":"wp","href":"https:\/\/api.w.org\/{rel}","templated":true}]}}