{"id":766,"date":"2021-05-27T15:10:18","date_gmt":"2021-05-27T15:10:18","guid":{"rendered":"https:\/\/santonews.cl\/?p=766"},"modified":"2021-05-27T15:10:20","modified_gmt":"2021-05-27T15:10:20","slug":"paso-a-paso-como-descargar-el-pase-de-movilidad-que-entrega-mas-libertades-a-vacunados","status":"publish","type":"post","link":"https:\/\/santonews.cl\/?p=766","title":{"rendered":"Paso a paso: C\u00f3mo descargar el pase de movilidad que entrega m\u00e1s libertades a vacunados"},"content":{"rendered":"\n<p><strong>El documento se obtiene en la p\u00e1gina Me Vacuno y, adem\u00e1s de reemplazar los permisos de Comisar\u00eda Virtual, permite viajes interregionales.<\/strong><\/p>\n\n\n\n<p>Este mi\u00e9rcoles entr\u00f3 en vigencia el &#8220;<a rel=\"noreferrer noopener\" href=\"https:\/\/www.t13.cl\/etiqueta\/pase%20de%20movilidad\" target=\"_blank\"><strong>pase de movilidad<\/strong><\/a>&#8221; impulsado por el Gobierno y que otorga\u00a0<strong>mayor libertad a las personas que han completado su esquema de vacunaci\u00f3n contra el COVID-19<\/strong>.<\/p>\n\n\n\n<h3 class=\"wp-block-heading\">Pase de Movilidad: Cinco preguntas b\u00e1sicas y sus respectivas respuestas<\/h3>\n\n\n\n<p>Desde el Gobierno recalcaron que este pase&nbsp;<mark>no aumenta los aforos<\/mark>&nbsp;ni permite circular en toque de queda, sino que&nbsp;<strong>reemplaza a los permisos temporales&nbsp;<\/strong>de circulaci\u00f3n que se obtienen actualmente en Comisar\u00eda Virtual.<\/p>\n\n\n\n<p>Adem\u00e1s permite viajes interregionales a comunas que est\u00e9n en&nbsp;<strong>Fase 2 (Transici\u00f3n)<\/strong>&nbsp;o superior en el&nbsp;<a href=\"https:\/\/www.t13.cl\/etiqueta\/plan-paso-a-paso\"><strong>Plan Paso a Paso<\/strong>.<\/a><\/p>\n\n\n\n<h2 class=\"wp-block-heading\"><strong>\u00bfC\u00f3mo obtener el certificado?<\/strong><\/h2>\n\n\n\n<p>Para descargar el pase de movilidad se debe ingresar a la&nbsp;<strong><a href=\"https:\/\/mevacuno.gob.cl\/\" target=\"_blank\" rel=\"noreferrer noopener\">p\u00e1gina web de Me Vacuno<\/a><\/strong>&nbsp;e iniciar sesi\u00f3n con Clave \u00danica o crear un usuario. Si se elige la segunda opci\u00f3n,&nbsp;<strong>de igual manera se deben confirmar los datos mediante la Clave \u00danica<\/strong>.<\/p>\n\n\n\n<figure class=\"wp-block-image\"><img decoding=\"async\" src=\"https:\/\/static.t13.cl\/images\/original\/2021\/05\/1622037522-1.jpg\" alt=\"Paso a paso: C\u00f3mo descargar el pase de movilidad\" title=\" \"\/><\/figure>\n\n\n\n<p>Una vez dentro del sitio web&nbsp;<strong>se debe ingresar un correo electr\u00f3nico para validar la cuenta. Solo tras ese paso se desplegar\u00e1n los datos del esquema de vacunaci\u00f3n<\/strong>. All\u00ed aparece la opci\u00f3n para descargar el documento con los datos de la vacuna utilizada y la fecha de vacunaci\u00f3n.<\/p>\n\n\n\n<figure class=\"wp-block-image\"><img decoding=\"async\" src=\"https:\/\/static.t13.cl\/images\/original\/2021\/05\/1622038512-vacunacion-1.jpg\" alt=\"Paso a paso: C\u00f3mo descargar el pase de movilidad\" title=\"Paso a paso: C\u00f3mo descargar el pase de movilidad\"\/><\/figure>\n\n\n\n<p>En el documento descargado aparece un&nbsp;<mark>c\u00f3digo QR<\/mark>&nbsp;en la esquina superior izquierda,&nbsp;<strong>el que&nbsp;ser\u00e1 escaneado en la fiscalizaci\u00f3n para confirmar los datos<\/strong>.&nbsp;<\/p>\n\n\n\n<p><a href=\"https:\/\/www.t13.cl\/noticia\/nacional\/paso-paso-como-descargar-pase-movilidad-26-05-2021\">https:\/\/www.t13.cl\/noticia\/nacional\/paso-paso-como-descargar-pase-movilidad-26-05-2021<\/a><\/p>\n","protected":false},"excerpt":{"rendered":"<p>El documento se obtiene en la p\u00e1gina Me Vacuno y, adem\u00e1s de reemplazar los permisos de Comisar\u00eda Virtual, permite viajes interregionales. Este mi\u00e9rcoles entr\u00f3 en vigencia el &#8220;pase de movilidad&#8221; impulsado por&#8230;<\/p>\n","protected":false},"author":1,"featured_media":208,"comment_status":"closed","ping_status":"closed","sticky":false,"template":"","format":"standard","meta":{"footnotes":""},"categories":[9],"tags":[],"class_list":["post-766","post","type-post","status-publish","format-standard","has-post-thumbnail","hentry","category-politica"],"_links":{"self":[{"href":"https:\/\/santonews.cl\/index.php?rest_route=\/wp\/v2\/posts\/766","targetHints":{"allow":["GET"]}}],"collection":[{"href":"https:\/\/santonews.cl\/index.php?rest_route=\/wp\/v2\/posts"}],"about":[{"href":"https:\/\/santonews.cl\/index.php?rest_route=\/wp\/v2\/types\/post"}],"author":[{"embeddable":true,"href":"https:\/\/santonews.cl\/index.php?rest_route=\/wp\/v2\/users\/1"}],"replies":[{"embeddable":true,"href":"https:\/\/santonews.cl\/index.php?rest_route=%2Fwp%2Fv2%2Fcomments&post=766"}],"version-history":[{"count":1,"href":"https:\/\/santonews.cl\/index.php?rest_route=\/wp\/v2\/posts\/766\/revisions"}],"predecessor-version":[{"id":767,"href":"https:\/\/santonews.cl\/index.php?rest_route=\/wp\/v2\/posts\/766\/revisions\/767"}],"wp:featuredmedia":[{"embeddable":true,"href":"https:\/\/santonews.cl\/index.php?rest_route=\/wp\/v2\/media\/208"}],"wp:attachment":[{"href":"https:\/\/santonews.cl\/index.php?rest_route=%2Fwp%2Fv2%2Fmedia&parent=766"}],"wp:term":[{"taxonomy":"category","embeddable":true,"href":"https:\/\/santonews.cl\/index.php?rest_route=%2Fwp%2Fv2%2Fcategories&post=766"},{"taxonomy":"post_tag","embeddable":true,"href":"https:\/\/santonews.cl\/index.php?rest_route=%2Fwp%2Fv2%2Ftags&post=766"}],"curies":[{"name":"wp","href":"https:\/\/api.w.org\/{rel}","templated":true}]}}