{"id":2706,"date":"2026-04-28T00:36:58","date_gmt":"2026-04-28T00:36:58","guid":{"rendered":"https:\/\/santonews.cl\/?p=2706"},"modified":"2026-04-28T00:50:41","modified_gmt":"2026-04-28T00:50:41","slug":"santo-domingo-corre-con-fuerza-en-chile-talento-local-destaca-entre-las-mejores-del-pais-%f0%9f%8f%83%e2%99%80%ef%b8%8f%f0%9f%92%9a","status":"publish","type":"post","link":"https:\/\/santonews.cl\/?p=2706","title":{"rendered":"Santo Domingo corre con fuerza en Chile: talento local destaca entre las mejores del pa\u00eds \ud83c\udfc3\u200d\u2640\ufe0f\ud83d\udc9a"},"content":{"rendered":"\n<p>El atletismo formativo sigue dando grandes alegr\u00edas a la provincia, y especialmente a Santo Domingo, donde j\u00f3venes promesas hoy comienzan a escribir su propia historia a nivel nacional. Detr\u00e1s de estos logros hay esfuerzo, comunidad y un trabajo constante que se impulsa desde el reconocido Club Atl\u00e9tico Pac\u00edfico, bajo la direcci\u00f3n del destacado entrenador <strong>Salvador Plaza<\/strong>, referente del atletismo a nivel pa\u00eds.<\/p>\n\n\n\n<p>Un elemento clave en este proceso ha sido tambi\u00e9n el apoyo de establecimientos educacionales de la zona, como el <strong>Colegio People Help People , Colegio Pucaiqu\u00e9n<\/strong> y el <strong>Colegio Helen Lee Lassen<\/strong>, que han acompa\u00f1ado el desarrollo deportivo de sus estudiantes, demostrando que la educaci\u00f3n y el deporte pueden avanzar de la mano.<\/p>\n\n\n\n<p>Durante el reciente fin de semana, las atletas del club participaron en importantes competencias nacionales, dejando en evidencia que en este rinc\u00f3n del litoral central se est\u00e1n formando deportistas de alto nivel.<\/p>\n\n\n\n<p>En la Copa Padre Hurtado de Chill\u00e1n, que reuni\u00f3 a m\u00e1s de 700 atletas de todo Chile, brill\u00f3 <strong>Amalia Araya<\/strong>, quien obtuvo un <strong>segundo lugar en los 600 metros<\/strong>, resultado que reafirma su <strong>primer lugar nacional en los 400 metros<\/strong> y la posiciona entre las mejores del pa\u00eds en su categor\u00eda, sigue su instagram <a href=\"https:\/\/www.instagram.com\/aratletas\" data-type=\"link\" data-id=\"https:\/\/www.instagram.com\/aratletas\">@aratletas<\/a><\/p>\n\n\n\n<p>Tambi\u00e9n destac\u00f3 <strong><a href=\"https:\/\/www.instagram.com\/aratletas\" data-type=\"link\" data-id=\"https:\/\/www.instagram.com\/aratletas\" target=\"_blank\" rel=\"noreferrer noopener\">Alma Araya<\/a><\/strong>, quien en su primer campeonato oficial logr\u00f3 un <strong>quinto lugar nacional en los 300 metros U10<\/strong>, marcando un prometedor inicio en su carrera deportiva.<\/p>\n\n\n\n<p>El domingo, la participaci\u00f3n continu\u00f3 en Santiago, en el torneo Escolar CAF &#8211; Rolf Hoppe, donde <strong>Sof\u00eda D\u00edaz<\/strong> , <strong>Aurora Olivares <\/strong>y  <strong>Riadna Medina<\/strong> se posicionaron entre las seis mejores, sumando experiencia y consolidando el crecimiento de nuevas generaciones.<\/p>\n\n\n\n<p>\u2728 M\u00e1s all\u00e1 de los resultados, lo que emociona es el proceso.<br>Desde Santo Domingo, ni\u00f1as y j\u00f3venes est\u00e1n demostrando que con disciplina, apoyo y pasi\u00f3n, es posible llegar lejos. El trabajo del <strong><a href=\"https:\/\/clubpacifico.cl\/\" data-type=\"link\" data-id=\"https:\/\/clubpacifico.cl\/\">Club Atl\u00e9tico Pac\u00edfico<\/a><\/strong> y del profesor <strong>Salvador Plaza<\/strong> ha sido clave para abrir oportunidades y proyectar talentos locales hacia escenarios nacionales.<\/p>\n\n\n\n<blockquote class=\"wp-block-quote is-layout-flow wp-block-quote-is-layout-flow\">\n<p>\ud83d\udde3\ufe0f En esa misma l\u00ednea, desde el club tambi\u00e9n surge una reflexi\u00f3n sobre el presente de los espacios deportivos.<br>\u201cHoy las ni\u00f1as, con mucho esfuerzo y disciplina, entrenan en la pista atl\u00e9tica de San Antonio, lo que es un privilegio. Pero existe la incertidumbre de un eventual cierre del estadio. De concretarse, tendr\u00edamos que volver a entrenar donde realizamos la pretemporada, en la Plaza Los Quillayes de Santo Domingo. En ese escenario, m\u00e1s de una generaci\u00f3n de peque\u00f1as promesas de Chile podr\u00eda perderse desde nuestra provincia\u201d, coment\u00f3 <strong>Sergio Araya<\/strong>, secretario ejecutivo del Club Atl\u00e9tico Pac\u00edfico.<\/p>\n<\/blockquote>\n\n\n\n<p>Hoy, Santo Domingo no solo acompa\u00f1a estas historias: tambi\u00e9n las protagoniza.<\/p>\n\n\n\n<p>\ud83d\udcf2 <em>Comparte esta noticia y sigamos impulsando el deporte local.<\/em><br>Lee m\u00e1s en <a href=\"http:\/\/www.santonews.cl\/\">www.santonews.cl<\/a><\/p>\n\n\n\n<figure style=\"opacity: 0;\" superb-addons-animation=\"fadeIn\" class=\"wp-block-gallery has-nested-images columns-default wp-block-gallery-1 is-layout-flex wp-block-gallery-is-layout-flex\">\n<figure class=\"wp-block-image size-large\"><a href=\"https:\/\/santonews.cl\/wp-content\/uploads\/2026\/04\/Pacifico24-at-19.37.55.png\" target=\"_blank\"><img loading=\"lazy\" decoding=\"async\" width=\"208\" height=\"450\" data-id=\"2707\" src=\"https:\/\/santonews.cl\/wp-content\/uploads\/2026\/04\/Pacifico24-at-19.37.55-208x450.png\" alt=\"\" class=\"wp-image-2707\" srcset=\"https:\/\/santonews.cl\/wp-content\/uploads\/2026\/04\/Pacifico24-at-19.37.55-208x450.png 208w, https:\/\/santonews.cl\/wp-content\/uploads\/2026\/04\/Pacifico24-at-19.37.55-139x300.png 139w, https:\/\/santonews.cl\/wp-content\/uploads\/2026\/04\/Pacifico24-at-19.37.55-300x650.png 300w, https:\/\/santonews.cl\/wp-content\/uploads\/2026\/04\/Pacifico24-at-19.37.55.png 591w\" sizes=\"auto, (max-width: 208px) 100vw, 208px\" \/><\/a><\/figure>\n\n\n\n<figure class=\"wp-block-image size-large\"><a href=\"https:\/\/santonews.cl\/wp-content\/uploads\/2026\/04\/Pacifico25-at-11.12.37-4.jpeg\" target=\"_blank\"><img loading=\"lazy\" decoding=\"async\" width=\"208\" height=\"450\" data-id=\"2708\" src=\"https:\/\/santonews.cl\/wp-content\/uploads\/2026\/04\/Pacifico25-at-11.12.37-4-208x450.jpeg\" alt=\"\" class=\"wp-image-2708\" srcset=\"https:\/\/santonews.cl\/wp-content\/uploads\/2026\/04\/Pacifico25-at-11.12.37-4-208x450.jpeg 208w, https:\/\/santonews.cl\/wp-content\/uploads\/2026\/04\/Pacifico25-at-11.12.37-4-139x300.jpeg 139w, https:\/\/santonews.cl\/wp-content\/uploads\/2026\/04\/Pacifico25-at-11.12.37-4-300x650.jpeg 300w, https:\/\/santonews.cl\/wp-content\/uploads\/2026\/04\/Pacifico25-at-11.12.37-4.jpeg 591w\" sizes=\"auto, (max-width: 208px) 100vw, 208px\" \/><\/a><\/figure>\n\n\n\n<figure class=\"wp-block-image size-large\"><a href=\"https:\/\/santonews.cl\/wp-content\/uploads\/2026\/04\/Pacifico27-at-14.36.25.jpeg\" target=\"_blank\"><img loading=\"lazy\" decoding=\"async\" width=\"338\" height=\"450\" data-id=\"2709\" src=\"https:\/\/santonews.cl\/wp-content\/uploads\/2026\/04\/Pacifico27-at-14.36.25-338x450.jpeg\" alt=\"\" class=\"wp-image-2709\" srcset=\"https:\/\/santonews.cl\/wp-content\/uploads\/2026\/04\/Pacifico27-at-14.36.25-338x450.jpeg 338w, https:\/\/santonews.cl\/wp-content\/uploads\/2026\/04\/Pacifico27-at-14.36.25-225x300.jpeg 225w, https:\/\/santonews.cl\/wp-content\/uploads\/2026\/04\/Pacifico27-at-14.36.25-768x1024.jpeg 768w, https:\/\/santonews.cl\/wp-content\/uploads\/2026\/04\/Pacifico27-at-14.36.25-300x400.jpeg 300w, https:\/\/santonews.cl\/wp-content\/uploads\/2026\/04\/Pacifico27-at-14.36.25-850x1133.jpeg 850w, https:\/\/santonews.cl\/wp-content\/uploads\/2026\/04\/Pacifico27-at-14.36.25.jpeg 960w\" sizes=\"auto, (max-width: 338px) 100vw, 338px\" \/><\/a><\/figure>\n\n\n\n<figure class=\"wp-block-image size-large\"><a href=\"https:\/\/santonews.cl\/wp-content\/uploads\/2026\/04\/Pacifico25-at-13.02.12-e1777336604349.jpeg\" target=\"_blank\"><img decoding=\"async\" data-id=\"2710\" src=\"https:\/\/santonews.cl\/wp-content\/uploads\/2026\/04\/Pacifico25-at-13.02.12-338x450.jpeg\" alt=\"\" class=\"wp-image-2710\"\/><\/a><\/figure>\n\n\n\n<figure class=\"wp-block-image size-large\"><a href=\"https:\/\/santonews.cl\/wp-content\/uploads\/2026\/04\/Pacifico27-at-14.40.28.jpeg\" target=\"_blank\"><img loading=\"lazy\" decoding=\"async\" width=\"208\" height=\"450\" data-id=\"2711\" src=\"https:\/\/santonews.cl\/wp-content\/uploads\/2026\/04\/Pacifico27-at-14.40.28-208x450.jpeg\" alt=\"\" class=\"wp-image-2711\" srcset=\"https:\/\/santonews.cl\/wp-content\/uploads\/2026\/04\/Pacifico27-at-14.40.28-208x450.jpeg 208w, https:\/\/santonews.cl\/wp-content\/uploads\/2026\/04\/Pacifico27-at-14.40.28-139x300.jpeg 139w, https:\/\/santonews.cl\/wp-content\/uploads\/2026\/04\/Pacifico27-at-14.40.28-300x650.jpeg 300w, https:\/\/santonews.cl\/wp-content\/uploads\/2026\/04\/Pacifico27-at-14.40.28.jpeg 591w\" sizes=\"auto, (max-width: 208px) 100vw, 208px\" \/><\/a><\/figure>\n<\/figure>\n\n\n\n<p>Fuente : <a href=\"https:\/\/clubpacifico.cl\/?p=223\">https:\/\/clubpacifico.cl\/?p=223<\/a><\/p>\n","protected":false},"excerpt":{"rendered":"<p>El atletismo formativo sigue dando grandes alegr\u00edas a la provincia, y especialmente a Santo Domingo, donde j\u00f3venes promesas hoy comienzan a escribir su propia historia a nivel nacional. Detr\u00e1s de estos logros&#8230;<\/p>\n","protected":false},"author":1,"featured_media":2710,"comment_status":"closed","ping_status":"closed","sticky":false,"template":"","format":"standard","meta":{"footnotes":""},"categories":[7],"tags":[],"class_list":["post-2706","post","type-post","status-publish","format-standard","has-post-thumbnail","hentry","category-noticias"],"_links":{"self":[{"href":"https:\/\/santonews.cl\/index.php?rest_route=\/wp\/v2\/posts\/2706","targetHints":{"allow":["GET"]}}],"collection":[{"href":"https:\/\/santonews.cl\/index.php?rest_route=\/wp\/v2\/posts"}],"about":[{"href":"https:\/\/santonews.cl\/index.php?rest_route=\/wp\/v2\/types\/post"}],"author":[{"embeddable":true,"href":"https:\/\/santonews.cl\/index.php?rest_route=\/wp\/v2\/users\/1"}],"replies":[{"embeddable":true,"href":"https:\/\/santonews.cl\/index.php?rest_route=%2Fwp%2Fv2%2Fcomments&post=2706"}],"version-history":[{"count":6,"href":"https:\/\/santonews.cl\/index.php?rest_route=\/wp\/v2\/posts\/2706\/revisions"}],"predecessor-version":[{"id":2720,"href":"https:\/\/santonews.cl\/index.php?rest_route=\/wp\/v2\/posts\/2706\/revisions\/2720"}],"wp:featuredmedia":[{"embeddable":true,"href":"https:\/\/santonews.cl\/index.php?rest_route=\/wp\/v2\/media\/2710"}],"wp:attachment":[{"href":"https:\/\/santonews.cl\/index.php?rest_route=%2Fwp%2Fv2%2Fmedia&parent=2706"}],"wp:term":[{"taxonomy":"category","embeddable":true,"href":"https:\/\/santonews.cl\/index.php?rest_route=%2Fwp%2Fv2%2Fcategories&post=2706"},{"taxonomy":"post_tag","embeddable":true,"href":"https:\/\/santonews.cl\/index.php?rest_route=%2Fwp%2Fv2%2Ftags&post=2706"}],"curies":[{"name":"wp","href":"https:\/\/api.w.org\/{rel}","templated":true}]}}