{"id":1675,"date":"2024-08-13T20:17:35","date_gmt":"2024-08-13T20:17:35","guid":{"rendered":"https:\/\/santonews.cl\/?p=1675"},"modified":"2024-08-13T20:17:36","modified_gmt":"2024-08-13T20:17:36","slug":"57-candidats-concejales-por-san-antonio","status":"publish","type":"post","link":"https:\/\/santonews.cl\/?p=1675","title":{"rendered":"57 candidat@s Concejales por San Antonio"},"content":{"rendered":"\n<ol class=\"wp-block-list\">\n<li><strong>Pacto Chile Vamos Renovaci\u00f3n Nacional &#8211; Independientes:<\/strong><\/li>\n<\/ol>\n\n\n\n<ul class=\"wp-block-list\">\n<li><strong>Renovaci\u00f3n Nacional:<\/strong>\n<ul class=\"wp-block-list\">\n<li>Lorena Paola Zamorano Aravena<\/li>\n\n\n\n<li>Danilo Rojas Barahona<\/li>\n\n\n\n<li>Fabi\u00e1n Patricio Campos Duval<\/li>\n\n\n\n<li>Gabriel Leonel Aqueveque Fuentealba<\/li>\n\n\n\n<li>Paola Gonz\u00e1lez Leiva<\/li>\n<\/ul>\n<\/li>\n\n\n\n<li><strong>Independientes:<\/strong>\n<ul class=\"wp-block-list\">\n<li>Mar\u00eda Ignacia Ampuero Contreras<\/li>\n\n\n\n<li>Edinson Rodrigo Henr\u00edquez Quezada<\/li>\n<\/ul>\n<\/li>\n<\/ul>\n\n\n\n<ol class=\"wp-block-list\">\n<li><strong>Pacto Tu Comuna Radical:<\/strong><\/li>\n<\/ol>\n\n\n\n<ul class=\"wp-block-list\">\n<li><strong>Partido Radical de Chile:<\/strong>\n<ul class=\"wp-block-list\">\n<li>Manuel Manzo Peralta<\/li>\n\n\n\n<li>Alexis Lizama Abarca<\/li>\n\n\n\n<li>Julio Escobar Cisterna<\/li>\n\n\n\n<li>Miguel \u00c1ngel Espina Hern\u00e1ndez<\/li>\n<\/ul>\n<\/li>\n\n\n\n<li><strong>Independientes:<\/strong>\n<ul class=\"wp-block-list\">\n<li>Carol Avila Boin<\/li>\n\n\n\n<li>Noelia Silva Saavedra<\/li>\n\n\n\n<li>Kevin Ubeda Ram\u00edrez<\/li>\n\n\n\n<li>Sonia C\u00e1ceres Gonz\u00e1lez<\/li>\n<\/ul>\n<\/li>\n<\/ul>\n\n\n\n<ol class=\"wp-block-list\">\n<li><strong>Pacto Chile Mucho Mejor:<\/strong><\/li>\n<\/ol>\n\n\n\n<ul class=\"wp-block-list\">\n<li><strong>Subpacto PS e Independientes &#8211; Partido Socialista de Chile:<\/strong>\n<ul class=\"wp-block-list\">\n<li>Paola Amestica Gonz\u00e1lez<\/li>\n\n\n\n<li>Fernando Iv\u00e1n N\u00fa\u00f1ez Michellod<\/li>\n<\/ul>\n<\/li>\n\n\n\n<li><strong>Independientes:<\/strong>\n<ul class=\"wp-block-list\">\n<li>Mauricio Teodoro Raddatz Barra<\/li>\n<\/ul>\n<\/li>\n\n\n\n<li><strong>Subpacto PPD e Independientes &#8211; Partido por la Democracia:<\/strong>\n<ul class=\"wp-block-list\">\n<li>Marcela Alejandra Espinoza Vidal<\/li>\n\n\n\n<li>Rafael van Gein Z\u00fa\u00f1iga<\/li>\n<\/ul>\n<\/li>\n\n\n\n<li><strong>Subpacto DC e Independientes &#8211; Partido Dem\u00f3crata Cristiano:<\/strong>\n<ul class=\"wp-block-list\">\n<li>Manuel Meza Hinojosa<\/li>\n\n\n\n<li>Carolina Garc\u00eda Uribe<\/li>\n<\/ul>\n<\/li>\n<\/ul>\n\n\n\n<ol class=\"wp-block-list\">\n<li><strong>Pacto Verdes Liberales por una Comuna Segura:<\/strong><\/li>\n<\/ol>\n\n\n\n<ul class=\"wp-block-list\">\n<li><strong>Subpacto Partido Federaci\u00f3n Regionalista Verde Social e Independientes:<\/strong>\n<ul class=\"wp-block-list\">\n<li>Liliana Andrea Cancino Cardoza<\/li>\n\n\n\n<li>Jorge Patricio Montecino Avenda\u00f1o<\/li>\n\n\n\n<li>Judit Alejandra Morales Jim\u00e9nez<\/li>\n\n\n\n<li>Virginia Mar\u00eda L\u00f3pez Sep\u00falveda<\/li>\n<\/ul>\n<\/li>\n\n\n\n<li><strong>Subpacto Partido Liberal de Chile e Independientes:<\/strong>\n<ul class=\"wp-block-list\">\n<li>Dani Morales Jim\u00e9nez<\/li>\n\n\n\n<li>Luis Resiere Gutierrez Scorzoni<\/li>\n<\/ul>\n<\/li>\n<\/ul>\n\n\n\n<ol class=\"wp-block-list\">\n<li><strong>Pacto por Chile, Seguimos:<\/strong><\/li>\n<\/ol>\n\n\n\n<ul class=\"wp-block-list\">\n<li><strong>Subpacto Frente Amplio e Independientes &#8211; Frente Amplio:<\/strong>\n<ul class=\"wp-block-list\">\n<li>Sebasti\u00e1n Alejandro Olavarr\u00eda Cardoza<\/li>\n\n\n\n<li>Yanko Marcelo Carvacho Soto<\/li>\n<\/ul>\n<\/li>\n\n\n\n<li><strong>Independientes:<\/strong>\n<ul class=\"wp-block-list\">\n<li>Jos\u00e9 Manuel Ibarra Ibarra<\/li>\n\n\n\n<li>Orlando Angel Torres Castillo<\/li>\n<\/ul>\n<\/li>\n<\/ul>\n\n\n\n<ol class=\"wp-block-list\">\n<li><strong>Pacto Partido Comunista de Chile e Independientes &#8211; Partido Comunista de Chile:<\/strong><\/li>\n<\/ol>\n\n\n\n<ul class=\"wp-block-list\">\n<li>Luis de la Cruz Ordenes Sep\u00falveda<\/li>\n\n\n\n<li>Viviana Alejandra Vargas Cort\u00e9s<\/li>\n\n\n\n<li>Eugenio Gast\u00f3n Salinas Zu\u00f1iga<\/li>\n<\/ul>\n\n\n\n<ol class=\"wp-block-list\">\n<li><strong>Pacto Chile Vamos UDI-Evopoli e Independientes:<\/strong><\/li>\n<\/ol>\n\n\n\n<ul class=\"wp-block-list\">\n<li><strong>Subpacto Ev\u00f3poli &#8211; Independientes &#8211; Evoluci\u00f3n Pol\u00edtica:<\/strong>\n<ul class=\"wp-block-list\">\n<li>Jos\u00e9 Ignacio Far\u00edas Rojas<\/li>\n<\/ul>\n<\/li>\n\n\n\n<li><strong>Independientes:<\/strong>\n<ul class=\"wp-block-list\">\n<li>Marcela Hern\u00e1ndez Rubio<\/li>\n\n\n\n<li>Cristina Cautivo Ortega<\/li>\n<\/ul>\n<\/li>\n<\/ul>\n\n\n\n<ol class=\"wp-block-list\">\n<li><strong>Subpacto UDI &#8211; Independientes &#8211; Uni\u00f3n Dem\u00f3crata Independiente:<\/strong><\/li>\n<\/ol>\n\n\n\n<ul class=\"wp-block-list\">\n<li>Mar\u00eda Iside Ricci Guti\u00e9rrez<\/li>\n\n\n\n<li>Cristopher Vald\u00e9s Flores<\/li>\n\n\n\n<li>Mar\u00eda Soledad Astorga Figueroa<\/li>\n\n\n\n<li>Johans Ortiz Mu\u00f1oz<\/li>\n<\/ul>\n\n\n\n<ol class=\"wp-block-list\">\n<li><strong>Pacto Izquierda Ecologista Popular &#8211; Popular:<\/strong><\/li>\n<\/ol>\n\n\n\n<ul class=\"wp-block-list\">\n<li>Milko Alejandro Caracciolo Soto<\/li>\n\n\n\n<li>Paulette Paz Carvajal Fuentes<\/li>\n\n\n\n<li><strong>Independientes:<\/strong>\n<ul class=\"wp-block-list\">\n<li>Sof\u00eda Isabel Contreras Concha<\/li>\n\n\n\n<li>Catherine Leonor Tapia Castro<\/li>\n\n\n\n<li>Bayron Andr\u00e9s Galleguillos P\u00e9rez<\/li>\n\n\n\n<li>Fernando Iv\u00e1n Tobar Moraga<\/li>\n\n\n\n<li>Evelyn Herminia San Mart\u00edn Vega<\/li>\n\n\n\n<li>Benjam\u00edn Alonso C\u00e1ceres Mu\u00f1oz<\/li>\n<\/ul>\n<\/li>\n<\/ul>\n\n\n\n<ol class=\"wp-block-list\">\n<li><strong>Pacto Republicanos e Independientes &#8211; Partido Republicano de Chile:<\/strong>\n<ul class=\"wp-block-list\">\n<li>Manuel Palominos P\u00e9rez<\/li>\n\n\n\n<li>Abel Alejandro Henr\u00edquez Toro<\/li>\n\n\n\n<li>Jorge Eduardo Sep\u00falveda Hern\u00e1ndez<\/li>\n\n\n\n<li>Luis Alberto Gonz\u00e1lez Tobar<\/li>\n\n\n\n<li>Mar\u00eda In\u00e9s Ortiz Quinteros<\/li>\n\n\n\n<li>Carmen Gloria Le\u00f3n Ruiz<\/li>\n<\/ul>\n<\/li>\n\n\n\n<li><strong>Pacto Centro Democr\u00e1tico:<\/strong>\n<ul class=\"wp-block-list\">\n<li><strong>Subpacto Dem\u00f3cratas e Independientes &#8211; Independientes:<\/strong><\/li>\n\n\n\n<li>Jos\u00e9 Francisco Gaete Pardo<\/li>\n<\/ul>\n<\/li>\n<\/ol>\n\n\n\n<p><strong>Total de candidatos a concejales en San Antonio:<\/strong> 57 candidatos.<\/p>\n\n\n\n<p>Estos candidatos representan a diversos pactos y partidos pol\u00edticos, reflejando una amplia diversidad de opciones para los votantes en las pr\u00f3ximas elecciones municipales.<\/p>\n\n\n\n<p><\/p>\n\n\n\n<p><\/p>\n\n\n\n<p>Detalle por pacto <\/p>\n\n\n\n<ol class=\"wp-block-list\">\n<li><strong>Pacto Chile Vamos Renovaci\u00f3n Nacional &#8211; Independientes:<\/strong><\/li>\n<\/ol>\n\n\n\n<ul class=\"wp-block-list\">\n<li><strong>Renovaci\u00f3n Nacional:<\/strong> 6 candidatos<\/li>\n\n\n\n<li><strong>Independientes:<\/strong> 2 candidatos<\/li>\n<\/ul>\n\n\n\n<ol class=\"wp-block-list\">\n<li><strong>Pacto Tu Comuna Radical:<\/strong><\/li>\n<\/ol>\n\n\n\n<ul class=\"wp-block-list\">\n<li><strong>Partido Radical de Chile:<\/strong> 4 candidatos<\/li>\n\n\n\n<li><strong>Independientes:<\/strong> 4 candidatos<\/li>\n<\/ul>\n\n\n\n<ol class=\"wp-block-list\">\n<li><strong>Pacto Chile Mucho Mejor:<\/strong><\/li>\n<\/ol>\n\n\n\n<ul class=\"wp-block-list\">\n<li><strong>Subpacto PS e Independientes &#8211; Partido Socialista de Chile:<\/strong> 2 candidatos<\/li>\n\n\n\n<li><strong>Independientes:<\/strong> 1 candidato<\/li>\n\n\n\n<li><strong>Subpacto PPD e Independientes &#8211; Partido por la Democracia:<\/strong> 2 candidatos<\/li>\n\n\n\n<li><strong>Subpacto DC e Independientes &#8211; Partido Dem\u00f3crata Cristiano:<\/strong> 2 candidatos<\/li>\n<\/ul>\n\n\n\n<ol class=\"wp-block-list\">\n<li><strong>Pacto Verdes Liberales por una Comuna Segura:<\/strong><\/li>\n<\/ol>\n\n\n\n<ul class=\"wp-block-list\">\n<li><strong>Subpacto Partido Federaci\u00f3n Regionalista Verde Social e Independientes:<\/strong> 4 candidatos<\/li>\n\n\n\n<li><strong>Subpacto Partido Liberal de Chile e Independientes:<\/strong> 2 candidatos<\/li>\n<\/ul>\n\n\n\n<ol class=\"wp-block-list\">\n<li><strong>Pacto por Chile, Seguimos:<\/strong><\/li>\n<\/ol>\n\n\n\n<ul class=\"wp-block-list\">\n<li><strong>Subpacto Frente Amplio e Independientes &#8211; Frente Amplio:<\/strong> 2 candidatos<\/li>\n\n\n\n<li><strong>Independientes:<\/strong> 2 candidatos<\/li>\n<\/ul>\n\n\n\n<ol class=\"wp-block-list\">\n<li><strong>Pacto Partido Comunista de Chile e Independientes &#8211; Partido Comunista de Chile:<\/strong> 3 candidatos<\/li>\n\n\n\n<li><strong>Pacto Chile Vamos UDI-Evopoli e Independientes:<\/strong><\/li>\n<\/ol>\n\n\n\n<ul class=\"wp-block-list\">\n<li><strong>Subpacto Ev\u00f3poli &#8211; Independientes &#8211; Evoluci\u00f3n Pol\u00edtica:<\/strong> 1 candidato<\/li>\n\n\n\n<li><strong>Independientes:<\/strong> 2 candidatos<\/li>\n<\/ul>\n\n\n\n<ol class=\"wp-block-list\">\n<li><strong>Subpacto UDI &#8211; Independientes &#8211; Uni\u00f3n Dem\u00f3crata Independiente:<\/strong> 4 candidatos<\/li>\n\n\n\n<li><strong>Pacto Izquierda Ecologista Popular &#8211; Popular:<\/strong> 2 candidatos<\/li>\n<\/ol>\n\n\n\n<ul class=\"wp-block-list\">\n<li><strong>Independientes:<\/strong> 6 candidatos<\/li>\n<\/ul>\n\n\n\n<ol class=\"wp-block-list\">\n<li><strong>Pacto Republicanos e Independientes &#8211; Partido Republicano de Chile:<\/strong> 6 candidatos<\/li>\n\n\n\n<li><strong>Pacto Centro Democr\u00e1tico:<\/strong>\n<ul class=\"wp-block-list\">\n<li><strong>Subpacto Dem\u00f3cratas e Independientes &#8211; Independientes:<\/strong> 1 candidato<\/li>\n<\/ul>\n<\/li>\n<\/ol>\n\n\n\n<p>Ahora, sumando todos los candidatos mencionados:<\/p>\n\n\n\n<ul class=\"wp-block-list\">\n<li>6 (Renovaci\u00f3n Nacional) + 2 (Independientes) + 4 (Partido Radical de Chile) + 4 (Independientes) + 2 (PS) + 1 (Independiente) + 2 (PPD) + 2 (DC) + 4 (Federaci\u00f3n Regionalista Verde Social) + 2 (Partido Liberal) + 2 (Frente Amplio) + 2 (Independientes) + 3 (Partido Comunista) + 1 (Ev\u00f3poli) + 2 (Independientes) + 4 (UDI) + 2 (Popular) + 6 (Independientes) + 6 (Republicanos) + 1 (Centro Democr\u00e1tico) = <strong>57 candidatos.<\/strong><\/li>\n<\/ul>\n\n\n\n<p> 57 candidatos a concejales en San Antonio.<\/p>\n","protected":false},"excerpt":{"rendered":"<p>Total de candidatos a concejales en San Antonio: 57 candidatos. Estos candidatos representan a diversos pactos y partidos pol\u00edticos, reflejando una amplia diversidad de opciones para los votantes en las pr\u00f3ximas elecciones&#8230;<\/p>\n","protected":false},"author":1,"featured_media":791,"comment_status":"closed","ping_status":"closed","sticky":false,"template":"","format":"standard","meta":{"footnotes":""},"categories":[7],"tags":[],"class_list":["post-1675","post","type-post","status-publish","format-standard","has-post-thumbnail","hentry","category-noticias"],"_links":{"self":[{"href":"https:\/\/santonews.cl\/index.php?rest_route=\/wp\/v2\/posts\/1675","targetHints":{"allow":["GET"]}}],"collection":[{"href":"https:\/\/santonews.cl\/index.php?rest_route=\/wp\/v2\/posts"}],"about":[{"href":"https:\/\/santonews.cl\/index.php?rest_route=\/wp\/v2\/types\/post"}],"author":[{"embeddable":true,"href":"https:\/\/santonews.cl\/index.php?rest_route=\/wp\/v2\/users\/1"}],"replies":[{"embeddable":true,"href":"https:\/\/santonews.cl\/index.php?rest_route=%2Fwp%2Fv2%2Fcomments&post=1675"}],"version-history":[{"count":1,"href":"https:\/\/santonews.cl\/index.php?rest_route=\/wp\/v2\/posts\/1675\/revisions"}],"predecessor-version":[{"id":1676,"href":"https:\/\/santonews.cl\/index.php?rest_route=\/wp\/v2\/posts\/1675\/revisions\/1676"}],"wp:featuredmedia":[{"embeddable":true,"href":"https:\/\/santonews.cl\/index.php?rest_route=\/wp\/v2\/media\/791"}],"wp:attachment":[{"href":"https:\/\/santonews.cl\/index.php?rest_route=%2Fwp%2Fv2%2Fmedia&parent=1675"}],"wp:term":[{"taxonomy":"category","embeddable":true,"href":"https:\/\/santonews.cl\/index.php?rest_route=%2Fwp%2Fv2%2Fcategories&post=1675"},{"taxonomy":"post_tag","embeddable":true,"href":"https:\/\/santonews.cl\/index.php?rest_route=%2Fwp%2Fv2%2Ftags&post=1675"}],"curies":[{"name":"wp","href":"https:\/\/api.w.org\/{rel}","templated":true}]}}