{"id":1660,"date":"2024-08-02T01:40:10","date_gmt":"2024-08-02T01:40:10","guid":{"rendered":"https:\/\/santonews.cl\/?p=1660"},"modified":"2024-08-02T01:40:10","modified_gmt":"2024-08-02T01:40:10","slug":"neftali-reyes-basoalto-el-poeta-invisible","status":"publish","type":"post","link":"https:\/\/santonews.cl\/?p=1660","title":{"rendered":"Neftal\u00ed Reyes Basoalto: el poeta invisible."},"content":{"rendered":"\n<p>&nbsp;Por Sergio Velasco de la Cerda.<\/p>\n\n\n\n<p><em>\u201cLa poes\u00eda no quiere adeptos, quiere amantes\u201d<\/em><\/p>\n\n\n\n<p>Federico Garc\u00eda Lorca.<\/p>\n\n\n\n<p>Nacido en Parral, un 12 de Julio de 1904.&nbsp; Con escasos 2 a\u00f1os su familia se traslada a Temuco, una ciudad pr\u00f3spera, marcada por la naturaleza aut\u00f3ctona, sus copihues rojos, y un pueblo originario de bravos mapuches.<\/p>\n\n\n\n<p>120 a\u00f1os han transcurrido desde entonces. Su cl\u00e1sica voz, pastosa y cansada resuena en cada verso, donde le canta al amor, con una profundidad tal, que fue alabada por sus pares, donde no estuvo ausente la intolerable envidia.<\/p>\n\n\n\n<p>Neftal\u00ed, comenz\u00f3 sus estudios, en el Liceo local. Su progenitor anhelaba que fuera su heredero en la \u201cpega\u201d de ferroviario, el joven rebelde ten\u00eda otros prop\u00f3sitos, so\u00f1aba con ser parte del mundo exterior, descubriendo lo desconocido, horizontes lejanos que estaba esper\u00e1ndolo, para recorrerlos.<\/p>\n\n\n\n<p>Rompe con su padre y viaja a la capital Santiago, a estudiar pedagog\u00eda en franc\u00e9s, en la Universidad de Chile, objetivo leer y entender en su propio idioma, a los poetas y escritores universales&nbsp;<\/p>\n\n\n\n<p>Reyes, con escasos 17 a\u00f1os, se ve enfrentado a una cruda realidad. Vive en una modesta pieza en un cite. El hambre y la carest\u00eda, fue el despertar cotidiano. Con esa escuela de una sociedad injusta, se inflama su coraz\u00f3n provinciano,&nbsp;<\/p>\n\n\n\n<p>Nace as\u00ed el invisible poeta, de las causas perdidas. Lucha con sus compa\u00f1eros en defensa de mayores derechos a los oprimidos y explotados trabajadores. Crece un hombre de izquierda, donde se funde con el Partido Comunista, hasta el \u00faltimo halito de su azarosa vida p\u00fablica.<\/p>\n\n\n\n<p>Frecuentaba los centros literarios m\u00e1s connotados del pa\u00eds, algo le faltaba y lo desesperaba, ten\u00eda que ver otras estrellas, oler distintos perfumes, beber el n\u00e9ctar de tierras lejanas. Comienza su extenso periplo como diplom\u00e1tico.&nbsp;<\/p>\n\n\n\n<p>Neftal\u00ed Reyes ya no es tal.&nbsp; Necesita otra figura, un apellido desconocido, un seud\u00f3nimo que lo procrea, en octubre de 1920, renace el inmortal Pablo Neruda, de la afamada poes\u00eda chilena.<\/p>\n\n\n\n<p>100 a\u00f1os cumple una de su obra culmine, \u201cVeinte poemas de amor y una canci\u00f3n desesperada\u201d escrita el 14 de febrero de 1924, con apenas 19 a\u00f1os, traducida a 40 idiomas, se\u00f1al\u00f3: <em>\u201cpor un milagro que no comprendo, este libro atormentado ha mostrado el camino de la felicidad a muchos seres<\/em>\u201d<\/p>\n\n\n\n<p>85 a\u00f1os se conmemora la excelsa labor humanitaria como c\u00f3nsul, para las inmigraciones espa\u00f1olas con sede en Paris, por instrucciones de presidente Pedro Aguirre Cerda, contrata un barco el \u201cWinnipeg\u201d, para trasladar a 2020 exiliados. Posteriormente nace otra obra reconocida \u201cEspa\u00f1a en el Coraz\u00f3n\u201d Himno a la Glorias del pueblo en la Guerra, en 1937 de repercusi\u00f3n internacional.<\/p>\n\n\n\n<p>En 1950 aparece en M\u00e9xico, el poema \u201cCanto General\u201d clandestinamente fue editado en su patria, la ley maldita, se lo imped\u00eda. Por los cr\u00edticos fue comparada con \u201cLa Araucana\u201d del c\u00e9lebre escritor espa\u00f1ol Alonso de Ercilla y Z\u00fa\u00f1iga, una satisfacci\u00f3n personal, que lo llena de orgullo<\/p>\n\n\n\n<p>Su amigo presidente Salvador Allende G, lo nombra embajador en Francia, la Academia Sueca en 1971 le otorga el merecido premio nobel de literatura. Lucila Godoy Alcayaga, (la sublime Gabriela Mistral) \u201cprofetiz\u00f3 este muchacho\u201d llegar\u00e1 muy lejos, siendo ella en 1945, la primera chilena, latinoamericana en recibir tal distinci\u00f3n.<\/p>\n\n\n\n<p>Tres poderosas mujeres influyeron, en su larga y tormentosa vida sentimental, con las cuales contrajo matrimonio. Mar\u00eda. A. Hagenaar, 1930-1942, su segunda esposa fue Delia del Carril 1943-1955, muri\u00f3 a los 104 a\u00f1os, y la tercera Matilde Urrutia 1966-1973, quien la acompa\u00f1\u00f3 hasta su tr\u00e1gico deceso.<\/p>\n\n\n\n<p>Es imposible no nombrar sus tres casas, hoy museos, La Sebastiana, en Valpara\u00edso, La Chascona en Santiago y su preferida, construida con su dise\u00f1o personal, mirando al mar infinito, Isla Negra, donde descansa junto a Matilde, para la eternidad.&nbsp;<\/p>\n","protected":false},"excerpt":{"rendered":"<p>&nbsp;Por Sergio Velasco de la Cerda. \u201cLa poes\u00eda no quiere adeptos, quiere amantes\u201d Federico Garc\u00eda Lorca. Nacido en Parral, un 12 de Julio de 1904.&nbsp; Con escasos 2 a\u00f1os su familia se&#8230;<\/p>\n","protected":false},"author":1,"featured_media":1434,"comment_status":"closed","ping_status":"closed","sticky":false,"template":"","format":"standard","meta":{"footnotes":""},"categories":[7],"tags":[],"class_list":["post-1660","post","type-post","status-publish","format-standard","has-post-thumbnail","hentry","category-noticias"],"_links":{"self":[{"href":"https:\/\/santonews.cl\/index.php?rest_route=\/wp\/v2\/posts\/1660","targetHints":{"allow":["GET"]}}],"collection":[{"href":"https:\/\/santonews.cl\/index.php?rest_route=\/wp\/v2\/posts"}],"about":[{"href":"https:\/\/santonews.cl\/index.php?rest_route=\/wp\/v2\/types\/post"}],"author":[{"embeddable":true,"href":"https:\/\/santonews.cl\/index.php?rest_route=\/wp\/v2\/users\/1"}],"replies":[{"embeddable":true,"href":"https:\/\/santonews.cl\/index.php?rest_route=%2Fwp%2Fv2%2Fcomments&post=1660"}],"version-history":[{"count":1,"href":"https:\/\/santonews.cl\/index.php?rest_route=\/wp\/v2\/posts\/1660\/revisions"}],"predecessor-version":[{"id":1661,"href":"https:\/\/santonews.cl\/index.php?rest_route=\/wp\/v2\/posts\/1660\/revisions\/1661"}],"wp:featuredmedia":[{"embeddable":true,"href":"https:\/\/santonews.cl\/index.php?rest_route=\/wp\/v2\/media\/1434"}],"wp:attachment":[{"href":"https:\/\/santonews.cl\/index.php?rest_route=%2Fwp%2Fv2%2Fmedia&parent=1660"}],"wp:term":[{"taxonomy":"category","embeddable":true,"href":"https:\/\/santonews.cl\/index.php?rest_route=%2Fwp%2Fv2%2Fcategories&post=1660"},{"taxonomy":"post_tag","embeddable":true,"href":"https:\/\/santonews.cl\/index.php?rest_route=%2Fwp%2Fv2%2Ftags&post=1660"}],"curies":[{"name":"wp","href":"https:\/\/api.w.org\/{rel}","templated":true}]}}