{"id":1638,"date":"2024-07-14T14:57:26","date_gmt":"2024-07-14T14:57:26","guid":{"rendered":"https:\/\/santonews.cl\/?p=1638"},"modified":"2024-07-14T14:57:27","modified_gmt":"2024-07-14T14:57:27","slug":"fernando-rodriguez-larrain-anuncia-su-candidatura-a-la-alcaldia-de-santo-domingo-voy-por-santo-domingo","status":"publish","type":"post","link":"https:\/\/santonews.cl\/?p=1638","title":{"rendered":"Fernando Rodr\u00edguez Larra\u00edn anuncia su candidatura a la alcald\u00eda de Santo Domingo: &#8220;Voy por Santo Domingo&#8221;"},"content":{"rendered":"\n<p>Fernando Rodr\u00edguez Larra\u00edn, exalcalde de Santo Domingo, ha confirmado su intenci\u00f3n de postularse nuevamente al sill\u00f3n municipal.  Rodr\u00edguez expuso sus motivaciones y visi\u00f3n para el futuro de la comuna, destacando  &#8220;Voy por Santo Domingo&#8221;.<\/p>\n\n\n\n<p>Rodr\u00edguez, quien lider\u00f3 la comuna entre 2008 y 2021, expres\u00f3 que su decisi\u00f3n de postularse nuevamente se basa en el apoyo y cari\u00f1o recibido de los vecinos. &#8220;Voy por Santo Domingo y todos sus habitantes. Voy por un municipio de puertas abiertas y cuidadoso con sus recursos. Una comuna respetuosa y cuidadosa del medio ambiente, limpia, ordenada y amable, en armon\u00eda&#8221;, se\u00f1al\u00f3.<\/p>\n\n\n\n<p><strong>Independencia pol\u00edtica<\/strong><\/p>\n\n\n\n<p>El candidato competir\u00e1 como independiente, sin el respaldo de ning\u00fan partido pol\u00edtico, lo que permite enfocarse exclusivamente en los intereses de la comunidad sin ataduras partidistas.<\/p>\n\n\n\n<p><strong>Recolecci\u00f3n de firmas<\/strong><\/p>\n\n\n\n<p>Para oficializar su candidatura, Rodr\u00edguez necesita recolectar un m\u00ednimo de 60 firmas, aunque espera superar las 300 para asegurar su lugar en la papeleta. La recolecci\u00f3n de firmas comenzar\u00e1 esta semana.<\/p>\n\n\n\n<p><\/p>\n\n\n\n<p> En conclusi\u00f3n con la meta de mejorar la calidad de vida en Santo Domingo, Fernando Rodr\u00edguez Larra\u00edn promete una gesti\u00f3n cercana y eficiente, enfocada en las necesidades de los vecinos y en el desarrollo integral de la comuna.<\/p>\n\n\n\n<p><\/p>\n\n\n\n<div class=\"wp-block-cover aligncenter\" style=\"min-height:100vh;aspect-ratio:unset;\"><span aria-hidden=\"true\" class=\"wp-block-cover__background has-background-dim\"><\/span><img loading=\"lazy\" decoding=\"async\" width=\"450\" height=\"340\" class=\"wp-block-cover__image-background wp-image-1639\" alt=\"\" src=\"https:\/\/santonews.cl\/wp-content\/uploads\/2024\/07\/image-2-450x340.png\" data-object-fit=\"cover\" srcset=\"https:\/\/santonews.cl\/wp-content\/uploads\/2024\/07\/image-2-450x340.png 450w, https:\/\/santonews.cl\/wp-content\/uploads\/2024\/07\/image-2-300x227.png 300w, https:\/\/santonews.cl\/wp-content\/uploads\/2024\/07\/image-2-768x581.png 768w, https:\/\/santonews.cl\/wp-content\/uploads\/2024\/07\/image-2.png 820w\" sizes=\"auto, (max-width: 450px) 100vw, 450px\" \/><div class=\"wp-block-cover__inner-container is-layout-flow wp-block-cover-is-layout-flow\">\n<p class=\"has-text-align-center has-large-font-size\"><\/p>\n<\/div><\/div>\n\n\n\n<p>Foto : SoyChile.cl<\/p>\n","protected":false},"excerpt":{"rendered":"<p>Fernando Rodr\u00edguez Larra\u00edn, exalcalde de Santo Domingo, ha confirmado su intenci\u00f3n de postularse nuevamente al sill\u00f3n municipal. Rodr\u00edguez expuso sus motivaciones y visi\u00f3n para el futuro de la comuna, destacando &#8220;Voy por&#8230;<\/p>\n","protected":false},"author":1,"featured_media":1639,"comment_status":"closed","ping_status":"closed","sticky":false,"template":"","format":"standard","meta":{"footnotes":""},"categories":[7],"tags":[],"class_list":["post-1638","post","type-post","status-publish","format-standard","has-post-thumbnail","hentry","category-noticias"],"_links":{"self":[{"href":"https:\/\/santonews.cl\/index.php?rest_route=\/wp\/v2\/posts\/1638","targetHints":{"allow":["GET"]}}],"collection":[{"href":"https:\/\/santonews.cl\/index.php?rest_route=\/wp\/v2\/posts"}],"about":[{"href":"https:\/\/santonews.cl\/index.php?rest_route=\/wp\/v2\/types\/post"}],"author":[{"embeddable":true,"href":"https:\/\/santonews.cl\/index.php?rest_route=\/wp\/v2\/users\/1"}],"replies":[{"embeddable":true,"href":"https:\/\/santonews.cl\/index.php?rest_route=%2Fwp%2Fv2%2Fcomments&post=1638"}],"version-history":[{"count":1,"href":"https:\/\/santonews.cl\/index.php?rest_route=\/wp\/v2\/posts\/1638\/revisions"}],"predecessor-version":[{"id":1640,"href":"https:\/\/santonews.cl\/index.php?rest_route=\/wp\/v2\/posts\/1638\/revisions\/1640"}],"wp:featuredmedia":[{"embeddable":true,"href":"https:\/\/santonews.cl\/index.php?rest_route=\/wp\/v2\/media\/1639"}],"wp:attachment":[{"href":"https:\/\/santonews.cl\/index.php?rest_route=%2Fwp%2Fv2%2Fmedia&parent=1638"}],"wp:term":[{"taxonomy":"category","embeddable":true,"href":"https:\/\/santonews.cl\/index.php?rest_route=%2Fwp%2Fv2%2Fcategories&post=1638"},{"taxonomy":"post_tag","embeddable":true,"href":"https:\/\/santonews.cl\/index.php?rest_route=%2Fwp%2Fv2%2Ftags&post=1638"}],"curies":[{"name":"wp","href":"https:\/\/api.w.org\/{rel}","templated":true}]}}