{"id":1630,"date":"2024-07-10T20:20:15","date_gmt":"2024-07-10T20:20:15","guid":{"rendered":"https:\/\/santonews.cl\/?p=1630"},"modified":"2024-07-10T21:09:09","modified_gmt":"2024-07-10T21:09:09","slug":"%f0%9f%93%a2-atencion-comunidad-de-santo-domingo-%f0%9f%93%a2","status":"publish","type":"post","link":"https:\/\/santonews.cl\/?p=1630","title":{"rendered":"\u00a1Atenci\u00f3n, comunidad de Santo Domingo!"},"content":{"rendered":"\n<p>Compartimos los d\u00edas de atenci\u00f3n de las farmacias con turnos extendidos durante el mes de julio. Estas farmacias estar\u00e1n abiertas de 9:00 a 21:00 horas para que puedas acceder a tus medicamentos y productos de salud cuando los necesites. <\/p>\n\n\n\n<figure class=\"wp-block-image size-large\"><img loading=\"lazy\" decoding=\"async\" width=\"435\" height=\"450\" src=\"https:\/\/santonews.cl\/wp-content\/uploads\/2024\/07\/image-1-435x450.png\" alt=\"\" class=\"wp-image-1634\" srcset=\"https:\/\/santonews.cl\/wp-content\/uploads\/2024\/07\/image-1-435x450.png 435w, https:\/\/santonews.cl\/wp-content\/uploads\/2024\/07\/image-1-290x300.png 290w, https:\/\/santonews.cl\/wp-content\/uploads\/2024\/07\/image-1-768x794.png 768w, https:\/\/santonews.cl\/wp-content\/uploads\/2024\/07\/image-1-300x310.png 300w, https:\/\/santonews.cl\/wp-content\/uploads\/2024\/07\/image-1-850x879.png 850w, https:\/\/santonews.cl\/wp-content\/uploads\/2024\/07\/image-1.png 954w\" sizes=\"auto, (max-width: 435px) 100vw, 435px\" \/><\/figure>\n\n\n\n<p><strong>Cruz Verde<\/strong>:<\/p>\n\n\n\n<ul class=\"wp-block-list\">\n<li>Fechas: 11, 15, 19, 23, 27, 31 de julio<\/li>\n<\/ul>\n\n\n\n<p><strong>Pharmacy RP<\/strong>:<\/p>\n\n\n\n<ul class=\"wp-block-list\">\n<li> Fechas: 12, 16, 20, 24, 28 de julio<\/li>\n<\/ul>\n\n\n\n<p><strong>Dr. Simi<\/strong>:<\/p>\n\n\n\n<ul class=\"wp-block-list\">\n<li> Fechas: 13, 17, 21, 25, 29 de julio<\/li>\n<\/ul>\n\n\n\n<p><strong>Pharma Puerto<\/strong>:<\/p>\n\n\n\n<ul class=\"wp-block-list\">\n<li> Fechas: 10, 14, 18, 22, 26, 30 de julio<\/li>\n<\/ul>\n\n\n\n<p>Aseg\u00farate de anotar las fechas y horarios para estar preparado en caso de cualquier necesidad. \u00a1Cuidemos nuestra salud y bienestar! ????\u2764\ufe0f<\/p>\n\n\n\n<h1 class=\"wp-block-heading\">FarmaciasSantoDomingo #TurnosExtendidos #CuidadoDeSalud #SantoNews<\/h1>\n\n\n\n<p><\/p>\n\n\n\n<p>Fuente: @santodomingocl<\/p>\n","protected":false},"excerpt":{"rendered":"<p>Compartimos los d\u00edas de atenci\u00f3n de las farmacias con turnos extendidos durante el mes de julio. Estas farmacias estar\u00e1n abiertas de 9:00 a 21:00 horas para que puedas acceder a tus medicamentos&#8230;<\/p>\n","protected":false},"author":1,"featured_media":1631,"comment_status":"closed","ping_status":"closed","sticky":false,"template":"","format":"standard","meta":{"footnotes":""},"categories":[7],"tags":[],"class_list":["post-1630","post","type-post","status-publish","format-standard","has-post-thumbnail","hentry","category-noticias"],"_links":{"self":[{"href":"https:\/\/santonews.cl\/index.php?rest_route=\/wp\/v2\/posts\/1630","targetHints":{"allow":["GET"]}}],"collection":[{"href":"https:\/\/santonews.cl\/index.php?rest_route=\/wp\/v2\/posts"}],"about":[{"href":"https:\/\/santonews.cl\/index.php?rest_route=\/wp\/v2\/types\/post"}],"author":[{"embeddable":true,"href":"https:\/\/santonews.cl\/index.php?rest_route=\/wp\/v2\/users\/1"}],"replies":[{"embeddable":true,"href":"https:\/\/santonews.cl\/index.php?rest_route=%2Fwp%2Fv2%2Fcomments&post=1630"}],"version-history":[{"count":3,"href":"https:\/\/santonews.cl\/index.php?rest_route=\/wp\/v2\/posts\/1630\/revisions"}],"predecessor-version":[{"id":1636,"href":"https:\/\/santonews.cl\/index.php?rest_route=\/wp\/v2\/posts\/1630\/revisions\/1636"}],"wp:featuredmedia":[{"embeddable":true,"href":"https:\/\/santonews.cl\/index.php?rest_route=\/wp\/v2\/media\/1631"}],"wp:attachment":[{"href":"https:\/\/santonews.cl\/index.php?rest_route=%2Fwp%2Fv2%2Fmedia&parent=1630"}],"wp:term":[{"taxonomy":"category","embeddable":true,"href":"https:\/\/santonews.cl\/index.php?rest_route=%2Fwp%2Fv2%2Fcategories&post=1630"},{"taxonomy":"post_tag","embeddable":true,"href":"https:\/\/santonews.cl\/index.php?rest_route=%2Fwp%2Fv2%2Ftags&post=1630"}],"curies":[{"name":"wp","href":"https:\/\/api.w.org\/{rel}","templated":true}]}}