{"id":1625,"date":"2024-07-09T17:58:00","date_gmt":"2024-07-09T17:58:00","guid":{"rendered":"https:\/\/santonews.cl\/?p=1625"},"modified":"2024-07-10T21:10:12","modified_gmt":"2024-07-10T21:10:12","slug":"playa-marbella-en-santo-domingo-amanece-con-una-minima-de-2-3-grados","status":"publish","type":"post","link":"https:\/\/santonews.cl\/?p=1625","title":{"rendered":"Playa Marbella en Santo Domingo Amanece con una M\u00ednima de -2.3 Grados"},"content":{"rendered":"\n<p>Esta ma\u00f1ana, la Playa Marbella en Santo Domingo present\u00f3 un paisaje inusualmente helado, reflejando las bajas temperaturas que afectaron la regi\u00f3n. A las 06:36 AM, se registr\u00f3 una m\u00ednima de -2.3 grados Celsius, sorprendiendo a residentes y visitantes por igual.<\/p>\n\n\n\n<p>El fr\u00edo extremo dej\u00f3 una capa de escarcha sobre la arena y la vegetaci\u00f3n costera, creando una vista inusual para una playa que generalmente es conocida por su clima templado y soleado. Las bajas temperaturas son parte de una ola de fr\u00edo que ha afectado a gran parte del pa\u00eds, llevando a los habitantes a tomar precauciones adicionales para protegerse del fr\u00edo intenso.<\/p>\n\n\n\n<p>A pesar de las bajas temperaturas, algunos valientes aventureros no dudaron en visitar la playa temprano en la ma\u00f1ana, capturando im\u00e1genes impresionantes del paisaje helado. Las autoridades locales han emitido recomendaciones para que las personas se mantengan abrigadas y eviten exposiciones prolongadas al fr\u00edo, especialmente durante las primeras horas del d\u00eda.<\/p>\n\n\n\n<p>Este fen\u00f3meno es un recordatorio de la variabilidad del clima y la necesidad de estar preparados para condiciones extremas, incluso en lugares que normalmente disfrutan de un clima m\u00e1s moderado. Playa Marbella, con su inusual manto de escarcha, ofreci\u00f3 una escena de belleza fr\u00eda y cautivadora que seguramente ser\u00e1 recordada por quienes tuvieron la oportunidad de presenciarla.<\/p>\n\n\n\n<p>Los habitantes de Santo Domingo y los turistas pueden esperar que las temperaturas suban nuevamente en los pr\u00f3ximos d\u00edas, devolviendo a Playa Marbella su clima m\u00e1s caracter\u00edstico y agradable. Entretanto, la imagen de la playa helada se suma a las memorias de un invierno que ha dejado una marca particular en la regi\u00f3n.<\/p>\n\n\n<div class=\"wp-block-image\">\n<figure class=\"aligncenter size-large\"><img loading=\"lazy\" decoding=\"async\" width=\"450\" height=\"234\" src=\"https:\/\/santonews.cl\/wp-content\/uploads\/2024\/07\/image-450x234.png\" alt=\"\" class=\"wp-image-1626\"\/><\/figure>\n<\/div>\n\n\n<p>Fotograf\u00eda :  Jorge Seguel<\/p>\n","protected":false},"excerpt":{"rendered":"<p>Esta ma\u00f1ana, la Playa Marbella en Santo Domingo present\u00f3 un paisaje inusualmente helado, reflejando las bajas temperaturas que afectaron la regi\u00f3n. A las 06:36 AM, se registr\u00f3 una m\u00ednima de -2.3 grados&#8230;<\/p>\n","protected":false},"author":1,"featured_media":1626,"comment_status":"closed","ping_status":"closed","sticky":false,"template":"","format":"standard","meta":{"footnotes":""},"categories":[7],"tags":[],"class_list":["post-1625","post","type-post","status-publish","format-standard","has-post-thumbnail","hentry","category-noticias"],"_links":{"self":[{"href":"https:\/\/santonews.cl\/index.php?rest_route=\/wp\/v2\/posts\/1625","targetHints":{"allow":["GET"]}}],"collection":[{"href":"https:\/\/santonews.cl\/index.php?rest_route=\/wp\/v2\/posts"}],"about":[{"href":"https:\/\/santonews.cl\/index.php?rest_route=\/wp\/v2\/types\/post"}],"author":[{"embeddable":true,"href":"https:\/\/santonews.cl\/index.php?rest_route=\/wp\/v2\/users\/1"}],"replies":[{"embeddable":true,"href":"https:\/\/santonews.cl\/index.php?rest_route=%2Fwp%2Fv2%2Fcomments&post=1625"}],"version-history":[{"count":4,"href":"https:\/\/santonews.cl\/index.php?rest_route=\/wp\/v2\/posts\/1625\/revisions"}],"predecessor-version":[{"id":1637,"href":"https:\/\/santonews.cl\/index.php?rest_route=\/wp\/v2\/posts\/1625\/revisions\/1637"}],"wp:featuredmedia":[{"embeddable":true,"href":"https:\/\/santonews.cl\/index.php?rest_route=\/wp\/v2\/media\/1626"}],"wp:attachment":[{"href":"https:\/\/santonews.cl\/index.php?rest_route=%2Fwp%2Fv2%2Fmedia&parent=1625"}],"wp:term":[{"taxonomy":"category","embeddable":true,"href":"https:\/\/santonews.cl\/index.php?rest_route=%2Fwp%2Fv2%2Fcategories&post=1625"},{"taxonomy":"post_tag","embeddable":true,"href":"https:\/\/santonews.cl\/index.php?rest_route=%2Fwp%2Fv2%2Ftags&post=1625"}],"curies":[{"name":"wp","href":"https:\/\/api.w.org\/{rel}","templated":true}]}}