{"id":1585,"date":"2024-04-27T14:21:09","date_gmt":"2024-04-27T14:21:09","guid":{"rendered":"https:\/\/santonews.cl\/?p=1585"},"modified":"2024-04-27T14:21:10","modified_gmt":"2024-04-27T14:21:10","slug":"alcalde-dino-lotito-presenta-cuenta-publica-de-la-gestion-municipal-2023-en-santo-domingo","status":"publish","type":"post","link":"https:\/\/santonews.cl\/?p=1585","title":{"rendered":"Alcalde Dino Lotito Presenta Cuenta P\u00fablica de la Gesti\u00f3n Municipal 2023 en Santo Domingo"},"content":{"rendered":"\n<p>Con un p\u00fablico abrumador que llen\u00f3 por completo la explanada del Municipio de Santo Domingo, el Alcalde Dino Lotito llev\u00f3 a cabo la tan esperada presentaci\u00f3n de la Cuenta P\u00fablica correspondiente a la Gesti\u00f3n Municipal del a\u00f1o 2023.<\/p>\n\n\n\n<p>El evento, que tuvo lugar en un ambiente cargado de expectativas y participaci\u00f3n ciudadana, destac\u00f3 los logros, desaf\u00edos y proyecciones del municipio durante el a\u00f1o anterior. Ciudadanos de todas las edades y sectores de la comunidad se congregaron para escuchar de primera mano los detalles de las acciones emprendidas por el gobierno local para mejorar la calidad de vida de los habitantes de Santo Domingo.<\/p>\n\n\n<div class=\"wp-block-image\">\n<figure class=\"alignleft size-large\"><img loading=\"lazy\" decoding=\"async\" width=\"450\" height=\"372\" src=\"https:\/\/santonews.cl\/wp-content\/uploads\/2024\/04\/image-5-450x372.png\" alt=\"\" class=\"wp-image-1588\" srcset=\"https:\/\/santonews.cl\/wp-content\/uploads\/2024\/04\/image-5-450x372.png 450w, https:\/\/santonews.cl\/wp-content\/uploads\/2024\/04\/image-5-300x248.png 300w, https:\/\/santonews.cl\/wp-content\/uploads\/2024\/04\/image-5.png 752w\" sizes=\"auto, (max-width: 450px) 100vw, 450px\" \/><\/figure>\n<\/div>\n\n\n<p>Durante su discurso, el Alcalde Lotito comparti\u00f3 los principales hitos y avances alcanzados en \u00e1reas clave como infraestructura, educaci\u00f3n, salud, cultura , medio ambiente y servicios, tales como el SRCeI ( Registro Civil) y Banco Estado. Adem\u00e1s, se abordaron los desaf\u00edos enfrentados por la administraci\u00f3n municipal y se delinearon las estrategias a seguir para continuar avanzando en la construcci\u00f3n de una ciudad m\u00e1s pr\u00f3spera, inclusiva y sostenible.<\/p>\n\n\n\n<p>La participaci\u00f3n activa del p\u00fablico durante la presentaci\u00f3n reflej\u00f3 el inter\u00e9s y la preocupaci\u00f3n de la comunidad por el desarrollo y el futuro de Santo Domingo. <\/p>\n\n\n<div class=\"wp-block-image\">\n<figure class=\"aligncenter size-large\"><img loading=\"lazy\" decoding=\"async\" width=\"450\" height=\"282\" src=\"https:\/\/santonews.cl\/wp-content\/uploads\/2024\/04\/image-4-450x282.png\" alt=\"\" class=\"wp-image-1587\" srcset=\"https:\/\/santonews.cl\/wp-content\/uploads\/2024\/04\/image-4-450x282.png 450w, https:\/\/santonews.cl\/wp-content\/uploads\/2024\/04\/image-4-300x188.png 300w, https:\/\/santonews.cl\/wp-content\/uploads\/2024\/04\/image-4.png 692w\" sizes=\"auto, (max-width: 450px) 100vw, 450px\" \/><\/figure>\n<\/div>\n\n\n<p>Al finalizar el evento, el Alcalde Lotito agradeci\u00f3 el apoyo y la colaboraci\u00f3n de todos los presentes, reafirmando su compromiso de seguir trabajando incansablemente en beneficio de la comunidad. La Cuenta P\u00fablica de la Gesti\u00f3n Municipal 2023 marc\u00f3 un hito importante en el camino hacia un Santo Domingo mejor y m\u00e1s pr\u00f3spero para todos sus habitantes.<\/p>\n\n\n<div class=\"wp-block-image\">\n<figure class=\"aligncenter size-large is-resized\"><img loading=\"lazy\" decoding=\"async\" width=\"329\" height=\"450\" src=\"https:\/\/santonews.cl\/wp-content\/uploads\/2024\/04\/image-3-329x450.png\" alt=\"\" class=\"wp-image-1586\" style=\"width:311px;height:auto\" srcset=\"https:\/\/santonews.cl\/wp-content\/uploads\/2024\/04\/image-3-329x450.png 329w, https:\/\/santonews.cl\/wp-content\/uploads\/2024\/04\/image-3-219x300.png 219w, https:\/\/santonews.cl\/wp-content\/uploads\/2024\/04\/image-3-300x410.png 300w, https:\/\/santonews.cl\/wp-content\/uploads\/2024\/04\/image-3.png 592w\" sizes=\"auto, (max-width: 329px) 100vw, 329px\" \/><\/figure>\n<\/div>","protected":false},"excerpt":{"rendered":"<p>Con un p\u00fablico abrumador que llen\u00f3 por completo la explanada del Municipio de Santo Domingo, el Alcalde Dino Lotito llev\u00f3 a cabo la tan esperada presentaci\u00f3n de la Cuenta P\u00fablica correspondiente a&#8230;<\/p>\n","protected":false},"author":1,"featured_media":1587,"comment_status":"closed","ping_status":"closed","sticky":false,"template":"","format":"standard","meta":{"footnotes":""},"categories":[7],"tags":[],"class_list":["post-1585","post","type-post","status-publish","format-standard","has-post-thumbnail","hentry","category-noticias"],"_links":{"self":[{"href":"https:\/\/santonews.cl\/index.php?rest_route=\/wp\/v2\/posts\/1585","targetHints":{"allow":["GET"]}}],"collection":[{"href":"https:\/\/santonews.cl\/index.php?rest_route=\/wp\/v2\/posts"}],"about":[{"href":"https:\/\/santonews.cl\/index.php?rest_route=\/wp\/v2\/types\/post"}],"author":[{"embeddable":true,"href":"https:\/\/santonews.cl\/index.php?rest_route=\/wp\/v2\/users\/1"}],"replies":[{"embeddable":true,"href":"https:\/\/santonews.cl\/index.php?rest_route=%2Fwp%2Fv2%2Fcomments&post=1585"}],"version-history":[{"count":1,"href":"https:\/\/santonews.cl\/index.php?rest_route=\/wp\/v2\/posts\/1585\/revisions"}],"predecessor-version":[{"id":1589,"href":"https:\/\/santonews.cl\/index.php?rest_route=\/wp\/v2\/posts\/1585\/revisions\/1589"}],"wp:featuredmedia":[{"embeddable":true,"href":"https:\/\/santonews.cl\/index.php?rest_route=\/wp\/v2\/media\/1587"}],"wp:attachment":[{"href":"https:\/\/santonews.cl\/index.php?rest_route=%2Fwp%2Fv2%2Fmedia&parent=1585"}],"wp:term":[{"taxonomy":"category","embeddable":true,"href":"https:\/\/santonews.cl\/index.php?rest_route=%2Fwp%2Fv2%2Fcategories&post=1585"},{"taxonomy":"post_tag","embeddable":true,"href":"https:\/\/santonews.cl\/index.php?rest_route=%2Fwp%2Fv2%2Ftags&post=1585"}],"curies":[{"name":"wp","href":"https:\/\/api.w.org\/{rel}","templated":true}]}}