{"id":1582,"date":"2024-04-27T13:55:28","date_gmt":"2024-04-27T13:55:28","guid":{"rendered":"https:\/\/santonews.cl\/?p=1582"},"modified":"2024-04-27T13:55:28","modified_gmt":"2024-04-27T13:55:28","slug":"tres-carabineros-son-cobardemente-asesinados-en-canete","status":"publish","type":"post","link":"https:\/\/santonews.cl\/?p=1582","title":{"rendered":"Tres Carabineros Son Cobardemente Asesinados en Ca\u00f1ete"},"content":{"rendered":"\n<p><strong>En Ca\u00f1ete, Regi\u00f3n del Biob\u00edo, se ha desatado la consternaci\u00f3n y el luto tras el horrendo asesinato de tres valientes miembros de Carabineros de Chile. El Sargento 1\u00ba Carlos Cisterna Navarro, el Cabo 1\u00ba Sergio Ar\u00e9valo Lobos y el Cabo 1\u00ba Misael Vidal Cid, quienes realizaban patrullajes preventivos en la comuna, fueron cobardemente atacados mientras cumpl\u00edan con su deber de proteger a la comunidad.<\/strong><\/p>\n\n\n\n<p>El tr\u00e1gico suceso ocurri\u00f3 mientras los tres oficiales llevaban a cabo sus labores habituales de patrullaje en las calles de Ca\u00f1ete. Seg\u00fan informes preliminares, fueron emboscados por desconocidos, quienes perpetraron el acto violento sin mediar palabra, dejando un profundo dolor en la comunidad y en la familia institucional de Carabineros.<\/p>\n\n\n\n<p>En un comunicado oficial, el General Director de Carabineros  expres\u00f3 sus m\u00e1s sentidas condolencias a las familias de los valientes oficiales, as\u00ed como a sus amigos y compa\u00f1eros de trabajo. Destac\u00f3 el hero\u00edsmo y el sacrificio de estos hombres, quienes dieron su vida por el orden, la seguridad y la patria.<\/p>\n\n\n\n<p>Este tr\u00e1gico incidente ha generado un profundo pesar en todo el pa\u00eds, recordando una vez m\u00e1s el riesgo constante al que se enfrentan los miembros de las fuerzas de seguridad en su labor diaria. Las autoridades han iniciado una exhaustiva investigaci\u00f3n para dar con los responsables de este repudiable crimen y llevarlos ante la justicia.<\/p>\n\n\n\n<p>En medio del dolor y la consternaci\u00f3n, la comunidad de Ca\u00f1ete y el pa\u00eds en su conjunto se unen en solidaridad y apoyo a las familias de los valientes carabineros ca\u00eddos en cumplimiento de su deber. Su sacrificio no ser\u00e1 olvidado y su legado de servicio y valent\u00eda perdurar\u00e1 en la memoria de todos los chilenos.<\/p>\n\n\n\n<p>Carabineros de Chile ha decretado duelo institucional en honor a los tres oficiales ca\u00eddos, mientras que la comunidad local organiza diversas muestras de apoyo y homenaje en memoria de los valientes h\u00e9roes que dieron su vida por el bienestar de todos.<\/p>\n","protected":false},"excerpt":{"rendered":"<p>En Ca\u00f1ete, Regi\u00f3n del Biob\u00edo, se ha desatado la consternaci\u00f3n y el luto tras el horrendo asesinato de tres valientes miembros de Carabineros de Chile. El Sargento 1\u00ba Carlos Cisterna Navarro, el&#8230;<\/p>\n","protected":false},"author":1,"featured_media":1583,"comment_status":"closed","ping_status":"closed","sticky":false,"template":"","format":"standard","meta":{"footnotes":""},"categories":[7],"tags":[],"class_list":["post-1582","post","type-post","status-publish","format-standard","has-post-thumbnail","hentry","category-noticias"],"_links":{"self":[{"href":"https:\/\/santonews.cl\/index.php?rest_route=\/wp\/v2\/posts\/1582","targetHints":{"allow":["GET"]}}],"collection":[{"href":"https:\/\/santonews.cl\/index.php?rest_route=\/wp\/v2\/posts"}],"about":[{"href":"https:\/\/santonews.cl\/index.php?rest_route=\/wp\/v2\/types\/post"}],"author":[{"embeddable":true,"href":"https:\/\/santonews.cl\/index.php?rest_route=\/wp\/v2\/users\/1"}],"replies":[{"embeddable":true,"href":"https:\/\/santonews.cl\/index.php?rest_route=%2Fwp%2Fv2%2Fcomments&post=1582"}],"version-history":[{"count":1,"href":"https:\/\/santonews.cl\/index.php?rest_route=\/wp\/v2\/posts\/1582\/revisions"}],"predecessor-version":[{"id":1584,"href":"https:\/\/santonews.cl\/index.php?rest_route=\/wp\/v2\/posts\/1582\/revisions\/1584"}],"wp:featuredmedia":[{"embeddable":true,"href":"https:\/\/santonews.cl\/index.php?rest_route=\/wp\/v2\/media\/1583"}],"wp:attachment":[{"href":"https:\/\/santonews.cl\/index.php?rest_route=%2Fwp%2Fv2%2Fmedia&parent=1582"}],"wp:term":[{"taxonomy":"category","embeddable":true,"href":"https:\/\/santonews.cl\/index.php?rest_route=%2Fwp%2Fv2%2Fcategories&post=1582"},{"taxonomy":"post_tag","embeddable":true,"href":"https:\/\/santonews.cl\/index.php?rest_route=%2Fwp%2Fv2%2Ftags&post=1582"}],"curies":[{"name":"wp","href":"https:\/\/api.w.org\/{rel}","templated":true}]}}