{"id":1573,"date":"2024-04-11T17:54:07","date_gmt":"2024-04-11T17:54:07","guid":{"rendered":"https:\/\/santonews.cl\/?p=1573"},"modified":"2024-04-11T17:54:08","modified_gmt":"2024-04-11T17:54:08","slug":"feria-del-libro-en-el-colegio-php-descubre-nuevas-historias-y-apoya-a-los-cuartos-medios","status":"publish","type":"post","link":"https:\/\/santonews.cl\/?p=1573","title":{"rendered":"Feria del Libro en el Colegio PHP: \u00a1Descubre Nuevas Historias y Apoya a los Cuartos Medios!"},"content":{"rendered":"\n<p>\u00a1Atenci\u00f3n lectores y amantes de los libros! El Colegio PHP se complace en invitarlos a su emocionante Feria del Libro, que se llevar\u00e1 a cabo los d\u00edas 19 y 20 de abril.<\/p>\n\n\n\n<p>Este evento literario ser\u00e1 organizado por los estudiantes de cuarto medio, quienes han preparado una selecci\u00f3n diversa y fascinante de libros para todos los gustos y edades.<\/p>\n\n\n\n<p>Desde novelas cl\u00e1sicas hasta los \u00faltimos best-sellers, pasando por cuentos infantiles y obras de no ficci\u00f3n, la Feria del Libro del Colegio PHP promete ser un verdadero fest\u00edn para los amantes de la lectura.<\/p>\n\n\n\n<p>Pero eso no es todo, \u00a1porque al participar estar\u00e1s apoyando a los estudiantes de cuarto medio <\/p>\n\n\n\n<p>! Todos los fondos recaudados en esta feria ser\u00e1n destinados a beneficio de los cuartos medios, contribuyendo as\u00ed a sus actividades y proyectos futuros.<\/p>\n\n\n\n<p>No te pierdas esta oportunidad de descubrir nuevas historias, enriquecer tu biblioteca personal y, al mismo tiempo, colaborar con una buena causa.<\/p>\n\n\n\n<p>La Feria del Libro del Colegio PHP estar\u00e1 abierta a toda la comunidad, as\u00ed que trae a tus amigos, familiares y vecinos. \u00a1Todos son bienvenidos a sumergirse en el mundo de las letras y el conocimiento!<\/p>\n\n\n\n<p>\u00a1Marquen sus calendarios y prep\u00e1rense para un fin de semana lleno de libros, cultura y solidaridad en el Colegio PHP! ????\u2728 #FeriaDelLibro #ColegioPHP #Lectura #CuartosMedios #SantoNews<\/p>\n","protected":false},"excerpt":{"rendered":"<p>\u00a1Atenci\u00f3n lectores y amantes de los libros! El Colegio PHP se complace en invitarlos a su emocionante Feria del Libro, que se llevar\u00e1 a cabo los d\u00edas 19 y 20 de abril&#8230;.<\/p>\n","protected":false},"author":1,"featured_media":1574,"comment_status":"closed","ping_status":"closed","sticky":false,"template":"","format":"standard","meta":{"footnotes":""},"categories":[7],"tags":[],"class_list":["post-1573","post","type-post","status-publish","format-standard","has-post-thumbnail","hentry","category-noticias"],"_links":{"self":[{"href":"https:\/\/santonews.cl\/index.php?rest_route=\/wp\/v2\/posts\/1573","targetHints":{"allow":["GET"]}}],"collection":[{"href":"https:\/\/santonews.cl\/index.php?rest_route=\/wp\/v2\/posts"}],"about":[{"href":"https:\/\/santonews.cl\/index.php?rest_route=\/wp\/v2\/types\/post"}],"author":[{"embeddable":true,"href":"https:\/\/santonews.cl\/index.php?rest_route=\/wp\/v2\/users\/1"}],"replies":[{"embeddable":true,"href":"https:\/\/santonews.cl\/index.php?rest_route=%2Fwp%2Fv2%2Fcomments&post=1573"}],"version-history":[{"count":1,"href":"https:\/\/santonews.cl\/index.php?rest_route=\/wp\/v2\/posts\/1573\/revisions"}],"predecessor-version":[{"id":1575,"href":"https:\/\/santonews.cl\/index.php?rest_route=\/wp\/v2\/posts\/1573\/revisions\/1575"}],"wp:featuredmedia":[{"embeddable":true,"href":"https:\/\/santonews.cl\/index.php?rest_route=\/wp\/v2\/media\/1574"}],"wp:attachment":[{"href":"https:\/\/santonews.cl\/index.php?rest_route=%2Fwp%2Fv2%2Fmedia&parent=1573"}],"wp:term":[{"taxonomy":"category","embeddable":true,"href":"https:\/\/santonews.cl\/index.php?rest_route=%2Fwp%2Fv2%2Fcategories&post=1573"},{"taxonomy":"post_tag","embeddable":true,"href":"https:\/\/santonews.cl\/index.php?rest_route=%2Fwp%2Fv2%2Ftags&post=1573"}],"curies":[{"name":"wp","href":"https:\/\/api.w.org\/{rel}","templated":true}]}}