{"id":1555,"date":"2024-04-07T14:08:25","date_gmt":"2024-04-07T14:08:25","guid":{"rendered":"https:\/\/santonews.cl\/?p=1555"},"modified":"2024-04-07T14:08:25","modified_gmt":"2024-04-07T14:08:25","slug":"corazon-de-ramon-trinidad-valdivieso-presenta-un-libro-educativo-en-la-clinica-santo-domingo","status":"publish","type":"post","link":"https:\/\/santonews.cl\/?p=1555","title":{"rendered":"&#8220;Coraz\u00f3n de Ram\u00f3n&#8221;: Trinidad Valdivieso Presenta un Libro Educativo en la Cl\u00ednica Santo Domingo"},"content":{"rendered":"\n<p>Con la Asistencia de Autoridades, en un emotivo evento realizado ayer s\u00e1bado 7 de abril en la Cl\u00ednica Santo Domingo, se llev\u00f3 a cabo una muestra \u00fanica de ense\u00f1anza con la presentaci\u00f3n del libro &#8220;Coraz\u00f3n de Ram\u00f3n&#8221;, de la autora Trinidad Valdivieso.<\/p>\n\n\n\n<p>Este libro, cuya tem\u00e1tica es sumamente relevante para la educaci\u00f3n y la salud de los m\u00e1s peque\u00f1os, ense\u00f1a a los ni\u00f1os a reconocer las se\u00f1ales de un paro cardiorrespiratorio y c\u00f3mo actuar r\u00e1pidamente para solicitar ayuda. Adem\u00e1s, fomenta en ellos la idea de convertirse en verdaderos superh\u00e9roes al aprender a salvar vidas, como el protagonista de la historia, Ram\u00f3n.<\/p>\n\n\n\n<p>Lo destacable de esta obra es que est\u00e1 escrita en rima, lo que la hace a\u00fan m\u00e1s atractiva y did\u00e1ctica para los ni\u00f1os. Trinidad Valdivieso, reconocida autora y experta en temas de salud y educaci\u00f3n, ha creado un recurso valioso que busca no solo entretener, sino tambi\u00e9n educar de manera efectiva y pr\u00e1ctica.<\/p>\n\n\n\n<p>Por su parte, la ilustradora editorial de &#8220;Coraz\u00f3n de Ram\u00f3n&#8221;, Trinidad Riesco, ha aportado su talento para dar vida a las p\u00e1ginas de este libro, convirti\u00e9ndolo en una experiencia visualmente impactante y memorable.<\/p>\n\n\n\n<p>El evento cont\u00f3 con la destacada presencia de autoridades locales , quienes reconocieron la importancia de este tipo de iniciativas en la formaci\u00f3n de los ni\u00f1os y en la prevenci\u00f3n de emergencias m\u00e9dicas.<\/p>\n\n\n\n<p>&#8220;Coraz\u00f3n de Ram\u00f3n&#8221; forma parte de la colecci\u00f3n &#8220;Saber es Salvar&#8221;, una serie de libros educativos destinados a ense\u00f1ar a los ni\u00f1os habilidades vitales para situaciones de emergencia.<\/p>\n\n\n\n<p>Hoy, Trinidad Valdivieso estar\u00e1 presente en la Feria del Libro en Santiago, continuando as\u00ed con la difusi\u00f3n de este valioso material que busca educar y empoderar a los ni\u00f1os en temas de salud.<\/p>\n\n\n\n<p>Cabe destacar que el lanzamiento oficial de &#8220;Coraz\u00f3n de Ram\u00f3n&#8221; tuvo lugar el martes 2 de abril en el marco de un emotivo evento en la Teleton.<\/p>\n\n\n\n<p>Trinidad Riesco e Trinidad Valdivieso son las talentosas mentes detr\u00e1s de esta obra que promete ser un gran recurso para padres, educadores y, sobre todo, para los peque\u00f1os h\u00e9roes que aprender\u00e1n a cuidar y salvar vidas a trav\u00e9s del conocimiento.<\/p>\n\n\n\n<p>Para m\u00e1s informaci\u00f3n sobre esta valiosa obra y futuros eventos relacionados, te invitamos a estar atento a las noticias en <a href=\"https:\/\/chat.openai.com\/c\/www.santonews.cl\">SantoNews.cl<\/a>. ????\u2728 #Coraz\u00f3nDeRam\u00f3n #TrinidadValdivieso #Educaci\u00f3n #SaludInfantil #Cl\u00ednicaSantoDomingo #SantoNews<\/p>\n\n\n\n<figure class=\"wp-block-gallery has-nested-images columns-default is-cropped wp-block-gallery-1 is-layout-flex wp-block-gallery-is-layout-flex\">\n<figure class=\"wp-block-image size-large\"><img loading=\"lazy\" decoding=\"async\" width=\"450\" height=\"423\" data-id=\"1556\" src=\"https:\/\/santonews.cl\/wp-content\/uploads\/2024\/04\/CL3-450x423.jpeg\" alt=\"\" class=\"wp-image-1556\" srcset=\"https:\/\/santonews.cl\/wp-content\/uploads\/2024\/04\/CL3-450x423.jpeg 450w, https:\/\/santonews.cl\/wp-content\/uploads\/2024\/04\/CL3-300x282.jpeg 300w, https:\/\/santonews.cl\/wp-content\/uploads\/2024\/04\/CL3-768x722.jpeg 768w, https:\/\/santonews.cl\/wp-content\/uploads\/2024\/04\/CL3.jpeg 829w\" sizes=\"auto, (max-width: 450px) 100vw, 450px\" \/><\/figure>\n\n\n\n<figure class=\"wp-block-image size-large\"><img loading=\"lazy\" decoding=\"async\" width=\"338\" height=\"450\" data-id=\"1558\" src=\"https:\/\/santonews.cl\/wp-content\/uploads\/2024\/04\/CL1-338x450.jpeg\" alt=\"\" class=\"wp-image-1558\" srcset=\"https:\/\/santonews.cl\/wp-content\/uploads\/2024\/04\/CL1-338x450.jpeg 338w, https:\/\/santonews.cl\/wp-content\/uploads\/2024\/04\/CL1-225x300.jpeg 225w, https:\/\/santonews.cl\/wp-content\/uploads\/2024\/04\/CL1-768x1024.jpeg 768w, https:\/\/santonews.cl\/wp-content\/uploads\/2024\/04\/CL1-300x400.jpeg 300w, https:\/\/santonews.cl\/wp-content\/uploads\/2024\/04\/CL1-850x1133.jpeg 850w, https:\/\/santonews.cl\/wp-content\/uploads\/2024\/04\/CL1.jpeg 960w\" sizes=\"auto, (max-width: 338px) 100vw, 338px\" \/><\/figure>\n\n\n\n<figure class=\"wp-block-image size-large\"><img loading=\"lazy\" decoding=\"async\" width=\"338\" height=\"450\" data-id=\"1557\" src=\"https:\/\/santonews.cl\/wp-content\/uploads\/2024\/04\/CL2-338x450.jpeg\" alt=\"\" class=\"wp-image-1557\" srcset=\"https:\/\/santonews.cl\/wp-content\/uploads\/2024\/04\/CL2-338x450.jpeg 338w, https:\/\/santonews.cl\/wp-content\/uploads\/2024\/04\/CL2-225x300.jpeg 225w, https:\/\/santonews.cl\/wp-content\/uploads\/2024\/04\/CL2-768x1024.jpeg 768w, https:\/\/santonews.cl\/wp-content\/uploads\/2024\/04\/CL2-300x400.jpeg 300w, https:\/\/santonews.cl\/wp-content\/uploads\/2024\/04\/CL2-850x1133.jpeg 850w, https:\/\/santonews.cl\/wp-content\/uploads\/2024\/04\/CL2.jpeg 960w\" sizes=\"auto, (max-width: 338px) 100vw, 338px\" \/><\/figure>\n<\/figure>\n","protected":false},"excerpt":{"rendered":"<p>Con la Asistencia de Autoridades, en un emotivo evento realizado ayer s\u00e1bado 7 de abril en la Cl\u00ednica Santo Domingo, se llev\u00f3 a cabo una muestra \u00fanica de ense\u00f1anza con la presentaci\u00f3n&#8230;<\/p>\n","protected":false},"author":1,"featured_media":1556,"comment_status":"closed","ping_status":"closed","sticky":false,"template":"","format":"standard","meta":{"footnotes":""},"categories":[7],"tags":[],"class_list":["post-1555","post","type-post","status-publish","format-standard","has-post-thumbnail","hentry","category-noticias"],"_links":{"self":[{"href":"https:\/\/santonews.cl\/index.php?rest_route=\/wp\/v2\/posts\/1555","targetHints":{"allow":["GET"]}}],"collection":[{"href":"https:\/\/santonews.cl\/index.php?rest_route=\/wp\/v2\/posts"}],"about":[{"href":"https:\/\/santonews.cl\/index.php?rest_route=\/wp\/v2\/types\/post"}],"author":[{"embeddable":true,"href":"https:\/\/santonews.cl\/index.php?rest_route=\/wp\/v2\/users\/1"}],"replies":[{"embeddable":true,"href":"https:\/\/santonews.cl\/index.php?rest_route=%2Fwp%2Fv2%2Fcomments&post=1555"}],"version-history":[{"count":1,"href":"https:\/\/santonews.cl\/index.php?rest_route=\/wp\/v2\/posts\/1555\/revisions"}],"predecessor-version":[{"id":1559,"href":"https:\/\/santonews.cl\/index.php?rest_route=\/wp\/v2\/posts\/1555\/revisions\/1559"}],"wp:featuredmedia":[{"embeddable":true,"href":"https:\/\/santonews.cl\/index.php?rest_route=\/wp\/v2\/media\/1556"}],"wp:attachment":[{"href":"https:\/\/santonews.cl\/index.php?rest_route=%2Fwp%2Fv2%2Fmedia&parent=1555"}],"wp:term":[{"taxonomy":"category","embeddable":true,"href":"https:\/\/santonews.cl\/index.php?rest_route=%2Fwp%2Fv2%2Fcategories&post=1555"},{"taxonomy":"post_tag","embeddable":true,"href":"https:\/\/santonews.cl\/index.php?rest_route=%2Fwp%2Fv2%2Ftags&post=1555"}],"curies":[{"name":"wp","href":"https:\/\/api.w.org\/{rel}","templated":true}]}}