{"id":1552,"date":"2024-04-05T20:57:37","date_gmt":"2024-04-05T20:57:37","guid":{"rendered":"https:\/\/santonews.cl\/?p=1552"},"modified":"2024-04-05T20:57:38","modified_gmt":"2024-04-05T20:57:38","slug":"fatal-accidente-en-santo-domingo-fiscalia-apela-y-va-por-prision-para-estudiante-de-derecho","status":"publish","type":"post","link":"https:\/\/santonews.cl\/?p=1552","title":{"rendered":"Fatal accidente en Santo Domingo: Fiscal\u00eda apela y va por prisi\u00f3n para estudiante de Derecho"},"content":{"rendered":"\n<p>a madrugada del 31 de marzo Jos\u00e9 Ignacio Venturino Saporta manejaba un veh\u00edculo marca BMW bajo la influencia del alcohol por el camino Las Brisas de Santo Domingo. No iba solo. Con \u00e9l iban tres personas. Perdi\u00f3 el control del autom\u00f3vil provocando un tr\u00e1gico accidente donde fallecieron dos personas: Trinidad Bunster y Agustina Espinoza. Fue formalizado por conducci\u00f3n en estado de ebriedad con resultado de muerte, quedando con la cautelar de arresto domiciliario total. El Ministerio P\u00fablico apel\u00f3 y va por la prisi\u00f3n preventiva. La Corte de Apelaciones de Valpara\u00edso decidir\u00e1.<\/p>\n\n\n\n<p>Con 1.24 gramos por litro de alcohol en la sangre conduc\u00eda la madrugada del pasado 31 de marzo el estudiante de derecho de la Universidad del Desarrollo,&nbsp;<strong>Jos\u00e9 Ignacio Venturino Saporta<\/strong>, por el camino Las Brisas de Santo Domingo, en la regi\u00f3n de Valpara\u00edso. No iba solo. Lo acompa\u00f1aba un copiloto y dos j\u00f3venes sentadas en la parte de atr\u00e1s.<\/p>\n\n\n\n<p>Los ocupantes del veh\u00edculo marca BMW eran Javier \u00c1lvarez Palma, y las j\u00f3venes&nbsp;<strong>Trinidad Bunster<\/strong>&nbsp;(20) y&nbsp;<strong>Agustina Espinoza<\/strong>&nbsp;(19). Estas dos \u00faltimas, resultaron fallecidas luego que Venturino Saporta perdiera el control de su veh\u00edculo. Iba a exceso de velocidad y en estado de ebriedad. Tanto Venturino como \u00c1lvarez Palma sobrevivieron.<\/p>\n\n\n\n<p>Tras ser detenido, y con importantes lesiones, el conductor fue formalizado ante el Juzgado de Garant\u00eda de San Antonio por el delito de conducci\u00f3n en estado de ebriedad con resultado de muerte, quedando sujeto a la medida cautelar de arresto domiciliario total y arraigo nacional. Tiene domicilio fijado en la comuna de Las Condes, regi\u00f3n Metropolitana.<\/p>\n\n\n\n<p>Parte de los hechos narrados por el&nbsp;<strong>fiscal Fred Silva Valenzuela<\/strong>, de la Fiscal\u00eda Local de San Antonio, fueron que \u201csiendo aproximadamente las 01:00 horas del d\u00eda 31.03.24, horas de la madrugada, el imputado Venturino Saporta condujo en estado de ebriedad el veh\u00edculo tipo autom\u00f3vil marca BMW, modelo 1284 (\u2026)&nbsp;<strong>de su propiedad<\/strong>&nbsp;por camino las Brisas de Santo Domingo en direcci\u00f3n al poniente\u201d.<\/p>\n\n\n\n<p>Y continu\u00f3 describiendo que \u201cproducto de las capacidades psicomotoras del imputado,&nbsp;<strong>por encontrarse en estado de ebriedad y el exceso de velocidad, \u00e9ste pierde el control y maniobrabilidad del m\u00f3vil<\/strong>, colisionando con la se\u00f1al\u00e9tica existente en el lugar, para luego dar giros y colisionar con los \u00e1rboles ubicados al costado del camino\u201d.<\/p>\n\n\n\n<p>Pese a que Venturino Saporta ya fue formalizado, volver\u00e1 a enfrentar a la justicia. Lo anterior, porque ser\u00e1 reformalizado el pr\u00f3ximo 30 de abril, seg\u00fan explic\u00f3 el fiscal de San Antonio, Francisco Mart\u00ednez, quien dijo que a\u00fan quedan circunstancias que \u201c<strong>hay que precisar<\/strong>\u201d.<audio preload=\"none\"><\/audio><\/p>\n\n\n\n<h2 class=\"wp-block-heading\">Fatal accidente en Santo Domingo: acusan que padre de imputado \u201cencubre a su hijo\u201d<\/h2>\n\n\n\n<p>A trav\u00e9s de redes sociales, el padre de Trinidad Bunster se refiri\u00f3 al accidente apuntando a un posible encubrimiento de la familia de Venturino Saporta. \u201cPadre muy preocupado, est\u00e1 bien\u2026 Pero est\u00e1 encubriendo a su hijo responsable. Hijo preocupado del auto, padre preocupado por sacar a su hijo del lugar\u2026 y otras cosas fuertes de reproducir\u201d, se descarg\u00f3.<\/p>\n\n\n\n<p>Pero adem\u00e1s de la reformalizaci\u00f3n que se avecina, se suma que el Ministerio P\u00fablico apel\u00f3 contra la resoluci\u00f3n que no dio a lugar la medida cautelar de prisi\u00f3n preventiva solicitada en la audiencia de formalizaci\u00f3n. Ser\u00e1, entonces, la Corte de Apelaciones de Valpara\u00edso quien deber\u00e1 conocer los antecedentes para revocar o mantener lo resuelto por el tribunal de garant\u00eda.<\/p>\n\n\n\n<p>Fue la Secci\u00f3n de Investigaci\u00f3n de Accidentes de Tr\u00e1nsito de Carabineros (SIAT) de Valpara\u00edso quien lleg\u00f3 al sitio del suceso la madrugada del 31 de marzo. El teniente Carlos Sandoval, en la instancia, confirm\u00f3 la&nbsp;<strong>responsabilidad del conductor al perder el control del veh\u00edculo en una curva<\/strong>.<audio preload=\"none\"><\/audio><\/p>\n\n\n\n<p>Adem\u00e1s del arresto domiciliario y el arraigo nacional,\u00a0<strong>a Jos\u00e9 Ignacio le suspendieron su licencia de conducir y se estableci\u00f3 un plazo de investigaci\u00f3n de 120 d\u00edas<\/strong>.<\/p>\n\n\n\n<p><\/p>\n\n\n\n<p>Fuente: <a href=\"https:\/\/www.biobiochile.cl\/noticias\/nacional\/region-de-valparaiso\/2024\/04\/05\/fiscalia-apelara-a-prision-preventiva-de-joven-que-ebrio-protagonizo-accidente-fatal-en-santo-domingo.shtml\">https:\/\/www.biobiochile.cl\/noticias\/nacional\/region-de-valparaiso\/2024\/04\/05\/fiscalia-apelara-a-prision-preventiva-de-joven-que-ebrio-protagonizo-accidente-fatal-en-santo-domingo.shtml<\/a><\/p>\n","protected":false},"excerpt":{"rendered":"<p>a madrugada del 31 de marzo Jos\u00e9 Ignacio Venturino Saporta manejaba un veh\u00edculo marca BMW bajo la influencia del alcohol por el camino Las Brisas de Santo Domingo. No iba solo. Con&#8230;<\/p>\n","protected":false},"author":1,"featured_media":1553,"comment_status":"closed","ping_status":"closed","sticky":false,"template":"","format":"standard","meta":{"footnotes":""},"categories":[7],"tags":[],"class_list":["post-1552","post","type-post","status-publish","format-standard","has-post-thumbnail","hentry","category-noticias"],"_links":{"self":[{"href":"https:\/\/santonews.cl\/index.php?rest_route=\/wp\/v2\/posts\/1552","targetHints":{"allow":["GET"]}}],"collection":[{"href":"https:\/\/santonews.cl\/index.php?rest_route=\/wp\/v2\/posts"}],"about":[{"href":"https:\/\/santonews.cl\/index.php?rest_route=\/wp\/v2\/types\/post"}],"author":[{"embeddable":true,"href":"https:\/\/santonews.cl\/index.php?rest_route=\/wp\/v2\/users\/1"}],"replies":[{"embeddable":true,"href":"https:\/\/santonews.cl\/index.php?rest_route=%2Fwp%2Fv2%2Fcomments&post=1552"}],"version-history":[{"count":1,"href":"https:\/\/santonews.cl\/index.php?rest_route=\/wp\/v2\/posts\/1552\/revisions"}],"predecessor-version":[{"id":1554,"href":"https:\/\/santonews.cl\/index.php?rest_route=\/wp\/v2\/posts\/1552\/revisions\/1554"}],"wp:featuredmedia":[{"embeddable":true,"href":"https:\/\/santonews.cl\/index.php?rest_route=\/wp\/v2\/media\/1553"}],"wp:attachment":[{"href":"https:\/\/santonews.cl\/index.php?rest_route=%2Fwp%2Fv2%2Fmedia&parent=1552"}],"wp:term":[{"taxonomy":"category","embeddable":true,"href":"https:\/\/santonews.cl\/index.php?rest_route=%2Fwp%2Fv2%2Fcategories&post=1552"},{"taxonomy":"post_tag","embeddable":true,"href":"https:\/\/santonews.cl\/index.php?rest_route=%2Fwp%2Fv2%2Ftags&post=1552"}],"curies":[{"name":"wp","href":"https:\/\/api.w.org\/{rel}","templated":true}]}}