{"id":1545,"date":"2024-03-29T23:30:46","date_gmt":"2024-03-29T23:30:46","guid":{"rendered":"https:\/\/santonews.cl\/?p=1545"},"modified":"2024-03-29T23:31:27","modified_gmt":"2024-03-29T23:31:27","slug":"san-antonino-secuestrado-tras-violenta-encerrona-en-santiago-delincuentes-lo-abandonan-en-san-bernardo","status":"publish","type":"post","link":"https:\/\/santonews.cl\/?p=1545","title":{"rendered":"San Antonino Secuestrado Tras Violenta Encerrona en Santiago: Delincuentes lo Abandonan en San Bernardo"},"content":{"rendered":"\n<p>Un escalofriante suceso estremeci\u00f3 la tranquilidad de la comuna de Santiago en la regi\u00f3n Metropolitana, cuando un hombre de 42 a\u00f1os fue secuestrado luego de sufrir una violenta encerrona.<\/p>\n\n\n\n<p>Los hechos se desencadenaron en horas de la tarde de este jueves, cuando un adulto mayor de 71 a\u00f1os y su hijo  ambos de San Antonio se dirig\u00edan en su cami\u00f3n para entregar una carga de fardos de ropa. La intersecci\u00f3n de Bascu\u00f1an Guerrero con Espi\u00f1eira fue el escenario donde el horror se hizo presente.<\/p>\n\n\n\n<p>Un autom\u00f3vil los intercept\u00f3 y de \u00e9l descendieron cuatro individuos armados, quienes no dudaron en intimidar a las v\u00edctimas para robar la m\u00e1quina. En medio del forcejeo, los delincuentes obligaron al adulto mayor a descender del veh\u00edculo, mientras que el hijo, quien conduc\u00eda, fue secuestrado sin contemplaciones.<\/p>\n\n\n\n<p>Ante la angustiante situaci\u00f3n, el padre se apresur\u00f3 a buscar ayuda y denunciar los hechos en la comisar\u00eda m\u00e1s cercana.<\/p>\n\n\n\n<p>El hijo, por otro lado, fue subido a otro veh\u00edculo y posteriormente abandonado  en San Bernardo. All\u00ed, desesperado, solicit\u00f3 ayuda a los vecinos del lugar, quienes r\u00e1pidamente alertaron a las autoridades de Carabineros.<\/p>\n\n\n\n<p>Los detalles de este aterrador episodio han sido puestos en manos del Ministerio P\u00fablico, que ha instruido al personal del OS9 de Carabineros para realizar las pericias pertinentes.<\/p>\n\n\n\n<p>Para conocer m\u00e1s detalles sobre este impactante suceso y seguir de cerca su desarrollo, mantente informado en <a href=\"www.santonews.cl\">SantoNews.cl<\/a>. ???? #Santiago #Secuestro #ViolenciaUrbana #SanBernardo #SantoNews<\/p>\n\n\n<div class=\"wp-block-image\">\n<figure class=\"aligncenter size-large is-resized\"><img loading=\"lazy\" decoding=\"async\" width=\"253\" height=\"450\" src=\"https:\/\/santonews.cl\/wp-content\/uploads\/2024\/03\/image-2-253x450.png\" alt=\"\" class=\"wp-image-1546\" style=\"width:433px;height:auto\" srcset=\"https:\/\/santonews.cl\/wp-content\/uploads\/2024\/03\/image-2-253x450.png 253w, https:\/\/santonews.cl\/wp-content\/uploads\/2024\/03\/image-2-169x300.png 169w, https:\/\/santonews.cl\/wp-content\/uploads\/2024\/03\/image-2-300x534.png 300w, https:\/\/santonews.cl\/wp-content\/uploads\/2024\/03\/image-2.png 759w\" sizes=\"auto, (max-width: 253px) 100vw, 253px\" \/><\/figure>\n<\/div>","protected":false},"excerpt":{"rendered":"<p>Un escalofriante suceso estremeci\u00f3 la tranquilidad de la comuna de Santiago en la regi\u00f3n Metropolitana, cuando un hombre de 42 a\u00f1os fue secuestrado luego de sufrir una violenta encerrona. Los hechos se&#8230;<\/p>\n","protected":false},"author":1,"featured_media":1546,"comment_status":"closed","ping_status":"closed","sticky":false,"template":"","format":"standard","meta":{"footnotes":""},"categories":[7],"tags":[],"class_list":["post-1545","post","type-post","status-publish","format-standard","has-post-thumbnail","hentry","category-noticias"],"_links":{"self":[{"href":"https:\/\/santonews.cl\/index.php?rest_route=\/wp\/v2\/posts\/1545","targetHints":{"allow":["GET"]}}],"collection":[{"href":"https:\/\/santonews.cl\/index.php?rest_route=\/wp\/v2\/posts"}],"about":[{"href":"https:\/\/santonews.cl\/index.php?rest_route=\/wp\/v2\/types\/post"}],"author":[{"embeddable":true,"href":"https:\/\/santonews.cl\/index.php?rest_route=\/wp\/v2\/users\/1"}],"replies":[{"embeddable":true,"href":"https:\/\/santonews.cl\/index.php?rest_route=%2Fwp%2Fv2%2Fcomments&post=1545"}],"version-history":[{"count":1,"href":"https:\/\/santonews.cl\/index.php?rest_route=\/wp\/v2\/posts\/1545\/revisions"}],"predecessor-version":[{"id":1547,"href":"https:\/\/santonews.cl\/index.php?rest_route=\/wp\/v2\/posts\/1545\/revisions\/1547"}],"wp:featuredmedia":[{"embeddable":true,"href":"https:\/\/santonews.cl\/index.php?rest_route=\/wp\/v2\/media\/1546"}],"wp:attachment":[{"href":"https:\/\/santonews.cl\/index.php?rest_route=%2Fwp%2Fv2%2Fmedia&parent=1545"}],"wp:term":[{"taxonomy":"category","embeddable":true,"href":"https:\/\/santonews.cl\/index.php?rest_route=%2Fwp%2Fv2%2Fcategories&post=1545"},{"taxonomy":"post_tag","embeddable":true,"href":"https:\/\/santonews.cl\/index.php?rest_route=%2Fwp%2Fv2%2Ftags&post=1545"}],"curies":[{"name":"wp","href":"https:\/\/api.w.org\/{rel}","templated":true}]}}