{"id":1533,"date":"2024-03-24T13:27:35","date_gmt":"2024-03-24T13:27:35","guid":{"rendered":"https:\/\/santonews.cl\/?p=1533"},"modified":"2024-03-24T13:27:36","modified_gmt":"2024-03-24T13:27:36","slug":"corte-suprema-ratifica-desalojo-de-megatoma-en-san-antonio","status":"publish","type":"post","link":"https:\/\/santonews.cl\/?p=1533","title":{"rendered":"Corte Suprema Ratifica Desalojo de Megatoma en San Antonio"},"content":{"rendered":"\n<p>En medio de acusaciones de abandono de negociaci\u00f3n por parte del Ministerio de Vivienda y Urbanismo (Minvu), la Tercera Sala de la Corte Suprema ha ratificado de forma un\u00e1nime el fallo que confirma el desalojo de la megatoma en San Antonio.<\/p>\n\n\n\n<p>La sentencia, que fue emitida el viernes pasado, reafirma el dictamen de junio del a\u00f1o anterior emitido por la Corte de Valpara\u00edso. Esta resoluci\u00f3n establece un plazo de seis meses para llevar a cabo el desalojo definitivo de la ocupaci\u00f3n en la zona. En palabras precisas de la sentencia: &#8220;Todos los ocupantes deber\u00e1n abandonar el inmueble, disponiendo de un m\u00e1ximo de seis meses desde que esta sentencia quede ejecutoriada, debiendo retirar del lugar sus enseres y construcciones realizadas en el lugar\u201d.<\/p>\n\n\n\n<figure class=\"wp-block-image size-large is-resized\"><img loading=\"lazy\" decoding=\"async\" width=\"450\" height=\"253\" src=\"https:\/\/santonews.cl\/wp-content\/uploads\/2024\/03\/image-450x253.png\" alt=\"EL PA\u00cfS\" class=\"wp-image-1534\" style=\"width:738px;height:auto\" srcset=\"https:\/\/santonews.cl\/wp-content\/uploads\/2024\/03\/image-450x253.png 450w, https:\/\/santonews.cl\/wp-content\/uploads\/2024\/03\/image-300x168.png 300w, https:\/\/santonews.cl\/wp-content\/uploads\/2024\/03\/image.png 700w\" sizes=\"auto, (max-width: 450px) 100vw, 450px\" \/><\/figure>\n\n\n\n<p>Esta megatoma, que abarca m\u00e1s de 200 hect\u00e1reas, ha sido objeto de intensas discusiones y debates. Entre las acusaciones vertidas, se encuentra la afirmaci\u00f3n de que el Gobierno habr\u00eda abandonado las negociaciones pertinentes para resolver esta situaci\u00f3n.<\/p>\n\n\n\n<p>Previamente al fallo de la Corte Suprema, el ministro de Vivienda, Carlos Montes, declar\u00f3 el viernes pasado: &#8220;El due\u00f1o del terreno quiere que le compremos. Pero no vamos a comprar por esa presi\u00f3n&#8221;. Estas palabras han reavivado el debate en torno a las estrategias que el Gobierno debe adoptar frente a esta situaci\u00f3n compleja.<\/p>\n\n\n\n<p>La megatoma de San Antonio ha representado uno de los mayores desaf\u00edos en materia de ocupaciones en el pa\u00eds, generando preocupaci\u00f3n y debates sobre los derechos de propiedad, el acceso a la vivienda y las pol\u00edticas de regulaci\u00f3n urbana. La sentencia de la Corte Suprema establece un claro plazo para la resoluci\u00f3n de este conflicto, incluyendo la posibilidad de utilizar el &#8220;auxilio de la fuerza p\u00fablica en caso de oposici\u00f3n&#8221;.<\/p>\n\n\n\n<p>La situaci\u00f3n contin\u00faa siendo objeto de seguimiento por parte de diversos sectores de la sociedad, en espera de c\u00f3mo se desarrollar\u00e1n los siguientes pasos para el desalojo de esta megatoma en San Antonio.<\/p>\n\n\n\n<p><\/p>\n\n\n\n<p><\/p>\n","protected":false},"excerpt":{"rendered":"<p>En medio de acusaciones de abandono de negociaci\u00f3n por parte del Ministerio de Vivienda y Urbanismo (Minvu), la Tercera Sala de la Corte Suprema ha ratificado de forma un\u00e1nime el fallo que&#8230;<\/p>\n","protected":false},"author":1,"featured_media":1534,"comment_status":"closed","ping_status":"closed","sticky":false,"template":"","format":"standard","meta":{"footnotes":""},"categories":[7],"tags":[],"class_list":["post-1533","post","type-post","status-publish","format-standard","has-post-thumbnail","hentry","category-noticias"],"_links":{"self":[{"href":"https:\/\/santonews.cl\/index.php?rest_route=\/wp\/v2\/posts\/1533","targetHints":{"allow":["GET"]}}],"collection":[{"href":"https:\/\/santonews.cl\/index.php?rest_route=\/wp\/v2\/posts"}],"about":[{"href":"https:\/\/santonews.cl\/index.php?rest_route=\/wp\/v2\/types\/post"}],"author":[{"embeddable":true,"href":"https:\/\/santonews.cl\/index.php?rest_route=\/wp\/v2\/users\/1"}],"replies":[{"embeddable":true,"href":"https:\/\/santonews.cl\/index.php?rest_route=%2Fwp%2Fv2%2Fcomments&post=1533"}],"version-history":[{"count":1,"href":"https:\/\/santonews.cl\/index.php?rest_route=\/wp\/v2\/posts\/1533\/revisions"}],"predecessor-version":[{"id":1535,"href":"https:\/\/santonews.cl\/index.php?rest_route=\/wp\/v2\/posts\/1533\/revisions\/1535"}],"wp:featuredmedia":[{"embeddable":true,"href":"https:\/\/santonews.cl\/index.php?rest_route=\/wp\/v2\/media\/1534"}],"wp:attachment":[{"href":"https:\/\/santonews.cl\/index.php?rest_route=%2Fwp%2Fv2%2Fmedia&parent=1533"}],"wp:term":[{"taxonomy":"category","embeddable":true,"href":"https:\/\/santonews.cl\/index.php?rest_route=%2Fwp%2Fv2%2Fcategories&post=1533"},{"taxonomy":"post_tag","embeddable":true,"href":"https:\/\/santonews.cl\/index.php?rest_route=%2Fwp%2Fv2%2Ftags&post=1533"}],"curies":[{"name":"wp","href":"https:\/\/api.w.org\/{rel}","templated":true}]}}