{"id":1530,"date":"2024-03-15T16:07:58","date_gmt":"2024-03-15T16:07:58","guid":{"rendered":"https:\/\/santonews.cl\/?p=1530"},"modified":"2024-03-15T16:07:59","modified_gmt":"2024-03-15T16:07:59","slug":"tres-hombres-resultaron-heridos-a-bala-en-toma-ubicada-en-el-limite-de-cartagena-y-san-antonio","status":"publish","type":"post","link":"https:\/\/santonews.cl\/?p=1530","title":{"rendered":"Tres hombres resultaron heridos a bala en toma ubicada en el l\u00edmite de Cartagena y San Antonio"},"content":{"rendered":"\n<p>Publicado por&nbsp;<strong><a href=\"https:\/\/www.biobiochile.cl\/lista\/autores\/jvalencia\">Jean Valencia<\/a><\/strong><br>La informaci\u00f3n es de&nbsp;<strong><a href=\"https:\/\/www.biobiochile.cl\/lista\/autores\/Jveragar\">Jos\u00e9 Manuel Vergara<\/a><\/strong><\/p>\n\n\n\n<h1 class=\"wp-block-heading\">Tres hombres resultaron heridos a bala en toma ubicada en el l\u00edmite de Cartagena y San Antonio<\/h1>\n\n\n\n<p><\/p>\n\n\n\n<p>Los sujetos quedaron con heridas graves, aunque fuera de riesgo vital. Asimismo, se inform\u00f3 que decidieron no denunciar y, posteriormente, se revel\u00f3 que mantienen diversos antecedentes policiales, aunque nada vigente.<\/p>\n\n\n\n<p><strong>Tres hombres resultaron heridos a bala al interior de una toma ubicada en el l\u00edmite de las comunas de Cartagena y San Antonio<\/strong>, en la&nbsp;<a href=\"https:\/\/www.biobiochile.cl\/lista\/categorias\/region-de-valparaiso\" rel=\"noreferrer noopener\" target=\"_blank\">regi\u00f3n de Valpara\u00edso<\/a>.<\/p>\n\n\n\n<p>En espec\u00edfico, el hecho ocurri\u00f3 al interior de la toma \u201c18 de octubre\u201d, localizada por el Camino Viejo a la primera comuna mencionada.<\/p>\n\n\n\n<p>A causa de los impactos bal\u00edsticos, los&nbsp;<strong>afectados quedaron con heridas de gravedad, aunque fuera de riesgo vital<\/strong>.<\/p>\n\n\n\n<p>El mayor Jos\u00e9 Miguel L\u00f3pez, comisario de Carabineros de la Segunda Comisar\u00eda de Cartagena, confirm\u00f3 que las v\u00edctimas fueron llevadas al hospital Claudio Vicu\u00f1a, con el fin de examinar sus lesiones.<audio preload=\"none\"><\/audio><\/p>\n\n\n\n<p>Los tres fueron hospitalizados, pero dos de ellos ya tienen el alta m\u00e9dica. Uno presentaba lesiones por arma de fuego en el abdomen; los otros en las piernas.<\/p>\n\n\n\n<p>El subprefecto Ricardo Castillo, jefe de la Brigada de Homicidios (BH) de la Polic\u00eda de Investigaciones (PDI) de San Antonio, precis\u00f3 que el hecho ocurri\u00f3 al interior de una casa abandonada.<\/p>\n\n\n\n<p>De manera preliminar, se presume la participaci\u00f3n de una cuarta persona que atac\u00f3 a disparos a las tres v\u00edctimas.<audio preload=\"none\"><\/audio><\/p>\n\n\n\n<h2 class=\"wp-block-heading\">Delegada de San Antonio no permitir\u00e1 que \u201chechos como estos queden impunes\u201d<\/h2>\n\n\n\n<p>En cuanto a los heridos por los disparos, corresponden a hombres adultos de 33, 38 y 39 a\u00f1os, respectivamente. Seg\u00fan Carabineros, declinaron denunciar el hecho y no aportaron informaci\u00f3n a la polic\u00eda, por lo que se orden\u00f3 una denuncia de oficio.<\/p>\n\n\n\n<p>Al respecto, la delegada presidencial provincial de San Antonio, Caroline Sireau, advirti\u00f3 que&nbsp;<strong>no permitir\u00e1n que \u201chechos como estos queden impunes\u201d<\/strong>.<audio preload=\"none\"><\/audio><\/p>\n\n\n\n<h2 class=\"wp-block-heading\">Hombres heridos en toma registran antecedentes policiales<\/h2>\n\n\n\n<p>Seg\u00fan antecedentes policiales, la&nbsp;<strong>primera v\u00edctima registra 10 reiteraciones en delitos como robo, hurto y porte de arma cortante, aunque nada vigente<\/strong>.<\/p>\n\n\n\n<p>El&nbsp;<strong>segundo herido tiene 24 reiteraciones por robo, hurto y receptaci\u00f3n<\/strong>. Finalmente, el&nbsp;<strong>tercero posee 7 reiteraciones por robo, hurto y porte de arma blanca. Ninguno de ellos vigente<\/strong>.<\/p>\n\n\n\n<p>Fuente: https:\/\/www.biobiochile.cl\/<\/p>\n","protected":false},"excerpt":{"rendered":"<p>Publicado por&nbsp;Jean ValenciaLa informaci\u00f3n es de&nbsp;Jos\u00e9 Manuel Vergara Tres hombres resultaron heridos a bala en toma ubicada en el l\u00edmite de Cartagena y San Antonio Los sujetos quedaron con heridas graves, aunque&#8230;<\/p>\n","protected":false},"author":1,"featured_media":1531,"comment_status":"closed","ping_status":"closed","sticky":false,"template":"","format":"standard","meta":{"footnotes":""},"categories":[7],"tags":[],"class_list":["post-1530","post","type-post","status-publish","format-standard","has-post-thumbnail","hentry","category-noticias"],"_links":{"self":[{"href":"https:\/\/santonews.cl\/index.php?rest_route=\/wp\/v2\/posts\/1530","targetHints":{"allow":["GET"]}}],"collection":[{"href":"https:\/\/santonews.cl\/index.php?rest_route=\/wp\/v2\/posts"}],"about":[{"href":"https:\/\/santonews.cl\/index.php?rest_route=\/wp\/v2\/types\/post"}],"author":[{"embeddable":true,"href":"https:\/\/santonews.cl\/index.php?rest_route=\/wp\/v2\/users\/1"}],"replies":[{"embeddable":true,"href":"https:\/\/santonews.cl\/index.php?rest_route=%2Fwp%2Fv2%2Fcomments&post=1530"}],"version-history":[{"count":1,"href":"https:\/\/santonews.cl\/index.php?rest_route=\/wp\/v2\/posts\/1530\/revisions"}],"predecessor-version":[{"id":1532,"href":"https:\/\/santonews.cl\/index.php?rest_route=\/wp\/v2\/posts\/1530\/revisions\/1532"}],"wp:featuredmedia":[{"embeddable":true,"href":"https:\/\/santonews.cl\/index.php?rest_route=\/wp\/v2\/media\/1531"}],"wp:attachment":[{"href":"https:\/\/santonews.cl\/index.php?rest_route=%2Fwp%2Fv2%2Fmedia&parent=1530"}],"wp:term":[{"taxonomy":"category","embeddable":true,"href":"https:\/\/santonews.cl\/index.php?rest_route=%2Fwp%2Fv2%2Fcategories&post=1530"},{"taxonomy":"post_tag","embeddable":true,"href":"https:\/\/santonews.cl\/index.php?rest_route=%2Fwp%2Fv2%2Ftags&post=1530"}],"curies":[{"name":"wp","href":"https:\/\/api.w.org\/{rel}","templated":true}]}}