{"id":1466,"date":"2024-01-03T12:11:18","date_gmt":"2024-01-03T12:11:18","guid":{"rendered":"https:\/\/santonews.cl\/?p=1466"},"modified":"2024-01-03T18:26:23","modified_gmt":"2024-01-03T18:26:23","slug":"crisis-por-falta-de-camas-nuevo-hospital-de-san-antonio-estaba-listo-en-2022-y-aun-no-se-habilita","status":"publish","type":"post","link":"https:\/\/santonews.cl\/?p=1466","title":{"rendered":"Crisis por falta de camas: nuevo Hospital de San Antonio estaba listo en 2022 y a\u00fan no se habilita"},"content":{"rendered":"\n<p>Por\u00a0<strong><a href=\"https:\/\/www.biobiochile.cl\/lista\/autores\/mstuardo\">Manuel Stuardo<\/a><\/strong><br>Con informaci\u00f3n de\u00a0<strong><a href=\"https:\/\/www.biobiochile.cl\/lista\/autores\/naburto\">N\u00e9stor Aburto<\/a>.<\/strong><\/p>\n\n\n\n<p><\/p>\n\n\n\n<p>l nuevo Hospital de San Antonio estaba listo en 2022, se realizaron observaciones y ya en abril de este a\u00f1o fueron subsanadas, sin embargo, el recinto asistencial a\u00fan no se habilita. Esto en medio de la crisis por falta de camas y la muerte de una beb\u00e9 por virus sincicial en esa misma comuna.<\/p>\n\n\n\n<p>En medio de la crisis por falta de camas UCI, Radio B\u00edo B\u00edo accedi\u00f3 a un documento que revela que el nuevo Hospital Claudio Vicu\u00f1a de San Antonio, en la regi\u00f3n de Valpara\u00edso,&nbsp;<strong>estaba listo en 2022<\/strong>.<\/p>\n\n\n\n<p>Esto, luego que se conociera el caso de&nbsp;<strong>una menor de dos meses que muri\u00f3 en dicha zona<\/strong>&nbsp;ante la falta de camas.<\/p>\n\n\n\n<p>Seg\u00fan el documento, el 27 de septiembre de 2022, la empresa Moller &amp; Perez-Cotapos, a cargo de la obra, ingres\u00f3 la carta N\u00b0 1796\/2022, mediante libro de obra N\u00b088, el\u00a0<strong>t\u00e9rmino de los trabajos, solicitando la recepci\u00f3n de obra<\/strong>.<\/p>\n\n\n\n<p>En octubre de ese mismo a\u00f1o, la Inspecci\u00f3n T\u00e9cnica de Obra emiti\u00f3 un informe donde se certifica que las obras estaban terminadas de acuerdo a las bases del contrato. El 15 de diciembre se emiti\u00f3&nbsp;<strong>un documento con 7.258 observaciones<\/strong>, mientras que el 22 del mismo mes se procedi\u00f3 a la firma de acta de recepci\u00f3n provisoria con observaciones para la obra llamada&nbsp;<a href=\"https:\/\/www.hcv.cl\/Nuevo_HCV\/\">\u201cNormalizaci\u00f3n Hospital Claudio vicu\u00f1a, San Antonio\u201d<\/a>.<\/p>\n\n\n\n<p>Finalmente, el 17 de abril de este 2023, antes que comenzara el aumento de enfermedades respiratorias, sobre todo virus sincicial, la empresa ingres\u00f3 una carta&nbsp;<strong>solicitando la recepci\u00f3n final, ya sin observaciones<\/strong>.<\/p>\n\n\n\n<figure class=\"wp-block-image\" id=\"attachment_5683025\"><img decoding=\"async\" src=\"https:\/\/media.biobiochile.cl\/wp-content\/uploads\/2023\/06\/hospital-san-antonio-432x768.jpeg\" alt=\"Crisis por falta de camas: nuevo Hospital de San Antonio estaba listo en 2022 y a\u00fan no se habilita\" class=\"wp-image-5683025\"\/><figcaption class=\"wp-element-caption\">Archivo RBB<\/figcaption><\/figure>\n\n\n\n<p>Seg\u00fan informaci\u00f3n que maneja Radio B\u00edo B\u00edo, todo apunta a la\u00a0<strong>gesti\u00f3n de la alcaldesa de la comuna, Constanza Lizana<\/strong>, ya que el nuevo Hospital de San Antonio estar\u00eda a la espera de la recepci\u00f3n municipal de las obras.<\/p>\n\n\n\n<p>Este documento se revela en medio de una crisis por&nbsp;<strong>falta de camas UCI por enfermedades respiratorias<\/strong>, que afectan principalmente a menores y ni\u00f1os. Un ejemplo de ello es el caso de M\u00eda, una lactante de dos meses que muri\u00f3 esperando una cama, siendo derivada finalmente a una, pero en Arica. Producto de su estado no alcanz\u00f3 a ser trasladada.<\/p>\n\n\n\n<h2 class=\"wp-block-heading\">Cr\u00edticas por falta de camas<\/h2>\n\n\n\n<p>En un punto de prensa que realiz\u00f3 el Ministerio de Salud la jornada del jueves, se detall\u00f3 que&nbsp;<strong>el sector p\u00fablico tiene una base de 186 camas UCI pedi\u00e1tricas y actualmente hay 296<\/strong>, lo que se traduce en una reconversi\u00f3n de 110 camas.<\/p>\n\n\n\n<p>Respecto a las UTI pedi\u00e1tricas, el sector p\u00fablico&nbsp;<strong>tiene 334 y hay 493 operativas<\/strong>, lo que representa una reconversi\u00f3n de 159.<\/p>\n\n\n\n<p>En relaci\u00f3n con el sector privado, se inform\u00f3 que&nbsp;<strong>s\u00f3lo se han reconvertido 13 camas, lo que se traduce en un total de 135 habilitadas<\/strong>. Hay 130 UTI en el sector privado, de las cuales 23 han sido reconvertidas.<\/p>\n\n\n\n<p>Por su parte, la Asociaci\u00f3n de Funcionarios de la Subsecretar\u00eda de Redes Asistenciales respald\u00f3 la gesti\u00f3n de la ministra de Salud, Ximena Aguilera, no as\u00ed la del subsecretario de la cartera, Fernando Araos.<\/p>\n\n\n\n<p>Seg\u00fan indicaron a trav\u00e9s de un comunicado, Arados es responsable de no atender \u201csituaciones que se pudieron y debieron prever y abordar, ya hab\u00eda demasiadas se\u00f1ales\u201d.<\/p>\n\n\n\n<figure class=\"wp-block-image size-large\"><img loading=\"lazy\" decoding=\"async\" width=\"450\" height=\"306\" src=\"https:\/\/santonews.cl\/wp-content\/uploads\/2024\/01\/image-450x306.png\" alt=\"\" class=\"wp-image-1468\" srcset=\"https:\/\/santonews.cl\/wp-content\/uploads\/2024\/01\/image-450x306.png 450w, https:\/\/santonews.cl\/wp-content\/uploads\/2024\/01\/image-300x204.png 300w, https:\/\/santonews.cl\/wp-content\/uploads\/2024\/01\/image-768x521.png 768w, https:\/\/santonews.cl\/wp-content\/uploads\/2024\/01\/image-850x577.png 850w, https:\/\/santonews.cl\/wp-content\/uploads\/2024\/01\/image.png 1308w\" sizes=\"auto, (max-width: 450px) 100vw, 450px\" \/><\/figure>\n\n\n\n<p>Fuente:https:\/\/www.biobiochile.cl\/noticias\/nacional\/region-de-valparaiso\/2023\/06\/09\/crisis-por-falta-de-camas-nuevo-hospital-de-san-antonio-estaba-listo-en-2022-y-aun-no-se-habilita.shtml<\/p>\n","protected":false},"excerpt":{"rendered":"<p>Por\u00a0Manuel StuardoCon informaci\u00f3n de\u00a0N\u00e9stor Aburto. l nuevo Hospital de San Antonio estaba listo en 2022, se realizaron observaciones y ya en abril de este a\u00f1o fueron subsanadas, sin embargo, el recinto asistencial&#8230;<\/p>\n","protected":false},"author":1,"featured_media":1468,"comment_status":"closed","ping_status":"closed","sticky":false,"template":"","format":"standard","meta":{"footnotes":""},"categories":[7],"tags":[],"class_list":["post-1466","post","type-post","status-publish","format-standard","has-post-thumbnail","hentry","category-noticias"],"_links":{"self":[{"href":"https:\/\/santonews.cl\/index.php?rest_route=\/wp\/v2\/posts\/1466","targetHints":{"allow":["GET"]}}],"collection":[{"href":"https:\/\/santonews.cl\/index.php?rest_route=\/wp\/v2\/posts"}],"about":[{"href":"https:\/\/santonews.cl\/index.php?rest_route=\/wp\/v2\/types\/post"}],"author":[{"embeddable":true,"href":"https:\/\/santonews.cl\/index.php?rest_route=\/wp\/v2\/users\/1"}],"replies":[{"embeddable":true,"href":"https:\/\/santonews.cl\/index.php?rest_route=%2Fwp%2Fv2%2Fcomments&post=1466"}],"version-history":[{"count":2,"href":"https:\/\/santonews.cl\/index.php?rest_route=\/wp\/v2\/posts\/1466\/revisions"}],"predecessor-version":[{"id":1470,"href":"https:\/\/santonews.cl\/index.php?rest_route=\/wp\/v2\/posts\/1466\/revisions\/1470"}],"wp:featuredmedia":[{"embeddable":true,"href":"https:\/\/santonews.cl\/index.php?rest_route=\/wp\/v2\/media\/1468"}],"wp:attachment":[{"href":"https:\/\/santonews.cl\/index.php?rest_route=%2Fwp%2Fv2%2Fmedia&parent=1466"}],"wp:term":[{"taxonomy":"category","embeddable":true,"href":"https:\/\/santonews.cl\/index.php?rest_route=%2Fwp%2Fv2%2Fcategories&post=1466"},{"taxonomy":"post_tag","embeddable":true,"href":"https:\/\/santonews.cl\/index.php?rest_route=%2Fwp%2Fv2%2Ftags&post=1466"}],"curies":[{"name":"wp","href":"https:\/\/api.w.org\/{rel}","templated":true}]}}