{"id":1446,"date":"2023-11-25T13:21:25","date_gmt":"2023-11-25T13:21:25","guid":{"rendered":"https:\/\/santonews.cl\/?p=1446"},"modified":"2023-11-25T13:21:59","modified_gmt":"2023-11-25T13:21:59","slug":"susto-en-santa-maria-del-mar-turba-de-jovenes-ataca-a-familia-en-un-incidente-inusual","status":"publish","type":"post","link":"https:\/\/santonews.cl\/?p=1446","title":{"rendered":"Susto en Santa Maria del Mar: Turba de J\u00f3venes Ataca a Familia en un Incidente Inusual"},"content":{"rendered":"\n<p>En una serie de eventos inquietantes, una familia en Santa Maria vivi\u00f3 momentos de angustia y miedo la noche del viernes 24 de noviembre, alrededor de las 23:00 horas, cuando una turba de 14 a 20 j\u00f3venes perturb\u00f3 la tranquilidad de la localidad.<\/p>\n\n\n\n<p>El incidente comenz\u00f3 cuando los j\u00f3venes intentaron abrir la puerta principal de la residencia de la familia afectada. Alarmada por la situaci\u00f3n, una integrante de la familia logr\u00f3 alertar a sus padres a tiempo. Los intrusos, lejos de disuadirse, continuaron su accionar negativo, forzando las puertas de las camionetas pertenecientes a la familia.<\/p>\n\n\n\n<p>Ante la gravedad de la situaci\u00f3n, los padres de la familia afectada tomaron medidas inmediatas. En un intento por restaurar la calma y garantizar la seguridad, se comunicaron con Paz Ciudadana y Carabineros, quienes llegaron  al lugar cerca de la medianoche.<\/p>\n\n\n\n<p>Una vez en la escena, las autoridades comenzaron a tomar declaraciones de los afectados y testigos para comprender la magnitud del incidente y tomar las medidas adecuadas. Este tipo de eventos no es com\u00fan en la zona, seg\u00fan fuentes locales, pero se est\u00e1 volviendo cada vez m\u00e1s frecuente en este sector espec\u00edfico.<\/p>\n\n\n\n<p><em><strong> La seguridad de la comunidad es una prioridad, y se espera que las investigaciones en curso arrojen luz sobre las motivaciones detr\u00e1s de este acto perturbador<\/strong><\/em>.<\/p>\n\n\n\n<p>Los residentes de Santa Maria del Mar  est\u00e1n siendo llamados a mantenerse alerta y a colaborar con las autoridades para garantizar la seguridad y el bienestar de la comunidad en general.<\/p>\n","protected":false},"excerpt":{"rendered":"<p>En una serie de eventos inquietantes, una familia en Santa Maria vivi\u00f3 momentos de angustia y miedo la noche del viernes 24 de noviembre, alrededor de las 23:00 horas, cuando una turba&#8230;<\/p>\n","protected":false},"author":1,"featured_media":1447,"comment_status":"closed","ping_status":"closed","sticky":false,"template":"","format":"standard","meta":{"footnotes":""},"categories":[7],"tags":[],"class_list":["post-1446","post","type-post","status-publish","format-standard","has-post-thumbnail","hentry","category-noticias"],"_links":{"self":[{"href":"https:\/\/santonews.cl\/index.php?rest_route=\/wp\/v2\/posts\/1446","targetHints":{"allow":["GET"]}}],"collection":[{"href":"https:\/\/santonews.cl\/index.php?rest_route=\/wp\/v2\/posts"}],"about":[{"href":"https:\/\/santonews.cl\/index.php?rest_route=\/wp\/v2\/types\/post"}],"author":[{"embeddable":true,"href":"https:\/\/santonews.cl\/index.php?rest_route=\/wp\/v2\/users\/1"}],"replies":[{"embeddable":true,"href":"https:\/\/santonews.cl\/index.php?rest_route=%2Fwp%2Fv2%2Fcomments&post=1446"}],"version-history":[{"count":2,"href":"https:\/\/santonews.cl\/index.php?rest_route=\/wp\/v2\/posts\/1446\/revisions"}],"predecessor-version":[{"id":1449,"href":"https:\/\/santonews.cl\/index.php?rest_route=\/wp\/v2\/posts\/1446\/revisions\/1449"}],"wp:featuredmedia":[{"embeddable":true,"href":"https:\/\/santonews.cl\/index.php?rest_route=\/wp\/v2\/media\/1447"}],"wp:attachment":[{"href":"https:\/\/santonews.cl\/index.php?rest_route=%2Fwp%2Fv2%2Fmedia&parent=1446"}],"wp:term":[{"taxonomy":"category","embeddable":true,"href":"https:\/\/santonews.cl\/index.php?rest_route=%2Fwp%2Fv2%2Fcategories&post=1446"},{"taxonomy":"post_tag","embeddable":true,"href":"https:\/\/santonews.cl\/index.php?rest_route=%2Fwp%2Fv2%2Ftags&post=1446"}],"curies":[{"name":"wp","href":"https:\/\/api.w.org\/{rel}","templated":true}]}}