{"id":1410,"date":"2023-10-10T11:54:36","date_gmt":"2023-10-10T11:54:36","guid":{"rendered":"https:\/\/santonews.cl\/?p=1410"},"modified":"2023-10-10T11:54:37","modified_gmt":"2023-10-10T11:54:37","slug":"nuevo-presidente-de-la-empresa-portuaria-san-antonio-sera-presentado-en-santiago","status":"publish","type":"post","link":"https:\/\/santonews.cl\/?p=1410","title":{"rendered":"Nuevo presidente de la Empresa Portuaria San Antonio ser\u00e1 presentado en Santiago"},"content":{"rendered":"\n<hr class=\"wp-block-separator has-alpha-channel-opacity\"\/>\n\n\n<div class=\"wp-block-image\">\n<figure class=\"alignleft\"><img decoding=\"async\" src=\"https:\/\/portalportuario.cl\/wp-content\/uploads\/2023\/10\/frontis-mtt-stgo-420x304.png\" alt=\"\" class=\"wp-image-295557\"\/><\/figure>\n<\/div>\n\n\n<p>En el&nbsp;<strong>Ministerio de Transportes,<\/strong>&nbsp;en Santiago, ser\u00e1 presentado el nuevo presidente de la<strong>&nbsp;Empresa Portuaria San Antonio (EPSA)<\/strong>, cuya identidad no fue revelada por la cartera que anunci\u00f3 este nombramiento con una breve convocatoria de prensa.<\/p>\n\n\n\n<p>La actividad ser\u00e1 encabezada por el&nbsp;<strong>Ministro de Transportes, Juan Carlos Mu\u00f1oz<\/strong>, en la sede de central del MTT ubicada en Agustinas 1382 a partir de las 11 horas de la ma\u00f1ana.<\/p>\n\n\n\n<p>Con esta convocatoria se confirma la salida de<strong>&nbsp;Sally Bendersky<\/strong>&nbsp;cuya ratificaci\u00f3n en el cargo no se produjo a comienzos de este mes, fecha en la que terminaba su periodo inicial como presidenta del Directorio de la<strong>&nbsp;Empresa Portuaria San Antonio<\/strong>.<\/p>\n\n\n\n<p>La sorpresiva pauta de prensa difiere del mecanismo habitual utilizado por el&nbsp;<strong>Sistema de Empresas P\u00fablicas<\/strong>&nbsp;para el nombramiento de los directivos de las portuarias&nbsp; y otras compa\u00f1\u00edas estatales, cuyos nombres siempre se daban a conocer -primero- mediante un hecho esencial enviado a la&nbsp;<strong>Comisi\u00f3n para el Mercado Financiero (CMF)<\/strong>&nbsp;y, luego, mediante un comunicado o punto de prensa por parte del puerto en cuesti\u00f3n.<\/p>\n\n\n\n<p>Cabe recordar que Bendersky fue designada por el Sistema de Empresas P\u00fablicas en reemplazo de Raimundo Cruzat, siendo la primera mujer en la historia en ser presidenta de la estatal portuaria.<\/p>\n\n\n\n<p>La pauta de prensa pone fin a semanas de rumores respecto de la salida de Sally Bendersky del sill\u00f3n principal de la portuaria estatal de Antonio N\u00fa\u00f1ez de Fonseca, pero se mantiene -al menos hasta las 11 am de este martes- la incognita respecto del nombre de su sucesor que, en este caso, no ser\u00e1 el vicepresidente y \u00fanico sanantonino del directorio Renato Silva que, a la postre, correr\u00eda la misma suerte que la -hasta ahora- titular de EPSA.<\/p>\n\n\n\n<p>Fuentes del sector consultadas por PortalPortuario apuntan como posibles titulares al actual presidente de la Empresa Portuaria Austral y expresidente del directorio de la Empresa Portuaria de Valpara\u00edso, Gabriel Aldoney, o al exministro de Obras P\u00fablicas del primer gobierno de Michelle Bachelet y exvicepresidente de la Corfo en su segundo mandato, Eduardo Bitr\u00e1n.<\/p>\n\n\n\n<hr class=\"wp-block-separator has-alpha-channel-opacity\"\/>\n\n\n\n<figure class=\"wp-block-image\"><img decoding=\"async\" src=\"https:\/\/portalportuario.cl\/wp-content\/uploads\/2023\/10\/pauta-mtt.png\" alt=\"\" class=\"wp-image-295556\"\/><\/figure>\n\n\n\n<p>Fuente : https:\/\/portalportuario.cl\/nuevo-presidente-de-la-empresa-portuaria-san-antonio-sera-presentado-en-santiago\/<\/p>\n","protected":false},"excerpt":{"rendered":"<p>En el&nbsp;Ministerio de Transportes,&nbsp;en Santiago, ser\u00e1 presentado el nuevo presidente de la&nbsp;Empresa Portuaria San Antonio (EPSA), cuya identidad no fue revelada por la cartera que anunci\u00f3 este nombramiento con una breve convocatoria&#8230;<\/p>\n","protected":false},"author":1,"featured_media":791,"comment_status":"closed","ping_status":"closed","sticky":false,"template":"","format":"standard","meta":{"footnotes":""},"categories":[7],"tags":[],"class_list":["post-1410","post","type-post","status-publish","format-standard","has-post-thumbnail","hentry","category-noticias"],"_links":{"self":[{"href":"https:\/\/santonews.cl\/index.php?rest_route=\/wp\/v2\/posts\/1410","targetHints":{"allow":["GET"]}}],"collection":[{"href":"https:\/\/santonews.cl\/index.php?rest_route=\/wp\/v2\/posts"}],"about":[{"href":"https:\/\/santonews.cl\/index.php?rest_route=\/wp\/v2\/types\/post"}],"author":[{"embeddable":true,"href":"https:\/\/santonews.cl\/index.php?rest_route=\/wp\/v2\/users\/1"}],"replies":[{"embeddable":true,"href":"https:\/\/santonews.cl\/index.php?rest_route=%2Fwp%2Fv2%2Fcomments&post=1410"}],"version-history":[{"count":1,"href":"https:\/\/santonews.cl\/index.php?rest_route=\/wp\/v2\/posts\/1410\/revisions"}],"predecessor-version":[{"id":1411,"href":"https:\/\/santonews.cl\/index.php?rest_route=\/wp\/v2\/posts\/1410\/revisions\/1411"}],"wp:featuredmedia":[{"embeddable":true,"href":"https:\/\/santonews.cl\/index.php?rest_route=\/wp\/v2\/media\/791"}],"wp:attachment":[{"href":"https:\/\/santonews.cl\/index.php?rest_route=%2Fwp%2Fv2%2Fmedia&parent=1410"}],"wp:term":[{"taxonomy":"category","embeddable":true,"href":"https:\/\/santonews.cl\/index.php?rest_route=%2Fwp%2Fv2%2Fcategories&post=1410"},{"taxonomy":"post_tag","embeddable":true,"href":"https:\/\/santonews.cl\/index.php?rest_route=%2Fwp%2Fv2%2Ftags&post=1410"}],"curies":[{"name":"wp","href":"https:\/\/api.w.org\/{rel}","templated":true}]}}