{"id":1405,"date":"2023-09-30T16:23:51","date_gmt":"2023-09-30T16:23:51","guid":{"rendered":"https:\/\/santonews.cl\/?p=1405"},"modified":"2023-09-30T16:23:51","modified_gmt":"2023-09-30T16:23:51","slug":"aviso-de-corte-programado-de-energia-en-santo-domingo-chile-2","status":"publish","type":"post","link":"https:\/\/santonews.cl\/?p=1405","title":{"rendered":"Aviso de Corte Programado de Energ\u00eda en Santo Domingo, Chile"},"content":{"rendered":"\n<p><strong>Hora del Corte:<\/strong>&nbsp;Desde las 3:00 AM hasta las 09:30 AM<\/p>\n\n\n\n<p><strong>Comuna Afectada:<\/strong>&nbsp;Santo Domingo, San Antonio , Regi\u00f3n de Valpara\u00edso, Chile<\/p>\n\n\n\n<p><strong>Motivo del Corte:<\/strong><\/p>\n\n\n\n<p>La empresa de distribuci\u00f3n el\u00e9ctrica Chilquinta informa a los habitantes de la comuna de Santo Domingo, ubicada en la Regi\u00f3n de Valpara\u00edso, sobre un corte programado de energ\u00eda que se llevar\u00e1 a cabo el pr\u00f3ximo domingo 1 de octubre.<\/p>\n\n\n\n<p><strong>Horario del Corte:<\/strong><\/p>\n\n\n\n<p>El corte se realizar\u00e1 a partir de las 3:00 AM y se espera que concluya a las 09:30 AM. Este procedimiento es necesario para llevar a cabo labores de mantenimiento y mejoras en el sistema el\u00e9ctrico de la zona, con el objetivo de garantizar un servicio de calidad y confiable para todos los residentes.<\/p>\n\n\n\n<p><strong>Recomendaciones para los Residentes:<\/strong><\/p>\n\n\n\n<p>Durante el periodo de corte, se recomienda tomar las medidas necesarias para minimizar cualquier inconveniente que pueda surgir debido a la interrupci\u00f3n del suministro el\u00e9ctrico. Aseg\u00farese de desconectar dispositivos electr\u00f3nicos sensibles y tomar precauciones adicionales si es necesario.<\/p>\n\n\n\n<p><strong>Contacto de Emergencia:<\/strong><\/p>\n\n\n\n<p>En caso de alguna emergencia relacionada con el corte de energ\u00eda, los residentes pueden comunicarse con Chilquinta a trav\u00e9s del n\u00famero de atenci\u00f3n al cliente disponible las 24 horas del d\u00eda.<\/p>\n\n\n\n<p>Agradecemos la comprensi\u00f3n y colaboraci\u00f3n de todos los residentes de Santo Domingo mientras trabajamos para mejorar y mantener el servicio el\u00e9ctrico en su comunidad.<\/p>\n\n\n\n<figure class=\"wp-block-image\"><img loading=\"lazy\" decoding=\"async\" width=\"450\" height=\"443\" src=\"https:\/\/santonews.cl\/wp-content\/uploads\/2023\/09\/image-450x443.png\" alt=\"\" class=\"wp-image-1400\" srcset=\"https:\/\/santonews.cl\/wp-content\/uploads\/2023\/09\/image-450x443.png 450w, https:\/\/santonews.cl\/wp-content\/uploads\/2023\/09\/image-300x295.png 300w, https:\/\/santonews.cl\/wp-content\/uploads\/2023\/09\/image-768x756.png 768w, https:\/\/santonews.cl\/wp-content\/uploads\/2023\/09\/image-850x837.png 850w, https:\/\/santonews.cl\/wp-content\/uploads\/2023\/09\/image.png 1150w\" sizes=\"auto, (max-width: 450px) 100vw, 450px\" \/><\/figure>\n\n\n\n<figure class=\"wp-block-image\"><img loading=\"lazy\" decoding=\"async\" width=\"450\" height=\"430\" src=\"https:\/\/santonews.cl\/wp-content\/uploads\/2023\/09\/image-1-450x430.png\" alt=\"\" class=\"wp-image-1401\" srcset=\"https:\/\/santonews.cl\/wp-content\/uploads\/2023\/09\/image-1-450x430.png 450w, https:\/\/santonews.cl\/wp-content\/uploads\/2023\/09\/image-1-300x287.png 300w, https:\/\/santonews.cl\/wp-content\/uploads\/2023\/09\/image-1-768x734.png 768w, https:\/\/santonews.cl\/wp-content\/uploads\/2023\/09\/image-1-850x812.png 850w, https:\/\/santonews.cl\/wp-content\/uploads\/2023\/09\/image-1.png 1082w\" sizes=\"auto, (max-width: 450px) 100vw, 450px\" \/><\/figure>\n\n\n\n<figure class=\"wp-block-image\"><img loading=\"lazy\" decoding=\"async\" width=\"450\" height=\"433\" src=\"https:\/\/santonews.cl\/wp-content\/uploads\/2023\/09\/image-2-450x433.png\" alt=\"\" class=\"wp-image-1402\" srcset=\"https:\/\/santonews.cl\/wp-content\/uploads\/2023\/09\/image-2-450x433.png 450w, https:\/\/santonews.cl\/wp-content\/uploads\/2023\/09\/image-2-300x289.png 300w, https:\/\/santonews.cl\/wp-content\/uploads\/2023\/09\/image-2-768x740.png 768w, https:\/\/santonews.cl\/wp-content\/uploads\/2023\/09\/image-2-850x819.png 850w, https:\/\/santonews.cl\/wp-content\/uploads\/2023\/09\/image-2.png 1192w\" sizes=\"auto, (max-width: 450px) 100vw, 450px\" \/><\/figure>\n\n\n\n<figure class=\"wp-block-image\"><img loading=\"lazy\" decoding=\"async\" width=\"335\" height=\"450\" src=\"https:\/\/santonews.cl\/wp-content\/uploads\/2023\/09\/image-3-335x450.png\" alt=\"\" class=\"wp-image-1403\" srcset=\"https:\/\/santonews.cl\/wp-content\/uploads\/2023\/09\/image-3-335x450.png 335w, https:\/\/santonews.cl\/wp-content\/uploads\/2023\/09\/image-3-224x300.png 224w, https:\/\/santonews.cl\/wp-content\/uploads\/2023\/09\/image-3-768x1031.png 768w, https:\/\/santonews.cl\/wp-content\/uploads\/2023\/09\/image-3-300x403.png 300w, https:\/\/santonews.cl\/wp-content\/uploads\/2023\/09\/image-3-850x1141.png 850w, https:\/\/santonews.cl\/wp-content\/uploads\/2023\/09\/image-3.png 866w\" sizes=\"auto, (max-width: 335px) 100vw, 335px\" \/><\/figure>\n","protected":false},"excerpt":{"rendered":"<p>Hora del Corte:&nbsp;Desde las 3:00 AM hasta las 09:30 AM Comuna Afectada:&nbsp;Santo Domingo, San Antonio , Regi\u00f3n de Valpara\u00edso, Chile Motivo del Corte: La empresa de distribuci\u00f3n el\u00e9ctrica Chilquinta informa a los&#8230;<\/p>\n","protected":false},"author":1,"featured_media":1402,"comment_status":"closed","ping_status":"","sticky":false,"template":"","format":"standard","meta":{"footnotes":""},"categories":[7],"tags":[],"class_list":["post-1405","post","type-post","status-publish","format-standard","has-post-thumbnail","hentry","category-noticias"],"_links":{"self":[{"href":"https:\/\/santonews.cl\/index.php?rest_route=\/wp\/v2\/posts\/1405","targetHints":{"allow":["GET"]}}],"collection":[{"href":"https:\/\/santonews.cl\/index.php?rest_route=\/wp\/v2\/posts"}],"about":[{"href":"https:\/\/santonews.cl\/index.php?rest_route=\/wp\/v2\/types\/post"}],"author":[{"embeddable":true,"href":"https:\/\/santonews.cl\/index.php?rest_route=\/wp\/v2\/users\/1"}],"replies":[{"embeddable":true,"href":"https:\/\/santonews.cl\/index.php?rest_route=%2Fwp%2Fv2%2Fcomments&post=1405"}],"version-history":[{"count":1,"href":"https:\/\/santonews.cl\/index.php?rest_route=\/wp\/v2\/posts\/1405\/revisions"}],"predecessor-version":[{"id":1406,"href":"https:\/\/santonews.cl\/index.php?rest_route=\/wp\/v2\/posts\/1405\/revisions\/1406"}],"wp:featuredmedia":[{"embeddable":true,"href":"https:\/\/santonews.cl\/index.php?rest_route=\/wp\/v2\/media\/1402"}],"wp:attachment":[{"href":"https:\/\/santonews.cl\/index.php?rest_route=%2Fwp%2Fv2%2Fmedia&parent=1405"}],"wp:term":[{"taxonomy":"category","embeddable":true,"href":"https:\/\/santonews.cl\/index.php?rest_route=%2Fwp%2Fv2%2Fcategories&post=1405"},{"taxonomy":"post_tag","embeddable":true,"href":"https:\/\/santonews.cl\/index.php?rest_route=%2Fwp%2Fv2%2Ftags&post=1405"}],"curies":[{"name":"wp","href":"https:\/\/api.w.org\/{rel}","templated":true}]}}