{"id":1390,"date":"2023-08-28T14:46:31","date_gmt":"2023-08-28T14:46:31","guid":{"rendered":"https:\/\/santonews.cl\/?p=1390"},"modified":"2023-08-28T14:46:31","modified_gmt":"2023-08-28T14:46:31","slug":"historico-registro-civil-e-identificacion-inaugura-su-nueva-oficina-de-atencion-al-publico-en-santo-domingo","status":"publish","type":"post","link":"https:\/\/santonews.cl\/?p=1390","title":{"rendered":"\u00a1Hist\u00f3rico! Registro Civil e Identificaci\u00f3n inaugura su nueva oficina de atenci\u00f3n al p\u00fablico en Santo Domingo"},"content":{"rendered":"\n<p> Muy pronto , los habitantes de la comuna podr\u00e1n realizar tr\u00e1mites en la flamante dependencia ubicada en las instalaciones de la nueva oficina municipal.<\/p>\n\n\n\n<p>En una emocionante noticia que ha sido esperada durante mucho tiempo, el Registro Civil e Identificaci\u00f3n abrir\u00e1 oficialmente las puertas de su nueva oficina de atenci\u00f3n al p\u00fablico en la comuna de Santo Domingo. A partir de  las primeras semanas  septiembre 2023, los ciudadanos podr\u00e1n disfrutar de una moderna y c\u00f3moda instalaci\u00f3n para llevar a cabo sus tr\u00e1mites esenciales.<\/p>\n\n\n\n<p>Ubicada estrat\u00e9gicamente en las dependencias de la flamante oficina municipal, esta nueva sucursal del Registro Civil e Identificaci\u00f3n representa un hito importante en la comunidad de Santo Domingo. Durante a\u00f1os, los residentes de la comuna han tenido que desplazarse a localidades vecinas para llevar a cabo gestiones relacionadas con su identificaci\u00f3n, nacimiento, matrimonio y otros tr\u00e1mites vitales.<\/p>\n\n\n\n<p>\u201cEsto no solo facilitar\u00e1 la vida de nuestros vecinos, sino que tambi\u00e9n fortalecer\u00e1 la identidad y la autonom\u00eda de Santo Domingo&#8221;<\/p>\n\n\n\n<p>La nueva oficina contar\u00e1 con personal altamente capacitado y tecnolog\u00eda de vanguardia para agilizar y mejorar la atenci\u00f3n al p\u00fablico. Adem\u00e1s, se espera que esta iniciativa contribuya a descongestionar las oficinas de las localidades cercanas que anteriormente atend\u00edan a los residentes de Santo Domingo.<\/p>\n\n\n\n<p>Con la apertura de esta oficina, un anhelo largamente esperado se hace realidad para los ciudadanos de Santo Domingo. Ahora podr\u00e1n realizar sus tr\u00e1mites vitales en su propia localidad, ahorrando tiempo y recursos. Sin duda, este es un paso crucial hacia un futuro m\u00e1s eficiente y conectado para la comunidad.<\/p>\n","protected":false},"excerpt":{"rendered":"<p>Muy pronto , los habitantes de la comuna podr\u00e1n realizar tr\u00e1mites en la flamante dependencia ubicada en las instalaciones de la nueva oficina municipal. En una emocionante noticia que ha sido esperada&#8230;<\/p>\n","protected":false},"author":1,"featured_media":1391,"comment_status":"closed","ping_status":"","sticky":false,"template":"","format":"standard","meta":{"footnotes":""},"categories":[7],"tags":[],"class_list":["post-1390","post","type-post","status-publish","format-standard","has-post-thumbnail","hentry","category-noticias"],"_links":{"self":[{"href":"https:\/\/santonews.cl\/index.php?rest_route=\/wp\/v2\/posts\/1390","targetHints":{"allow":["GET"]}}],"collection":[{"href":"https:\/\/santonews.cl\/index.php?rest_route=\/wp\/v2\/posts"}],"about":[{"href":"https:\/\/santonews.cl\/index.php?rest_route=\/wp\/v2\/types\/post"}],"author":[{"embeddable":true,"href":"https:\/\/santonews.cl\/index.php?rest_route=\/wp\/v2\/users\/1"}],"replies":[{"embeddable":true,"href":"https:\/\/santonews.cl\/index.php?rest_route=%2Fwp%2Fv2%2Fcomments&post=1390"}],"version-history":[{"count":1,"href":"https:\/\/santonews.cl\/index.php?rest_route=\/wp\/v2\/posts\/1390\/revisions"}],"predecessor-version":[{"id":1392,"href":"https:\/\/santonews.cl\/index.php?rest_route=\/wp\/v2\/posts\/1390\/revisions\/1392"}],"wp:featuredmedia":[{"embeddable":true,"href":"https:\/\/santonews.cl\/index.php?rest_route=\/wp\/v2\/media\/1391"}],"wp:attachment":[{"href":"https:\/\/santonews.cl\/index.php?rest_route=%2Fwp%2Fv2%2Fmedia&parent=1390"}],"wp:term":[{"taxonomy":"category","embeddable":true,"href":"https:\/\/santonews.cl\/index.php?rest_route=%2Fwp%2Fv2%2Fcategories&post=1390"},{"taxonomy":"post_tag","embeddable":true,"href":"https:\/\/santonews.cl\/index.php?rest_route=%2Fwp%2Fv2%2Ftags&post=1390"}],"curies":[{"name":"wp","href":"https:\/\/api.w.org\/{rel}","templated":true}]}}