{"id":1380,"date":"2023-07-08T12:50:24","date_gmt":"2023-07-08T12:50:24","guid":{"rendered":"https:\/\/santonews.cl\/?p=1380"},"modified":"2023-07-08T12:50:24","modified_gmt":"2023-07-08T12:50:24","slug":"corte-portena-suscribe-flagrancia-permanente-y-ordena-desalojar-gran-toma-en-san-antonio","status":"publish","type":"post","link":"https:\/\/santonews.cl\/?p=1380","title":{"rendered":"Corte porte\u00f1a suscribe flagrancia permanente y ordena desalojar gran toma en San Antonio"},"content":{"rendered":"\n<p>Sentencia, a diferencia de otros fallos, no indica medidas para el traslado de usurpadores, a quienes reprocha un &#8220;actuar espurio, que atenta contra el orden jur\u00eddico en el que se sustenta nuestro Estado de Derecho&#8221;.<\/p>\n\n\n\n<p>En enero, la Corte de Valpara\u00edso lo hab\u00eda declarado &#8220;inadmisible por extempor\u00e1neo&#8221; debido a que la ocupaci\u00f3n ilegal se hab\u00eda iniciado junto con la revuelta social en octubre de 2019, &#8220;fuera del t\u00e9rmino del plazo de 30 d\u00edas&#8221; fiado para interponer un recurso de protecci\u00f3n. Pero en marzo, la Corte Suprema -que a fines del a\u00f1o pasado hab\u00eda acogido dos acciones de resguardo de garant\u00edas constitucionales similares por parte de due\u00f1os de predios usurpados- orden\u00f3 su tramitaci\u00f3n. El tribunal de alzada porte\u00f1o dio curso a la causa solicitada por los propietarios de los lotes usurpados y el 23 de junio pasado dict\u00f3 su sentencia: ordena el desalojo en cuatro meses sin disponer, a diferencia de los fallos del m\u00e1ximo tribunal, medidas que resguarden los derechos humanos de los ocupantes ilegales, como refugios temporales a cargo de la autoridad.<\/p>\n\n\n\n<p>Fuente: Emol.com &#8211;&nbsp;<a href=\"https:\/\/www.emol.com\/noticias\/Nacional\/2023\/07\/08\/1100404\/san-antonio-desalojar-gran-toma.html\">https:\/\/www.emol.com\/noticias\/Nacional\/2023\/07\/08\/1100404\/san-antonio-desalojar-gran-toma.html<\/a><\/p>\n","protected":false},"excerpt":{"rendered":"<p>Sentencia, a diferencia de otros fallos, no indica medidas para el traslado de usurpadores, a quienes reprocha un &#8220;actuar espurio, que atenta contra el orden jur\u00eddico en el que se sustenta nuestro&#8230;<\/p>\n","protected":false},"author":1,"featured_media":1381,"comment_status":"closed","ping_status":"closed","sticky":false,"template":"","format":"standard","meta":{"footnotes":""},"categories":[7],"tags":[],"class_list":["post-1380","post","type-post","status-publish","format-standard","has-post-thumbnail","hentry","category-noticias"],"_links":{"self":[{"href":"https:\/\/santonews.cl\/index.php?rest_route=\/wp\/v2\/posts\/1380","targetHints":{"allow":["GET"]}}],"collection":[{"href":"https:\/\/santonews.cl\/index.php?rest_route=\/wp\/v2\/posts"}],"about":[{"href":"https:\/\/santonews.cl\/index.php?rest_route=\/wp\/v2\/types\/post"}],"author":[{"embeddable":true,"href":"https:\/\/santonews.cl\/index.php?rest_route=\/wp\/v2\/users\/1"}],"replies":[{"embeddable":true,"href":"https:\/\/santonews.cl\/index.php?rest_route=%2Fwp%2Fv2%2Fcomments&post=1380"}],"version-history":[{"count":1,"href":"https:\/\/santonews.cl\/index.php?rest_route=\/wp\/v2\/posts\/1380\/revisions"}],"predecessor-version":[{"id":1382,"href":"https:\/\/santonews.cl\/index.php?rest_route=\/wp\/v2\/posts\/1380\/revisions\/1382"}],"wp:featuredmedia":[{"embeddable":true,"href":"https:\/\/santonews.cl\/index.php?rest_route=\/wp\/v2\/media\/1381"}],"wp:attachment":[{"href":"https:\/\/santonews.cl\/index.php?rest_route=%2Fwp%2Fv2%2Fmedia&parent=1380"}],"wp:term":[{"taxonomy":"category","embeddable":true,"href":"https:\/\/santonews.cl\/index.php?rest_route=%2Fwp%2Fv2%2Fcategories&post=1380"},{"taxonomy":"post_tag","embeddable":true,"href":"https:\/\/santonews.cl\/index.php?rest_route=%2Fwp%2Fv2%2Ftags&post=1380"}],"curies":[{"name":"wp","href":"https:\/\/api.w.org\/{rel}","templated":true}]}}