{"id":1348,"date":"2023-05-27T14:49:47","date_gmt":"2023-05-27T14:49:47","guid":{"rendered":"https:\/\/santonews.cl\/?p=1348"},"modified":"2023-05-27T14:49:48","modified_gmt":"2023-05-27T14:49:48","slug":"municipio-de-san-antonio-ignora-rechazo-de-la-delegacion-presidencial-y-realiza-festival-comunal","status":"publish","type":"post","link":"https:\/\/santonews.cl\/?p=1348","title":{"rendered":"Municipio de San Antonio ignora rechazo de la Delegaci\u00f3n Presidencial y realiza festival comunal"},"content":{"rendered":"\n<p>Entre los factores para negar la autorizaci\u00f3n, la autoridad detall\u00f3 que el sector donde se realizar\u00eda el evento &#8220;tiene alto flujo vehicular&#8221; y &#8220;poca luminosidad artificial, y por consiguiente, ambos factores crean un clima propicio para cometer delitos&#8221;.<\/p>\n\n\n\n<p><\/p>\n\n\n\n<p>Ignorando el rechazo del permiso por parte de la Delegaci\u00f3n Presidencial Provincial de San Antonio, el municipio sanantonino&nbsp;<strong>decidi\u00f3 realizar de igual forma el \u201cPrimer Festival de San Antonio 129 a\u00f1os\u201d<\/strong>.<\/p>\n\n\n\n<p>La jornada musical se llev\u00f3 a cabo este viernes, desde las 17 horas, en tanto que el mencionado permiso fue solicitado por la&nbsp;<strong>Alcald\u00eda de Constanza Lizana, solo a dos d\u00edas del evento.<\/strong><\/p>\n\n\n\n<p>El mi\u00e9rcoles, se solicit\u00f3 un informe de factibilidad a Carabineros,&nbsp;<strong>el que sali\u00f3 negativo<\/strong>, evidentemente ante la poca antelaci\u00f3n de la fecha de la solicitud.<\/p>\n\n\n\n<p>En el documento al que tuvo acceso&nbsp;<a href=\"https:\/\/www.biobiochile.cl\/\">Radio B\u00edo B\u00edo<\/a>, la Delegaci\u00f3n Presidencial justifica el rechazo de esta solicitud por diversos factores, tales como:&nbsp;<strong>seguridad, debido al sector donde se emplaza este evento \u2013 el frontis de la casa consistorial \u2013 perjudicando el uso de una v\u00eda principal en un dia con alto flujo vehicular.<\/strong><\/p>\n\n\n\n<p><strong>Adem\u00e1s, se indic\u00f3 que que el sector tiene poca luminosidad artificial, y por consiguiente, ambos factores crean un clima propicio para cometer delitos.<\/strong><\/p>\n\n\n\n<p>Previo a la realizaci\u00f3n del Festival que celebr\u00f3 el aniversario de la comuna, la delegada presidencial, Caroline Sireau, recalc\u00f3 que los requerimientos para la realizaci\u00f3n de eventos masivos,<strong>\u00a0se deben hacer con antelaci\u00f3n, sino ser\u00e1n denegados.<\/strong><\/p>\n\n\n\n<p>Algo que, evidentemente, no fue cumplido por el municipio dirigido por Constanza Lizana. La primera autoridad comunal habl\u00f3 al respecto, y si bien no se refiri\u00f3 directamente a la&nbsp;<strong>realizaci\u00f3n del evento sin permiso<\/strong>, manifest\u00f3 que hace varios d\u00edas se gener\u00f3 la coordinaci\u00f3n respectiva.<audio preload=\"none\"><\/audio><\/p>\n\n\n\n<p>Entre las recomendaciones entregadas por la autoridad provincial, se da a conocer que la solicitud fue presentada&nbsp;<strong>sin un plan de seguridad<\/strong>, ni contabiliza la disposici\u00f3n de personal m\u00e9dico para la jornada, asimismo tampoco adjunta la respuesta de bomberos para atender emergencias en el evento y finalmente<strong>&nbsp;no presentaron las autorizaciones para el corte de tr\u00e1nsito en la avenida Barros Luco.<\/strong><\/p>\n\n\n\n<p>A pesar de no otorgar la autorizaci\u00f3n y debido a la decisi\u00f3n del municipio de realizar de igual forma este Festival,\u00a0<strong>la delegaci\u00f3n presidencial provincial de San Antonio coordin\u00f3 con la prefectura la presencia de Carabineros<\/strong>, incluso lleg\u00f3 personal policial de la Secci\u00f3n de Orden P\u00fablico desde Valpara\u00edso, ante el ambiente propicio para\u00a0<strong>la comisi\u00f3n de delitos<\/strong>\u00a0que generaba el lugar y horario donde se llev\u00f3 a cabo este espect\u00e1culo.<\/p>\n\n\n\n<p><\/p>\n\n\n\n<p>Fuente :https:\/\/www.biobiochile.cl\/noticias\/nacional\/region-de-valparaiso\/2023\/05\/26\/municipio-de-san-antonio-ignora-rechazo-de-la-delegacion-presidencial-y-realiza-festival-comunal.shtml<\/p>\n","protected":false},"excerpt":{"rendered":"<p>Entre los factores para negar la autorizaci\u00f3n, la autoridad detall\u00f3 que el sector donde se realizar\u00eda el evento &#8220;tiene alto flujo vehicular&#8221; y &#8220;poca luminosidad artificial, y por consiguiente, ambos factores crean&#8230;<\/p>\n","protected":false},"author":1,"featured_media":1349,"comment_status":"closed","ping_status":"closed","sticky":false,"template":"","format":"standard","meta":{"footnotes":""},"categories":[7],"tags":[],"class_list":["post-1348","post","type-post","status-publish","format-standard","has-post-thumbnail","hentry","category-noticias"],"_links":{"self":[{"href":"https:\/\/santonews.cl\/index.php?rest_route=\/wp\/v2\/posts\/1348","targetHints":{"allow":["GET"]}}],"collection":[{"href":"https:\/\/santonews.cl\/index.php?rest_route=\/wp\/v2\/posts"}],"about":[{"href":"https:\/\/santonews.cl\/index.php?rest_route=\/wp\/v2\/types\/post"}],"author":[{"embeddable":true,"href":"https:\/\/santonews.cl\/index.php?rest_route=\/wp\/v2\/users\/1"}],"replies":[{"embeddable":true,"href":"https:\/\/santonews.cl\/index.php?rest_route=%2Fwp%2Fv2%2Fcomments&post=1348"}],"version-history":[{"count":1,"href":"https:\/\/santonews.cl\/index.php?rest_route=\/wp\/v2\/posts\/1348\/revisions"}],"predecessor-version":[{"id":1350,"href":"https:\/\/santonews.cl\/index.php?rest_route=\/wp\/v2\/posts\/1348\/revisions\/1350"}],"wp:featuredmedia":[{"embeddable":true,"href":"https:\/\/santonews.cl\/index.php?rest_route=\/wp\/v2\/media\/1349"}],"wp:attachment":[{"href":"https:\/\/santonews.cl\/index.php?rest_route=%2Fwp%2Fv2%2Fmedia&parent=1348"}],"wp:term":[{"taxonomy":"category","embeddable":true,"href":"https:\/\/santonews.cl\/index.php?rest_route=%2Fwp%2Fv2%2Fcategories&post=1348"},{"taxonomy":"post_tag","embeddable":true,"href":"https:\/\/santonews.cl\/index.php?rest_route=%2Fwp%2Fv2%2Ftags&post=1348"}],"curies":[{"name":"wp","href":"https:\/\/api.w.org\/{rel}","templated":true}]}}