{"id":1325,"date":"2023-04-11T03:23:01","date_gmt":"2023-04-11T03:23:01","guid":{"rendered":"https:\/\/santonews.cl\/?p=1325"},"modified":"2023-04-11T03:23:02","modified_gmt":"2023-04-11T03:23:02","slug":"ministra-toha-y-procedimiento-policial-en-san-antonio-se-tiene-que-establecer-que-objetivo-tuvo-el-disparo","status":"publish","type":"post","link":"https:\/\/santonews.cl\/?p=1325","title":{"rendered":"Ministra Toh\u00e1 y procedimiento policial en San Antonio: &#8220;Se tiene que establecer qu\u00e9 objetivo tuvo el disparo&#8221;"},"content":{"rendered":"\n<p>La titular del Interior dijo que es la justicia la que debe determinar c\u00f3mo fueron los hechos, pero destac\u00f3 que &#8220;el carabinero pudo ayer haber muerto y no muri\u00f3&#8221;<\/p>\n\n\n\n<p>La ministra del Interior, Carolina Toh\u00e1, se refiri\u00f3 al procedimiento que tuvo lugar en San Antonio el s\u00e1bado, donde un carabinero result\u00f3 atropellado y un sujeto fue abatido por otro funcionario cuando intentaba fugarse del lugar, todo en medio de una fiscalizaci\u00f3n. <\/p>\n\n\n\n<p>La secretaria de Estado resalt\u00f3 en primera instancia que &#8220;el carabinero pudo ayer haber muerto y no muri\u00f3, y quiero decirlo, porque hemos tenido varios funcionarios heridos que no han fallecido, que tampoco han quedado en situaci\u00f3n cr\u00edtica, y ese es un riesgo que corremos todos los d\u00edas y motivo de mucha preocupaci\u00f3n&#8221;.<\/p>\n\n\n\n<p>&#8220;Tenemos que lograr ser m\u00e1s incisivos en el combate a estos cr\u00edmenes, pero sin exponer a\u00fan m\u00e1s a nuestros carabineros&#8221;, agreg\u00f3 en conversaci\u00f3n con Meganoticias. Ahora bien, en relaci\u00f3n a la din\u00e1mica del hecho, la titular de la cartera dijo: &#8220;El proceso del carabinero que dispar\u00f3, lo va a tener que definir la justicia, yo no soy jueza, pero, para remitirnos a la ley que se dict\u00f3 hace poco, esa ley no cambia la tipificaci\u00f3n de los delitos, lo que era homicidio va a seguir siendo homicidio&#8221;. <\/p>\n\n\n\n<p>&#8220;Lo que cambi\u00f3 fue d\u00f3nde est\u00e1 el peso de la prueba y lo que dijo es &#8216;si el carabinero act\u00faa o usa su arma ante una amenaza contra su vida o de un tercero, vamos a asumir que lo hizo correctamente, salvo que se pruebe lo contrario'&#8221;, a\u00f1adi\u00f3. En esa l\u00ednea, Toh\u00e1 dijo que &#8220;si el disparo fue para evitar que atropellaran al carabinero es una cosa, pero si fue cuando el veh\u00edculo iba huyendo para evitar la huida, es otra&#8221;<\/p>\n\n\n\n<p> Asimismo, sostuvo que siempre &#8220;se tiene que establecer el disparo qu\u00e9 objetivo tuvo, si es evitar una lesi\u00f3n o muerte de una persona, o una huida&#8221;. Por otro lado, la ministra abord\u00f3 la relaci\u00f3n con la instituci\u00f3n reiterando que tienen el respaldo total del Gobierno y aclar\u00f3 lo que ello significa. <\/p>\n\n\n\n<p>&#8220;Es el respaldo en el cumplimiento de su funci\u00f3n, no significa que t\u00fa vas a dejar de controlar que las cosas se hagan bien o vas a dejar de exigir que se cumpla la ley (&#8230;) En el caso de las polic\u00edas este apoyo tiene que ser muy contundente, porque los polic\u00edas se exponen por nosotros, si sienten que el apoyo no es contundente, simplemente no se exponen&#8221;, indic\u00f3. Por \u00faltimo, recalc\u00f3 que en su opini\u00f3n &#8220;como Gobierno, como equipo que gobierna, hay un tipo de di\u00e1logo que me parece muy adecuado con Carabineros, porque es de mucho apoyo, donde se habla con sinceridad, donde las cosas se dicen&#8221;.<\/p>\n\n\n\n<p>Fuente: Emol.com &#8211;&nbsp;<a href=\"https:\/\/www.emol.com\/noticias\/Nacional\/2023\/04\/09\/1091697\/toha-procedimiento-san-antonio.html\">https:\/\/www.emol.com\/noticias\/Nacional\/2023\/04\/09\/1091697\/toha-procedimiento-san-antonio.html<\/a><\/p>\n","protected":false},"excerpt":{"rendered":"<p>La titular del Interior dijo que es la justicia la que debe determinar c\u00f3mo fueron los hechos, pero destac\u00f3 que &#8220;el carabinero pudo ayer haber muerto y no muri\u00f3&#8221; La ministra del&#8230;<\/p>\n","protected":false},"author":1,"featured_media":1326,"comment_status":"closed","ping_status":"closed","sticky":false,"template":"","format":"standard","meta":{"footnotes":""},"categories":[7],"tags":[],"class_list":["post-1325","post","type-post","status-publish","format-standard","has-post-thumbnail","hentry","category-noticias"],"_links":{"self":[{"href":"https:\/\/santonews.cl\/index.php?rest_route=\/wp\/v2\/posts\/1325","targetHints":{"allow":["GET"]}}],"collection":[{"href":"https:\/\/santonews.cl\/index.php?rest_route=\/wp\/v2\/posts"}],"about":[{"href":"https:\/\/santonews.cl\/index.php?rest_route=\/wp\/v2\/types\/post"}],"author":[{"embeddable":true,"href":"https:\/\/santonews.cl\/index.php?rest_route=\/wp\/v2\/users\/1"}],"replies":[{"embeddable":true,"href":"https:\/\/santonews.cl\/index.php?rest_route=%2Fwp%2Fv2%2Fcomments&post=1325"}],"version-history":[{"count":1,"href":"https:\/\/santonews.cl\/index.php?rest_route=\/wp\/v2\/posts\/1325\/revisions"}],"predecessor-version":[{"id":1327,"href":"https:\/\/santonews.cl\/index.php?rest_route=\/wp\/v2\/posts\/1325\/revisions\/1327"}],"wp:featuredmedia":[{"embeddable":true,"href":"https:\/\/santonews.cl\/index.php?rest_route=\/wp\/v2\/media\/1326"}],"wp:attachment":[{"href":"https:\/\/santonews.cl\/index.php?rest_route=%2Fwp%2Fv2%2Fmedia&parent=1325"}],"wp:term":[{"taxonomy":"category","embeddable":true,"href":"https:\/\/santonews.cl\/index.php?rest_route=%2Fwp%2Fv2%2Fcategories&post=1325"},{"taxonomy":"post_tag","embeddable":true,"href":"https:\/\/santonews.cl\/index.php?rest_route=%2Fwp%2Fv2%2Ftags&post=1325"}],"curies":[{"name":"wp","href":"https:\/\/api.w.org\/{rel}","templated":true}]}}