{"id":1313,"date":"2023-04-09T14:55:16","date_gmt":"2023-04-09T14:55:16","guid":{"rendered":"https:\/\/santonews.cl\/?p=1313"},"modified":"2023-04-09T14:55:16","modified_gmt":"2023-04-09T14:55:16","slug":"sujeto-atropello-a-carabinero-durante-control-en-san-antonio-y-murio-tras-ser-abatido-por-otro-oficial","status":"publish","type":"post","link":"https:\/\/santonews.cl\/?p=1313","title":{"rendered":"Sujeto atropell\u00f3 a carabinero durante control en San Antonio y muri\u00f3 tras ser abatido por otro oficial"},"content":{"rendered":"\n<p>Un sujeto atropell\u00f3 a un funcionario de Carabineros la noche de este s\u00e1bado en San Antonio y luego muri\u00f3 abatido por otro oficial<\/p>\n\n\n\n<p>Un procedimiento policial en la comuna de&nbsp;<a href=\"https:\/\/www.biobiochile.cl\/buscador.shtml?s=san+antonio\">San Antonio<\/a>, en la regi\u00f3n de Valpara\u00edso, dej\u00f3 un carabinero atropellado y una persona muerta, tras impactar al funcionario policial.<\/p>\n\n\n\n<p>Esto ocurri\u00f3 la noche de este s\u00e1bado en el sector alto de Llolleo, en espec\u00edfico en calle Ginebra con Los \u00c1lamos.<\/p>\n\n\n\n<p>Fue durante<strong>&nbsp;servicios preventivos<\/strong>&nbsp;que se desarrollan en la zona, que una patrulla se acerc\u00f3 al veh\u00edculo para realizar una fiscalizaci\u00f3n.<\/p>\n\n\n\n<p>En ese momento, el conductor del autom\u00f3vil&nbsp;<strong>aceler\u00f3, choc\u00f3 al carro policial y embisti\u00f3 al funcionario<\/strong>.<\/p>\n\n\n\n<p><a href=\"https:\/\/rudo.video\/vod\/bPLt6l\">https:\/\/rudo.video\/vod\/bPLt6l<\/a><\/p>\n\n\n\n<p>Otro oficial utiliz\u00f3 una subametralladora UZI, hiriendo al conductor cuando se intentaba dar a la fuga. Producto de la herida de bala,&nbsp;<strong>muri\u00f3 en el lugar<\/strong>.<\/p>\n\n\n\n<p><a href=\"https:\/\/rudo.video\/vod\/bPLt1g\">https:\/\/rudo.video\/vod\/bPLt1g<\/a><\/p>\n\n\n\n<p>El carabinero que recibi\u00f3 el impacto del veh\u00edculo en San Antonio fue trasladado a un recinto asistencial.<\/p>\n\n\n\n<p>Carabineros confirm\u00f3 dos personas detenidas por este hecho, las que cuentan con antecedentes por robo de accesorios de veh\u00edculos, robo en lugar no habitado y robo en lugar habitado. El fiscal de turno dispuso la presencia de la Brigada de Homicidios para realizar las pericias correspondientes.<\/p>\n\n\n\n<p>Fuente : biobio.cl<\/p>\n","protected":false},"excerpt":{"rendered":"<p>Un sujeto atropell\u00f3 a un funcionario de Carabineros la noche de este s\u00e1bado en San Antonio y luego muri\u00f3 abatido por otro oficial Un procedimiento policial en la comuna de&nbsp;San Antonio, en&#8230;<\/p>\n","protected":false},"author":1,"featured_media":1314,"comment_status":"closed","ping_status":"closed","sticky":false,"template":"","format":"standard","meta":{"footnotes":""},"categories":[7],"tags":[],"class_list":["post-1313","post","type-post","status-publish","format-standard","has-post-thumbnail","hentry","category-noticias"],"_links":{"self":[{"href":"https:\/\/santonews.cl\/index.php?rest_route=\/wp\/v2\/posts\/1313","targetHints":{"allow":["GET"]}}],"collection":[{"href":"https:\/\/santonews.cl\/index.php?rest_route=\/wp\/v2\/posts"}],"about":[{"href":"https:\/\/santonews.cl\/index.php?rest_route=\/wp\/v2\/types\/post"}],"author":[{"embeddable":true,"href":"https:\/\/santonews.cl\/index.php?rest_route=\/wp\/v2\/users\/1"}],"replies":[{"embeddable":true,"href":"https:\/\/santonews.cl\/index.php?rest_route=%2Fwp%2Fv2%2Fcomments&post=1313"}],"version-history":[{"count":1,"href":"https:\/\/santonews.cl\/index.php?rest_route=\/wp\/v2\/posts\/1313\/revisions"}],"predecessor-version":[{"id":1315,"href":"https:\/\/santonews.cl\/index.php?rest_route=\/wp\/v2\/posts\/1313\/revisions\/1315"}],"wp:featuredmedia":[{"embeddable":true,"href":"https:\/\/santonews.cl\/index.php?rest_route=\/wp\/v2\/media\/1314"}],"wp:attachment":[{"href":"https:\/\/santonews.cl\/index.php?rest_route=%2Fwp%2Fv2%2Fmedia&parent=1313"}],"wp:term":[{"taxonomy":"category","embeddable":true,"href":"https:\/\/santonews.cl\/index.php?rest_route=%2Fwp%2Fv2%2Fcategories&post=1313"},{"taxonomy":"post_tag","embeddable":true,"href":"https:\/\/santonews.cl\/index.php?rest_route=%2Fwp%2Fv2%2Ftags&post=1313"}],"curies":[{"name":"wp","href":"https:\/\/api.w.org\/{rel}","templated":true}]}}