{"id":1300,"date":"2023-03-22T14:11:32","date_gmt":"2023-03-22T14:11:32","guid":{"rendered":"https:\/\/santonews.cl\/?p=1300"},"modified":"2023-03-22T14:11:32","modified_gmt":"2023-03-22T14:11:32","slug":"dia-mundial-del-agua","status":"publish","type":"post","link":"https:\/\/santonews.cl\/?p=1300","title":{"rendered":"D\u00eda mundial del Agua"},"content":{"rendered":"\n<p>\u00a1Feliz D\u00eda Mundial del Agua! El D\u00eda Mundial del Agua se celebra cada a\u00f1o el 22 de marzo para concienciar sobre la importancia del agua y la necesidad de gestionar este recurso de manera sostenible. Este d\u00eda fue establecido por la Asamblea General de las Naciones Unidas en 1993 y ha sido observado desde entonces en todo el mundo con eventos y actividades que buscan promover la conservaci\u00f3n y el uso responsable del agua. El tema del D\u00eda Mundial del Agua de este a\u00f1o es &#8220;Valorar el agua&#8221;, lo que destaca la importancia del agua como recurso esencial para la vida y la necesidad de reconocer su valor en todos los aspectos de la sociedad, desde la salud y la higiene hasta la agricultura y la industria.<\/p>\n\n\n\n<p><\/p>\n\n\n\n<figure class=\"wp-block-image\"><img decoding=\"async\" src=\"https:\/\/santonews.cl\/wp-content\/uploads\/2023\/03\/1-450x399.webp\" alt=\"\"\/><\/figure>\n\n\n\n<p>Desaf\u00edo d\u00fachate en 3 minutos<\/p>\n\n\n\n<p><a href=\"https:\/\/articulo.mercadolibre.cl\/MLC-1058452913-reloj-de-arena-3-minutos-salvemos-nuestra-tierra-_JM#reco_item_pos=0&amp;reco_backend=machinalis-seller-items&amp;reco_backend_type=low_level&amp;reco_client=vip-seller_items-above&amp;reco_id=12216850-06a3-4c3c-b14b-f749f9de4317\">https:\/\/articulo.mercadolibre.cl\/MLC-1058452913-reloj-de-arena-3-minutos-salvemos-nuestra-tierra-_JM#reco_item_pos=0&amp;reco_backend=machinalis-seller-items&amp;reco_backend_type=low_level&amp;reco_client=vip-seller_items-above&amp;reco_id=12216850-06a3-4c3c-b14b-f749f9de4317<\/a><\/p>\n","protected":false},"excerpt":{"rendered":"<p>\u00a1Feliz D\u00eda Mundial del Agua! El D\u00eda Mundial del Agua se celebra cada a\u00f1o el 22 de marzo para concienciar sobre la importancia del agua y la necesidad de gestionar este recurso&#8230;<\/p>\n","protected":false},"author":1,"featured_media":1302,"comment_status":"closed","ping_status":"closed","sticky":false,"template":"","format":"standard","meta":{"footnotes":""},"categories":[7],"tags":[],"class_list":["post-1300","post","type-post","status-publish","format-standard","has-post-thumbnail","hentry","category-noticias"],"_links":{"self":[{"href":"https:\/\/santonews.cl\/index.php?rest_route=\/wp\/v2\/posts\/1300","targetHints":{"allow":["GET"]}}],"collection":[{"href":"https:\/\/santonews.cl\/index.php?rest_route=\/wp\/v2\/posts"}],"about":[{"href":"https:\/\/santonews.cl\/index.php?rest_route=\/wp\/v2\/types\/post"}],"author":[{"embeddable":true,"href":"https:\/\/santonews.cl\/index.php?rest_route=\/wp\/v2\/users\/1"}],"replies":[{"embeddable":true,"href":"https:\/\/santonews.cl\/index.php?rest_route=%2Fwp%2Fv2%2Fcomments&post=1300"}],"version-history":[{"count":1,"href":"https:\/\/santonews.cl\/index.php?rest_route=\/wp\/v2\/posts\/1300\/revisions"}],"predecessor-version":[{"id":1303,"href":"https:\/\/santonews.cl\/index.php?rest_route=\/wp\/v2\/posts\/1300\/revisions\/1303"}],"wp:featuredmedia":[{"embeddable":true,"href":"https:\/\/santonews.cl\/index.php?rest_route=\/wp\/v2\/media\/1302"}],"wp:attachment":[{"href":"https:\/\/santonews.cl\/index.php?rest_route=%2Fwp%2Fv2%2Fmedia&parent=1300"}],"wp:term":[{"taxonomy":"category","embeddable":true,"href":"https:\/\/santonews.cl\/index.php?rest_route=%2Fwp%2Fv2%2Fcategories&post=1300"},{"taxonomy":"post_tag","embeddable":true,"href":"https:\/\/santonews.cl\/index.php?rest_route=%2Fwp%2Fv2%2Ftags&post=1300"}],"curies":[{"name":"wp","href":"https:\/\/api.w.org\/{rel}","templated":true}]}}