{"id":1256,"date":"2023-02-12T14:44:59","date_gmt":"2023-02-12T14:44:59","guid":{"rendered":"https:\/\/santonews.cl\/?p=1256"},"modified":"2023-02-12T14:45:01","modified_gmt":"2023-02-12T14:45:01","slug":"rio-maipo-vuelve-a-embancarse-y-otra-vez-deja-de-desembocar-en-el-mar","status":"publish","type":"post","link":"https:\/\/santonews.cl\/?p=1256","title":{"rendered":"R\u00edo Maipo vuelve a embancarse y otra vez deja de desembocar en el mar"},"content":{"rendered":"\n<p><\/p>\n\n\n\n<p>El R\u00edo Maipo dej\u00f3 de desembocar en el mar. Expertos recomiendan llegar a un acuerdo para controlar la sequ\u00eda que est\u00e1 afectando a la zona, y habitantes del sector piden con urgencia intervenci\u00f3n del Gobierno.<\/p>\n\n\n\n<p>El R\u00edo Maipo volvi\u00f3 a embancarse.<\/p>\n\n\n\n<p>La situaci\u00f3n ya se hab\u00eda registrado el pasado mes de enero, pero hab\u00eda sido parcialmente restaurada gracias a una zanja excavada por la Escuela de Ingenieros Tejas Verdes, que permiti\u00f3 que volviera a depositar su agua en el mar<\/p>\n\n\n\n<p><a href=\"https:\/\/www.biobiochile.cl\/especial\/aqui-tierra\/noticias\/2023\/02\/12\/rio-maipo-vuelve-a-embancarse-y-nuevamente-deja-de-desembocar-en-el-mar.shtml\">https:\/\/www.biobiochile.cl\/especial\/aqui-tierra\/noticias\/2023\/02\/12\/rio-maipo-vuelve-a-embancarse-y-nuevamente-deja-de-desembocar-en-el-mar.shtml<\/a><\/p>\n\n\n\n<hr class=\"wp-block-separator has-alpha-channel-opacity\"\/>\n\n\n\n<p><strong>R\u00edo Maipo vuelve a embancarse y deja de desembocar en el mar en medio de agudizaci\u00f3n de crisis por manejo de cuencasLa laguna salobre ingres\u00f3 50 metros en la localidad de San Juan, afectando a agricultores y apicultores<\/strong><\/p>\n\n\n\n<p>El r\u00edo Maipo volvi\u00f3 a dejar de desembocar en el mar. Pocos d\u00edas duraron los trabajos dispuestos por la autoridad el 27 de enero para terminar con ese fen\u00f3meno, in\u00e9dito en los registros sobre el r\u00edo. La zanja excavada por maquinaria de la Escuela de Ingenieros Tejas Verdes volvi\u00f3 a obstruirse. &#8220;La erosi\u00f3n del r\u00edo sobre esta extensi\u00f3n artificial del cauce y el efecto de las olas fue cerrando el paso del agua de forma progresiva hasta el jueves 2, cuando de nuevo la fuerza del r\u00edo no fue capaz de sobrepasar el banco de arena&#8221;, explic\u00f3 Diego Urrejola, director ejecutivo de la fundaci\u00f3n Cosmos, que administra el humedal ubicado junto a la desembocadura. Urrejola se\u00f1al\u00f3 que la laguna salobre ingres\u00f3 50 metros en la localidad de San Juan, afectando a agricultores y apicultores. A su vez, los pescadores se ven perjudicados por la interrupci\u00f3n del ciclo de vida del pez lisa, que habita en bah\u00edas de oleaje moderado. Por el momento, la delegaci\u00f3n provincial de San Antonio no tiene previsto volver a intervenir, la maquinaria militar est\u00e1 comprometida en el combate a los incendios en el sur, mientras no defina un protocolo de acci\u00f3n con los cient\u00edficos locales<\/p>\n\n\n\n<p>Fuente: Emol.com &#8211;&nbsp;<a href=\"https:\/\/www.emol.com\/noticias\/Nacional\/2023\/02\/11\/1086476\/rio-maipo-deja-desembocar-mar.html\">https:\/\/www.emol.com\/noticias\/Nacional\/2023\/02\/11\/1086476\/rio-maipo-deja-desembocar-mar.html<\/a><\/p>\n\n\n\n<p><\/p>\n","protected":false},"excerpt":{"rendered":"<p>El R\u00edo Maipo dej\u00f3 de desembocar en el mar. Expertos recomiendan llegar a un acuerdo para controlar la sequ\u00eda que est\u00e1 afectando a la zona, y habitantes del sector piden con urgencia&#8230;<\/p>\n","protected":false},"author":1,"featured_media":1257,"comment_status":"closed","ping_status":"closed","sticky":false,"template":"","format":"standard","meta":{"footnotes":""},"categories":[7],"tags":[],"class_list":["post-1256","post","type-post","status-publish","format-standard","has-post-thumbnail","hentry","category-noticias"],"_links":{"self":[{"href":"https:\/\/santonews.cl\/index.php?rest_route=\/wp\/v2\/posts\/1256","targetHints":{"allow":["GET"]}}],"collection":[{"href":"https:\/\/santonews.cl\/index.php?rest_route=\/wp\/v2\/posts"}],"about":[{"href":"https:\/\/santonews.cl\/index.php?rest_route=\/wp\/v2\/types\/post"}],"author":[{"embeddable":true,"href":"https:\/\/santonews.cl\/index.php?rest_route=\/wp\/v2\/users\/1"}],"replies":[{"embeddable":true,"href":"https:\/\/santonews.cl\/index.php?rest_route=%2Fwp%2Fv2%2Fcomments&post=1256"}],"version-history":[{"count":1,"href":"https:\/\/santonews.cl\/index.php?rest_route=\/wp\/v2\/posts\/1256\/revisions"}],"predecessor-version":[{"id":1258,"href":"https:\/\/santonews.cl\/index.php?rest_route=\/wp\/v2\/posts\/1256\/revisions\/1258"}],"wp:featuredmedia":[{"embeddable":true,"href":"https:\/\/santonews.cl\/index.php?rest_route=\/wp\/v2\/media\/1257"}],"wp:attachment":[{"href":"https:\/\/santonews.cl\/index.php?rest_route=%2Fwp%2Fv2%2Fmedia&parent=1256"}],"wp:term":[{"taxonomy":"category","embeddable":true,"href":"https:\/\/santonews.cl\/index.php?rest_route=%2Fwp%2Fv2%2Fcategories&post=1256"},{"taxonomy":"post_tag","embeddable":true,"href":"https:\/\/santonews.cl\/index.php?rest_route=%2Fwp%2Fv2%2Ftags&post=1256"}],"curies":[{"name":"wp","href":"https:\/\/api.w.org\/{rel}","templated":true}]}}