{"id":1243,"date":"2023-02-08T13:30:15","date_gmt":"2023-02-08T13:30:15","guid":{"rendered":"https:\/\/santonews.cl\/?p=1243"},"modified":"2023-02-13T14:12:38","modified_gmt":"2023-02-13T14:12:38","slug":"calendario-y-ubicaciones-actividades-febrero-santo-domingo","status":"publish","type":"post","link":"https:\/\/santonews.cl\/?p=1243","title":{"rendered":"Calendario y ubicaciones Actividades Febrero Santo Domingo"},"content":{"rendered":"\n<figure class=\"wp-block-table\"><table><tbody><tr><td>1\/02<\/td><td>10:00 a 18:00<\/td><td>Artequin<\/td><td>Plaza de las Flores<\/td><\/tr><tr><td>1\/02<\/td><td>17:00<\/td><td>Teatro infantil<\/td><td>Parque Los Quillayes<\/td><\/tr><tr><td>1\/02<\/td><td>18:30<\/td><td>Teatro Sue\u00f1os de circo<\/td><td>Plaza de las Flores<\/td><\/tr><tr><td>1\/02<\/td><td>12:00 a 20:00<\/td><td>Expo Arte Verano 2023<\/td><td>Colegio Helen Lee Lassen<\/td><\/tr><tr><td>2\/02<\/td><td>10:00 a 18:00<\/td><td>Artequin<\/td><td>Plaza de las Flores<\/td><\/tr><tr><td>2\/02<\/td><td>11:00<\/td><td>D\u00eda de los humedales<\/td><td>Humedal R\u00edo Maipo<\/td><\/tr><tr><td>2\/02<\/td><td>19:00<\/td><td>Bingo familiar<\/td><td>Escuela Claudio Vicu\u00f1a<\/td><\/tr><tr><td>2\/02<\/td><td>12:00 a 20:00<\/td><td>Expo Arte Verano 2023<\/td><td>Colegio Helen Lee Lassen<\/td><\/tr><tr><td>3\/02<\/td><td>10:00 a 18:00<\/td><td>Artequin<\/td><td>Plaza de las Flores<\/td><\/tr><tr><td>3\/02<\/td><td>16:00 a 22:00<\/td><td>Mercados de verano<\/td><td>Mercado Santa Teresa<\/td><\/tr><tr><td>3\/02<\/td><td>21:00<\/td><td>Ensamb. transatl\u00e1ntico<\/td><td>Plaza de las Flores<\/td><\/tr><tr><td>3\/02<\/td><td>12:00 a 20:00<\/td><td>Expo Arte Verano 2023<\/td><td>Colegio Helen Lee Lassen<\/td><\/tr><tr><td>4\/02<\/td><td>10:00 a 18:00<\/td><td>Artequin<\/td><td>Plaza de las Flores<\/td><\/tr><tr><td>4\/02<\/td><td>12:00<\/td><td>Teatro infantil<\/td><td>Playa Sur<\/td><\/tr><tr><td>4\/02<\/td><td>15:30 a 19:30<\/td><td>Parque Acu\u00e1tico<\/td><td>Cancha San Enrique<\/td><\/tr><tr><td>4\/02<\/td><td>12:00 a 20:00<\/td><td>Expo Arte Verano 2023<\/td><td>Colegio Helen Lee Lassen<\/td><\/tr><tr><td>5\/02<\/td><td>15:30 a 19:30<\/td><td>Parque Acu\u00e1tico<\/td><td>Cancha CD Bucalemu<\/td><\/tr><tr><td>5\/02<\/td><td>12:00 a 20:00<\/td><td>Cierre Expo Arte 2023<\/td><td>Colegio Helen Lee Lassen<\/td><\/tr><tr><td>7\/02<\/td><td>10:00 a 18:00<\/td><td>Artequin<\/td><td>Plaza de las Flores<\/td><\/tr><tr><td>8\/02<\/td><td>17:00<\/td><td>Teatro infantil<\/td><td>Escuela El Convento<\/td><\/tr><tr><td>8\/02<\/td><td>18:30<\/td><td>Teatro: Peter Pan<\/td><td>Parque Los Quillayes<\/td><\/tr><tr><td>8\/02<\/td><td>10:00 a 18:00<\/td><td>Artequin<\/td><td>Plaza de las Flores<\/td><\/tr><tr><td>9\/02<\/td><td>10:00 a 18:00<\/td><td>Artequin<\/td><td>Plaza de las Flores<\/td><\/tr><tr><td>9\/02<\/td><td>11:00 a 13:30<\/td><td>Taller creativo<\/td><td>Humedal R\u00edo Maipo<\/td><\/tr><tr><td>9\/02<\/td><td>21:00<\/td><td>Teatro: Los Madrigal<\/td><td>Juan Vera Vel\u00e1squez<\/td><\/tr><tr><td>10\/2<\/td><td>21:00<\/td><td>Ballet y Jorge Y\u00e1\u00f1ez<\/td><td>Plaza de las Flores<\/td><\/tr><tr><td>10\/2<\/td><td>10:00 a 18:00<\/td><td>Artequin<\/td><td>Plaza de las Flores<\/td><\/tr><tr><td>11\/2<\/td><td>10:00 a 18:00<\/td><td>Cierre Artequin<\/td><td>Plaza de las Flores<\/td><\/tr><tr><td>11\/2<\/td><td>12:00<\/td><td>Teatro infantil<\/td><td>Playa Sur<\/td><\/tr><tr><td>11\/2<\/td><td>14:00 a 18:00<\/td><td>Plaza Preventiva Senda<\/td><td>Plaza Los Cipreses<\/td><\/tr><tr><td>11\/2<\/td><td>15:30 a 19:30<\/td><td>Parque Acu\u00e1tico<\/td><td>Sede JJVV Las Salinas<\/td><\/tr><tr><td>11\/2<\/td><td>21:00<\/td><td>Orquesta y Los Jaivas<\/td><td>Plaza de las Flores<\/td><\/tr><tr><td>12\/2<\/td><td>15:30 a 19:30<\/td><td>Parque Acu\u00e1tico<\/td><td>Cancha CD El Convento<\/td><\/tr><tr><td>12\/2<\/td><td>17:00<\/td><td>Cantando aprendo a hablar<\/td><td>Parque Quillayes<\/td><\/tr><tr><td>15\/2<\/td><td>21:00<\/td><td>Cine al aire libre<\/td><td>Plaza Laurita Vicu\u00f1a<\/td><\/tr><tr><td>16\/2<\/td><td>11:00 a 13:30<\/td><td>Taller creativo<\/td><td>Humedal R\u00edo Maipo<\/td><\/tr><tr><td>16\/2<\/td><td>21:00 Teatro<\/td><td>Terapia para un marido<\/td><td>Juan Vera Vel\u00e1squez<\/td><\/tr><tr><td>17\/2<\/td><td>21:00 Hnos.<\/td><td>Zabaleta Germ\u00e1n Casas<\/td><td>Plaza de las Flores<\/td><\/tr><tr><td>18\/2<\/td><td>12:00<\/td><td>Teatro infantil<\/td><td>Playa Sur<\/td><\/tr><tr><td>18\/2<\/td><td>15:30 a 19:30<\/td><td>Parque Acu\u00e1tico<\/td><td>Plaza Los Cipreses<\/td><\/tr><tr><td>18\/2<\/td><td>15:00 a 19:00<\/td><td>Plaza Preventiva Senda<\/td><td>Cancha CD El Convento<\/td><\/tr><tr><td>18\/2<\/td><td>19:00<\/td><td>II Encuentro Acuarela<\/td><td>Parque de la Ciencia<\/td><\/tr><tr><td>18\/2<\/td><td>19:00 a 00:00<\/td><td>Vinos de Proa<\/td><td>Plaza de las Flores<\/td><\/tr><tr><td>18\/2<\/td><td>21:00<\/td><td>Cine al aire libre<\/td><td>Plaza El Convento<\/td><\/tr><tr><td>19\/2<\/td><td>15:30 a 19:30<\/td><td>Parque Acu\u00e1tico<\/td><td>Parque Los Quillayes<\/td><\/tr><tr><td>22\/2<\/td><td>21:00<\/td><td>Cine bajo las estrellas<\/td><td>Parque Los Quillayes<\/td><\/tr><tr><td>23\/2<\/td><td>11:00 a 13:30<\/td><td>Talleres creativos<\/td><td>Humedal R\u00edo Maipo<\/td><\/tr><tr><td>23\/2<\/td><td>19:00<\/td><td>Bingo familiar<\/td><td>Cancha CD San Enrique<\/td><\/tr><tr><td>24\/2<\/td><td>21:00<\/td><td>Alexandros Tefarikes<\/td><td>Parque Los Quillayes<\/td><\/tr><tr><td>25\/2<\/td><td>9:00 a 14:00<\/td><td>Corrida Banco Edwards<\/td><td>Playa Sur<\/td><\/tr><tr><td>25\/2<\/td><td>20:00<\/td><td>Tributo The Beatles<\/td><td>Parque Los Quillayes<\/td><\/tr><tr><td>28\/2<\/td><td>21:00<\/td><td>Cine al aire libre<\/td><td>Bucalemu lugar a definir<\/td><\/tr><tr><td>02\/3<\/td><td>19:00<\/td><td>Bingo familiar<\/td><td>Juan Vera Vel\u00e1squez<\/td><\/tr><tr><td>16\/3<\/td><td><\/td><td>Rodeo Clasificatorio<\/td><td>El Convento<\/td><\/tr><tr><td>17\/3<\/td><td><\/td><td>Rodeo Clasificatorio<\/td><td>El Convento<\/td><\/tr><tr><td>18\/3<\/td><td><\/td><td>Rodeo Clasificatorio<\/td><td>El Convento<\/td><\/tr><tr><td>19\/3<\/td><td><\/td><td>Rodeo Clasificatorio<\/td><td>El Convento<\/td><\/tr><tr><td>25\/3<\/td><td><\/td><td>Fiesta del verano<\/td><td>Santo Domingo rural<\/td><\/tr><tr><td>01\/4<\/td><td><\/td><td>Rodeo comunal<\/td><td>San Enrique<\/td><\/tr><\/tbody><\/table><\/figure>\n\n\n\n<p>Calendario sujeto a modificaciones (\u00faltima actualizaci\u00f3n: 7 febrero 5:44 pm)<\/p>\n\n\n\n<p><\/p>\n\n\n\n<p>Lleg\u00f3 febrero y con ello m\u00e1s actividades que la Municipalidad de Santo Domingo ha preparado para todos nuestros vecinos y visitantes.<\/p>\n\n\n\n<p>Teatro para ni\u00f1os y adultos, conciertos, exposiciones de arte y mucho m\u00e1s es lo que podr\u00e1s disfrutar en nuestra comuna, de forma gratuita, en esta temporada estival.<\/p>\n\n\n\n<p>A continuaci\u00f3n compartimos con ustedes el calendario con las actividades recreativas y culturales de las pr\u00f3ximas semanas. Para mayor informaci\u00f3n o consultas, puedes visitar nuestro Fan Page de&nbsp;<a href=\"http:\/\/facebook.com\/santodomingocl\">Facebook<\/a>.<\/p>\n\n\n\n<p>Fuente : Santodomingo.cl<\/p>\n","protected":false},"excerpt":{"rendered":"<p>1\/02 10:00 a 18:00 Artequin Plaza de las Flores 1\/02 17:00 Teatro infantil Parque Los Quillayes 1\/02 18:30 Teatro Sue\u00f1os de circo Plaza de las Flores 1\/02 12:00 a 20:00 Expo Arte&#8230;<\/p>\n","protected":false},"author":1,"featured_media":1262,"comment_status":"closed","ping_status":"closed","sticky":false,"template":"","format":"standard","meta":{"footnotes":""},"categories":[7],"tags":[],"class_list":["post-1243","post","type-post","status-publish","format-standard","has-post-thumbnail","hentry","category-noticias"],"_links":{"self":[{"href":"https:\/\/santonews.cl\/index.php?rest_route=\/wp\/v2\/posts\/1243","targetHints":{"allow":["GET"]}}],"collection":[{"href":"https:\/\/santonews.cl\/index.php?rest_route=\/wp\/v2\/posts"}],"about":[{"href":"https:\/\/santonews.cl\/index.php?rest_route=\/wp\/v2\/types\/post"}],"author":[{"embeddable":true,"href":"https:\/\/santonews.cl\/index.php?rest_route=\/wp\/v2\/users\/1"}],"replies":[{"embeddable":true,"href":"https:\/\/santonews.cl\/index.php?rest_route=%2Fwp%2Fv2%2Fcomments&post=1243"}],"version-history":[{"count":7,"href":"https:\/\/santonews.cl\/index.php?rest_route=\/wp\/v2\/posts\/1243\/revisions"}],"predecessor-version":[{"id":1264,"href":"https:\/\/santonews.cl\/index.php?rest_route=\/wp\/v2\/posts\/1243\/revisions\/1264"}],"wp:featuredmedia":[{"embeddable":true,"href":"https:\/\/santonews.cl\/index.php?rest_route=\/wp\/v2\/media\/1262"}],"wp:attachment":[{"href":"https:\/\/santonews.cl\/index.php?rest_route=%2Fwp%2Fv2%2Fmedia&parent=1243"}],"wp:term":[{"taxonomy":"category","embeddable":true,"href":"https:\/\/santonews.cl\/index.php?rest_route=%2Fwp%2Fv2%2Fcategories&post=1243"},{"taxonomy":"post_tag","embeddable":true,"href":"https:\/\/santonews.cl\/index.php?rest_route=%2Fwp%2Fv2%2Ftags&post=1243"}],"curies":[{"name":"wp","href":"https:\/\/api.w.org\/{rel}","templated":true}]}}