{"id":1237,"date":"2023-02-05T16:05:46","date_gmt":"2023-02-05T16:05:46","guid":{"rendered":"https:\/\/santonews.cl\/?p=1237"},"modified":"2023-02-06T15:22:14","modified_gmt":"2023-02-06T15:22:14","slug":"el-reencuentro-comienza-expoarte-rocas-de-santo-domingo-2023","status":"publish","type":"post","link":"https:\/\/santonews.cl\/?p=1237","title":{"rendered":"\u2018El Reencuentro\u2019: comienza ExpoArte Rocas de Santo Domingo 2023"},"content":{"rendered":"\n<h2 class=\"wp-block-heading\">La exhibici\u00f3n de arte contempor\u00e1neo m\u00e1s importante del verano nacional, regresa del 28 de enero al 5 de febrero sin l\u00edmites de aforo y con un centenar de obras que representan el trabajo de 25 artistas nacionales en el tradicional balneario de la Quinta Regi\u00f3n.<\/h2>\n\n\n\n<figure class=\"wp-block-image size-large\"><img decoding=\"async\" src=\"https:\/\/www.elperiodista.cl\/wp-content\/uploads\/2023\/01\/expoarte-23-grafica-oficial-01-2-750x430.png\" alt=\"\"\/><\/figure>\n\n\n\n<p>La ExpoArte Santo Domingo, en su trig\u00e9sima tercera versi\u00f3n, tiene la fuerza del reencuentro. Despu\u00e9s de un largo per\u00edodo, la gran exhibici\u00f3n de arte contempor\u00e1neo vuelve al colegio Helen Lee Lassen, en el coraz\u00f3n de la comuna balneario de Santo Domingo, para desplegar el ejercicio de volver a nuestras ra\u00edces mediante un in\u00e9dito cruce de miradas con el patrimonio, las materialidades, el factor humano y la naturaleza como un medio de reflexi\u00f3n que se amplifica con fuerza en el p\u00fablico.<\/p>\n\n\n\n<p>En suma, m\u00e1s de 25 artistas y sus propuestas, actividades de mediaci\u00f3n, conversatorios y conferencias en esta edici\u00f3n que retoma sus afores presenciales y que, al mismo tiempo, mantiene la exitosa modalidad virtual que permiti\u00f3 que la ExpoArte no detuviera su marcha en tiempos de pandemia. De este modo, tambi\u00e9n se fortalece la Galer\u00eda en 360 grados y un cat\u00e1logo en l\u00ednea que se puede visitar todo el a\u00f1o en el sitio&nbsp;<a href=\"http:\/\/www.expoartesantodomingo.cl\/\">www.expoartesantodomingo.cl<\/a>.<\/p>\n\n\n\n<h4 class=\"wp-block-heading\"><strong>Programaci\u00f3n<\/strong><\/h4>\n\n\n\n<p>En la programaci\u00f3n destaca el Homenaje a la Generaci\u00f3n del 80, con potentes nombres como Francisca N\u00fa\u00f1ez, Samy Benmayor, Carlos Maturana Bororo, Pablo Dom\u00ednguez y Omar Gatica, artistas que reivindicaron el oficio de la pintura y la figuraci\u00f3n frente a las neovanguardias la \u00e9poca.<\/p>\n\n\n\n<p>En los ejes curatoriales 2023 est\u00e1, en primer lugar, \u2018El reencuentro, la naturaleza y el paisaje\u2019, con las obras de Katerina Guti\u00e9rrez, Mara Santib\u00e1\u00f1ez, Camila Olave, Mar\u00eda Soledad Leiva y Daniela Saavedra, quienes buscan en el entorno y la geograf\u00eda cada uno de los elementos compositivos de sus propuestas.&nbsp;<\/p>\n\n\n\n<p>En la secci\u00f3n \u2018El reencuentro y el factor humano\u2019, Paula Lynch, Rodolfo Opazo, An\u00edbal Ellado y Edgardo Contreras dan prueba de la problem\u00e1tica existencial con trabajos que van del surrealismo al hiperrealismo.&nbsp;<\/p>\n\n\n\n<p>En la l\u00ednea \u2018El reencuentro y las materialidades\u2019, Yto Aranda, Camila Lampert, Sol Guillon, Mar\u00eda Eliana Herrera, Laila Havilio y V\u00edctor Venegas experimentan en el soporte y sus recursos. Finalmente, en la esfera de El Reencuentro, las estructuras y el patrimonio, Mar\u00eda In\u00e9s Rivera, Ciro Beltr\u00e1n, Mauricio \u00c1lvarez y Ernesto Banderas se encargan de las huellas, el recuerdo y las se\u00f1ales vern\u00e1culas en torno al paso del tiempo.<\/p>\n\n\n\n<p>Carola Fuentes Olmedo, coordinadora y productora general de la ExpoArte Santo Domingo, explica que este certamen se ha desarrollado por treinta a\u00f1os de manera presencial, \u201cpero luego -a partir de la pandemia-, nos reinventamos y generamos una innovadora versi\u00f3n en una galer\u00eda en 360 grados que nos permiti\u00f3 llegar a nuevas generaciones y zonas geogr\u00e1ficas. La importancia de este a\u00f1o es volver a encontrarnos a trav\u00e9s del abrazo con los p\u00fablicos m\u00e1s cercanos, pero tambi\u00e9n a la distancia\u201d.<\/p>\n\n\n\n<p>De este modo, por primera vez en su historia, la ExpoArte tendr\u00e1 dos formatos: virtual y presencial. \u201cPor lo mismo, hemos trabajado una programaci\u00f3n que nos permita una absoluta conexi\u00f3n con las obras y los artistas, estableciendo acciones de mediaci\u00f3n capaces de integrar a las comunidades con los procesos creativos\u201d, agrega Carola Fuentes.<\/p>\n\n\n\n<p>Ver\u00f3nica Cristallini, Directora Ejecutiva de la Asociaci\u00f3n Cultural Rocas de Santo Domingo, destaca el Homenaje a la Generaci\u00f3n del 80, \u201cuna promoci\u00f3n de artistas que tuvo una gran importancia en la reivindicaci\u00f3n y la recuperaci\u00f3n del lenguaje pict\u00f3rico a pesar del neoconceptualismo y las neovanguardias imperantes. Ellos lograron mantenerse fuertes y unidos frente a las cr\u00edticas para mantener una incesante b\u00fasqueda y experimentaci\u00f3n. Es cuando aparece, la soltura en el manejo de grafismos, manchas y chorreos, adem\u00e1s de un regreso al dibujo y lo figurativo\u201d, sostiene.<\/p>\n\n\n\n<p>La ExpoArte Rocas de Santo Domingo espera a todos sus p\u00fablicos en el tradicional edificio del Colegio Helen Lee Lassen, calle Catalina de Siena 212, Santo Domingo, Valpara\u00edso, con nueve d\u00edas para conocer la obra de artistas consagrados, Premios Nacionales de Arte, figuras emergentes y creadores de la provincia, junto a talleres infantiles, visitas guiadas, encuentros con artistas, conferencias, actividades mediales y una intervenci\u00f3n art\u00edstica en el espacio p\u00fablico de acuerdo a un programa que se puede revisar en \/<a href=\"http:\/\/www.agrupacionculturalsantodomingo.cl\/\">www.agrupacionculturalsantodomingo.cl<\/a>.<\/p>\n\n\n\n<p>Fuente: https:\/\/www.elperiodista.cl\/2023\/01\/el-reencuentro-comienza-expoarte-rocas-de-santo-domingo-2023\/<\/p>\n","protected":false},"excerpt":{"rendered":"<p>La exhibici\u00f3n de arte contempor\u00e1neo m\u00e1s importante del verano nacional, regresa del 28 de enero al 5 de febrero sin l\u00edmites de aforo y con un centenar de obras que representan el&#8230;<\/p>\n","protected":false},"author":1,"featured_media":222,"comment_status":"closed","ping_status":"closed","sticky":false,"template":"","format":"standard","meta":{"footnotes":""},"categories":[7],"tags":[],"class_list":["post-1237","post","type-post","status-publish","format-standard","has-post-thumbnail","hentry","category-noticias"],"_links":{"self":[{"href":"https:\/\/santonews.cl\/index.php?rest_route=\/wp\/v2\/posts\/1237","targetHints":{"allow":["GET"]}}],"collection":[{"href":"https:\/\/santonews.cl\/index.php?rest_route=\/wp\/v2\/posts"}],"about":[{"href":"https:\/\/santonews.cl\/index.php?rest_route=\/wp\/v2\/types\/post"}],"author":[{"embeddable":true,"href":"https:\/\/santonews.cl\/index.php?rest_route=\/wp\/v2\/users\/1"}],"replies":[{"embeddable":true,"href":"https:\/\/santonews.cl\/index.php?rest_route=%2Fwp%2Fv2%2Fcomments&post=1237"}],"version-history":[{"count":1,"href":"https:\/\/santonews.cl\/index.php?rest_route=\/wp\/v2\/posts\/1237\/revisions"}],"predecessor-version":[{"id":1238,"href":"https:\/\/santonews.cl\/index.php?rest_route=\/wp\/v2\/posts\/1237\/revisions\/1238"}],"wp:featuredmedia":[{"embeddable":true,"href":"https:\/\/santonews.cl\/index.php?rest_route=\/wp\/v2\/media\/222"}],"wp:attachment":[{"href":"https:\/\/santonews.cl\/index.php?rest_route=%2Fwp%2Fv2%2Fmedia&parent=1237"}],"wp:term":[{"taxonomy":"category","embeddable":true,"href":"https:\/\/santonews.cl\/index.php?rest_route=%2Fwp%2Fv2%2Fcategories&post=1237"},{"taxonomy":"post_tag","embeddable":true,"href":"https:\/\/santonews.cl\/index.php?rest_route=%2Fwp%2Fv2%2Ftags&post=1237"}],"curies":[{"name":"wp","href":"https:\/\/api.w.org\/{rel}","templated":true}]}}