{"id":1233,"date":"2023-01-30T15:09:52","date_gmt":"2023-01-30T15:09:52","guid":{"rendered":"https:\/\/santonews.cl\/?p=1233"},"modified":"2023-01-30T15:10:34","modified_gmt":"2023-01-30T15:10:34","slug":"rio-maipo-vuelve-a-desembocar-en-el-mar-tras-construccion-de-zanja-para-encauzar-caudal","status":"publish","type":"post","link":"https:\/\/santonews.cl\/?p=1233","title":{"rendered":"R\u00edo Maipo vuelve a desembocar en el mar tras construcci\u00f3n de zanja para encauzar caudal"},"content":{"rendered":"\n<p>a crisis h\u00eddrica, las marejadas anormales y las extracciones de agua habr\u00edan producido el &#8220;bloqueo&#8221; del cauce natural del r\u00edo hacia el mar, lo que fue solucionado con la construcci\u00f3n de una zanja en la costa de San Antonio.<\/p>\n\n\n\n<p>Luego de tres d\u00edas bloqueadas,&nbsp;<strong>las aguas del r\u00edo Maipo volvieron a desembocar en el mar<\/strong>. Esto, tras la construcci\u00f3n de una zanja en San Antonio,&nbsp;regi\u00f3n de Valpara\u00edso.<\/p>\n\n\n\n<p>Recordemos que el r\u00edo Maipo hab\u00eda dejado de desembocar en el mar este mi\u00e9rcoles. Dentro de las causas, se se\u00f1al\u00f3 que el fen\u00f3meno de las&nbsp;<strong>marejadas anormales habr\u00eda agravado la megasequ\u00eda que afecta al caudal<\/strong>&nbsp;en la \u00faltima d\u00e9cada. Adem\u00e1s, las autoridades locales, as\u00ed como expertos, apuntaron a la&nbsp;<strong>extracci\u00f3n de aguas por parte de terceros<\/strong>.<\/p>\n\n\n\n<p><\/p>\n\n\n\n<p>Debido a lo anterior,&nbsp;<strong>se tom\u00f3 la decisi\u00f3n de construir una zanja en la costa de San Antonio<\/strong>, con el objetivo de encauzar el caudal del r\u00edo Maipo hacia el mar. Las obras, iniciadas la ma\u00f1ana de este viernes, cumplieron dicho objetivo.<\/p>\n\n\n\n<p><\/p>\n\n\n\n<h2 class=\"wp-block-heading\">R\u00edo Maipo vuelve a desembocar en el mar tras construcci\u00f3n de zanja para encauzar caudal<\/h2>\n\n\n\n<p>Dentro de los motivos que explican el hecho de que el r\u00edo haya dejado de desembocar de forma natural en el mar, se aduce&nbsp;<strong>la grave crisis h\u00eddrica<\/strong>&nbsp;que en el \u00faltimo tiempo enfrenta la zona centro sur del pa\u00eds.<\/p>\n\n\n\n<p>A esto se suma el fen\u00f3meno reciente de las&nbsp;<strong>marejadas anormales<\/strong>, las cuales terminaron por obstaculizar la principal fuente de agua de la regi\u00f3n Metropolitana.<\/p>\n\n\n\n<p>La formaci\u00f3n de sedimentos generada por la fuerza del oleaje es un ciclo com\u00fan que ocurre cada vez que se producen estos fen\u00f3menos. No obstante, esta vez&nbsp;<strong>el caudal del r\u00edo \u201cse qued\u00f3 sin fuerzas\u201d.<\/strong><\/p>\n\n\n\n<blockquote class=\"twitter-tweet\"><p lang=\"es\" dir=\"ltr\">R\u00edo Maipo vuelve a desembocar en el mar, luego de que se abriera un canal en el banco de arena que imped\u00eda su flujo. <a href=\"https:\/\/t.co\/vpAq5W4yzO\">pic.twitter.com\/vpAq5W4yzO<\/a><\/p>\u2014 Diario El Proa (@proa_sanantonio) <a href=\"https:\/\/twitter.com\/proa_sanantonio\/status\/1619038237087133696?ref_src=twsrc%5Etfw\">January 27, 2023<\/a><\/blockquote> <script async=\"\" src=\"https:\/\/platform.twitter.com\/widgets.js\" charset=\"utf-8\"><\/script>\n\n\n\n<p>fuente:https:\/\/www.biobiochile.cl\/especial\/aqui-tierra\/noticias\/2023\/01\/28\/rio-maipo-vuelve-a-desembocar-en-el-mar-tras-construccion-de-zanja-para-encauzar-caudal.shtml<\/p>\n\n\n\n<p>Foto Cr\u00e9ditos: Agencia UNO<\/p>\n","protected":false},"excerpt":{"rendered":"<p>a crisis h\u00eddrica, las marejadas anormales y las extracciones de agua habr\u00edan producido el &#8220;bloqueo&#8221; del cauce natural del r\u00edo hacia el mar, lo que fue solucionado con la construcci\u00f3n de una&#8230;<\/p>\n","protected":false},"author":1,"featured_media":1234,"comment_status":"closed","ping_status":"closed","sticky":false,"template":"","format":"standard","meta":{"footnotes":""},"categories":[7],"tags":[],"class_list":["post-1233","post","type-post","status-publish","format-standard","has-post-thumbnail","hentry","category-noticias"],"_links":{"self":[{"href":"https:\/\/santonews.cl\/index.php?rest_route=\/wp\/v2\/posts\/1233","targetHints":{"allow":["GET"]}}],"collection":[{"href":"https:\/\/santonews.cl\/index.php?rest_route=\/wp\/v2\/posts"}],"about":[{"href":"https:\/\/santonews.cl\/index.php?rest_route=\/wp\/v2\/types\/post"}],"author":[{"embeddable":true,"href":"https:\/\/santonews.cl\/index.php?rest_route=\/wp\/v2\/users\/1"}],"replies":[{"embeddable":true,"href":"https:\/\/santonews.cl\/index.php?rest_route=%2Fwp%2Fv2%2Fcomments&post=1233"}],"version-history":[{"count":2,"href":"https:\/\/santonews.cl\/index.php?rest_route=\/wp\/v2\/posts\/1233\/revisions"}],"predecessor-version":[{"id":1236,"href":"https:\/\/santonews.cl\/index.php?rest_route=\/wp\/v2\/posts\/1233\/revisions\/1236"}],"wp:featuredmedia":[{"embeddable":true,"href":"https:\/\/santonews.cl\/index.php?rest_route=\/wp\/v2\/media\/1234"}],"wp:attachment":[{"href":"https:\/\/santonews.cl\/index.php?rest_route=%2Fwp%2Fv2%2Fmedia&parent=1233"}],"wp:term":[{"taxonomy":"category","embeddable":true,"href":"https:\/\/santonews.cl\/index.php?rest_route=%2Fwp%2Fv2%2Fcategories&post=1233"},{"taxonomy":"post_tag","embeddable":true,"href":"https:\/\/santonews.cl\/index.php?rest_route=%2Fwp%2Fv2%2Ftags&post=1233"}],"curies":[{"name":"wp","href":"https:\/\/api.w.org\/{rel}","templated":true}]}}