{"id":1218,"date":"2023-01-19T14:03:55","date_gmt":"2023-01-19T14:03:55","guid":{"rendered":"https:\/\/santonews.cl\/?p=1218"},"modified":"2023-01-19T14:06:57","modified_gmt":"2023-01-19T14:06:57","slug":"regresa-la-arena-a-playa-sur-y-norte-de-santo-domingo","status":"publish","type":"post","link":"https:\/\/santonews.cl\/?p=1218","title":{"rendered":"Regresa la arena a Playa Sur y Norte de Santo Domingo"},"content":{"rendered":"\n<p>Galer\u00eda de im\u00e1genes: Regresa la arena a Playa Sur y Norte de Santo Domingo<\/p>\n\n\n\n<p>M\u00e1s de una d\u00e9cada permaneci\u00f3 con piedras la Playa Sur de Rocas de Santo Domingo, pero lentamente la arena est\u00e1 llegando a sus costas para\u00a0 dar su tonalidad plomiza que siempre la caracteriz\u00f3.<\/p>\n\n\n\n<p>Fotos : Socrate Orellana<\/p>\n\n\n\n<figure class=\"wp-block-image size-large\"><img decoding=\"async\" src=\"https:\/\/sanantoniofotos.cl\/wp-content\/uploads\/2022\/12\/IMG_5899.jpg\" alt=\"\"\/><\/figure>\n\n\n\n<figure class=\"wp-block-image size-large\"><img decoding=\"async\" src=\"https:\/\/sanantoniofotos.cl\/wp-content\/uploads\/2022\/12\/IMG_6065.jpg\" alt=\"\"\/><\/figure>\n\n\n\n<figure class=\"wp-block-image size-large\"><img decoding=\"async\" src=\"https:\/\/sanantoniofotos.cl\/wp-content\/uploads\/2022\/12\/IMG_6248.jpg\" alt=\"\"\/><\/figure>\n\n\n\n<p>Fuente : https:\/\/sanantoniofotos.cl\/galeria-de-imagenes-regresa-la-arena-a-playa-sur-y-norte-de-santo-domingo\/#prettyPhoto<\/p>\n\n\n\n<p><\/p>\n","protected":false},"excerpt":{"rendered":"<p>Galer\u00eda de im\u00e1genes: Regresa la arena a Playa Sur y Norte de Santo Domingo M\u00e1s de una d\u00e9cada permaneci\u00f3 con piedras la Playa Sur de Rocas de Santo Domingo, pero lentamente la&#8230;<\/p>\n","protected":false},"author":1,"featured_media":1221,"comment_status":"closed","ping_status":"closed","sticky":false,"template":"","format":"standard","meta":{"footnotes":""},"categories":[7],"tags":[],"class_list":["post-1218","post","type-post","status-publish","format-standard","has-post-thumbnail","hentry","category-noticias"],"_links":{"self":[{"href":"https:\/\/santonews.cl\/index.php?rest_route=\/wp\/v2\/posts\/1218","targetHints":{"allow":["GET"]}}],"collection":[{"href":"https:\/\/santonews.cl\/index.php?rest_route=\/wp\/v2\/posts"}],"about":[{"href":"https:\/\/santonews.cl\/index.php?rest_route=\/wp\/v2\/types\/post"}],"author":[{"embeddable":true,"href":"https:\/\/santonews.cl\/index.php?rest_route=\/wp\/v2\/users\/1"}],"replies":[{"embeddable":true,"href":"https:\/\/santonews.cl\/index.php?rest_route=%2Fwp%2Fv2%2Fcomments&post=1218"}],"version-history":[{"count":2,"href":"https:\/\/santonews.cl\/index.php?rest_route=\/wp\/v2\/posts\/1218\/revisions"}],"predecessor-version":[{"id":1222,"href":"https:\/\/santonews.cl\/index.php?rest_route=\/wp\/v2\/posts\/1218\/revisions\/1222"}],"wp:featuredmedia":[{"embeddable":true,"href":"https:\/\/santonews.cl\/index.php?rest_route=\/wp\/v2\/media\/1221"}],"wp:attachment":[{"href":"https:\/\/santonews.cl\/index.php?rest_route=%2Fwp%2Fv2%2Fmedia&parent=1218"}],"wp:term":[{"taxonomy":"category","embeddable":true,"href":"https:\/\/santonews.cl\/index.php?rest_route=%2Fwp%2Fv2%2Fcategories&post=1218"},{"taxonomy":"post_tag","embeddable":true,"href":"https:\/\/santonews.cl\/index.php?rest_route=%2Fwp%2Fv2%2Ftags&post=1218"}],"curies":[{"name":"wp","href":"https:\/\/api.w.org\/{rel}","templated":true}]}}