{"id":1210,"date":"2023-01-13T16:23:44","date_gmt":"2023-01-13T16:23:44","guid":{"rendered":"https:\/\/santonews.cl\/?p=1210"},"modified":"2023-01-13T16:23:44","modified_gmt":"2023-01-13T16:23:44","slug":"playa-de-santo-domingo-desaparecera-mas-pronto-de-lo-pensado","status":"publish","type":"post","link":"https:\/\/santonews.cl\/?p=1210","title":{"rendered":"Playa de Santo Domingo desaparecer\u00e1 mas pronto de lo pensado"},"content":{"rendered":"\n<p>El Mostrador en La Clave: desaparici\u00f3n de playas<\/p>\n\n\n\n<p><strong>En una nueva edici\u00f3n de El Mostrador en La Clave, Macarena Fern\u00e1ndez y Francisca Castillo, comenzaron el programa hablando con la profesora del Instituto de Geograf\u00eda UC y directora del Observatorio de la Costa, Carolina Mart\u00ednez, abord\u00f3 el aumento de las marejadas a lo largo del pa\u00eds est\u00e1 haciendo cambiar diversas playas. Incluso, se estima que unas 66 de ellas desaparecer\u00e1n de aqu\u00ed a fin de siglo.<\/strong><\/p>\n\n\n\n<p>La profesora del Instituto de Geograf\u00eda UC y directora del Observatorio de la Costa,\u00a0<strong>Carolina Mart\u00ednez<\/strong>, abord\u00f3 el aumento de las marejadas a lo largo del pa\u00eds est\u00e1 haciendo cambiar diversas playas. Incluso, se estima que unas 66 de ellas desaparecer\u00e1n de aqu\u00ed a fin de siglo. Pero en este listado, hay 10 que se esfumar\u00edan en una d\u00e9cada, entre las que destacan Los Molles, Algarrobo, Santo Domingo, Pichilemu, Cartagena, Matanzas, Tongoy, Horc\u00f3n, entre otras. En promedio, est\u00e1n retrocediendo 1,5 metros al a\u00f1o o m\u00e1s<\/p>\n\n\n\n<p><\/p>\n\n\n\n<p>fuente: https:\/\/www.elmostrador.cl\/tv\/mostrador-clave-tv\/2023\/01\/13\/el-mostrador-en-la-clave-desaparicion-de-playas-entrevista-a-evelyn-matthei-nexos-del-fiscal-nacional-con-felipe-guevara-y-columna-de-cine\/<\/p>\n","protected":false},"excerpt":{"rendered":"<p>El Mostrador en La Clave: desaparici\u00f3n de playas En una nueva edici\u00f3n de El Mostrador en La Clave, Macarena Fern\u00e1ndez y Francisca Castillo, comenzaron el programa hablando con la profesora del Instituto&#8230;<\/p>\n","protected":false},"author":1,"featured_media":913,"comment_status":"closed","ping_status":"closed","sticky":false,"template":"","format":"standard","meta":{"footnotes":""},"categories":[7],"tags":[],"class_list":["post-1210","post","type-post","status-publish","format-standard","has-post-thumbnail","hentry","category-noticias"],"_links":{"self":[{"href":"https:\/\/santonews.cl\/index.php?rest_route=\/wp\/v2\/posts\/1210","targetHints":{"allow":["GET"]}}],"collection":[{"href":"https:\/\/santonews.cl\/index.php?rest_route=\/wp\/v2\/posts"}],"about":[{"href":"https:\/\/santonews.cl\/index.php?rest_route=\/wp\/v2\/types\/post"}],"author":[{"embeddable":true,"href":"https:\/\/santonews.cl\/index.php?rest_route=\/wp\/v2\/users\/1"}],"replies":[{"embeddable":true,"href":"https:\/\/santonews.cl\/index.php?rest_route=%2Fwp%2Fv2%2Fcomments&post=1210"}],"version-history":[{"count":1,"href":"https:\/\/santonews.cl\/index.php?rest_route=\/wp\/v2\/posts\/1210\/revisions"}],"predecessor-version":[{"id":1211,"href":"https:\/\/santonews.cl\/index.php?rest_route=\/wp\/v2\/posts\/1210\/revisions\/1211"}],"wp:featuredmedia":[{"embeddable":true,"href":"https:\/\/santonews.cl\/index.php?rest_route=\/wp\/v2\/media\/913"}],"wp:attachment":[{"href":"https:\/\/santonews.cl\/index.php?rest_route=%2Fwp%2Fv2%2Fmedia&parent=1210"}],"wp:term":[{"taxonomy":"category","embeddable":true,"href":"https:\/\/santonews.cl\/index.php?rest_route=%2Fwp%2Fv2%2Fcategories&post=1210"},{"taxonomy":"post_tag","embeddable":true,"href":"https:\/\/santonews.cl\/index.php?rest_route=%2Fwp%2Fv2%2Ftags&post=1210"}],"curies":[{"name":"wp","href":"https:\/\/api.w.org\/{rel}","templated":true}]}}