{"id":1204,"date":"2022-11-25T17:30:36","date_gmt":"2022-11-25T17:30:36","guid":{"rendered":"https:\/\/santonews.cl\/?p=1204"},"modified":"2022-11-25T17:30:37","modified_gmt":"2022-11-25T17:30:37","slug":"insta-a-mentir-y-no-esta-a-la-altura-concejales-de-san-antonio-critican-a-alcaldesa-por-dichos-a-ocupantes-de-tomas","status":"publish","type":"post","link":"https:\/\/santonews.cl\/?p=1204","title":{"rendered":"&#8220;Insta a mentir&#8221; y &#8220;no est\u00e1 a la altura&#8221;: Concejales de San Antonio critican a alcaldesa por dichos a ocupantes de tomas"},"content":{"rendered":"\n<p>Ediles de Chile Vamos, DC y Comunes rechazan las palabras de Constanza Lizana (IND), quien hace dos a\u00f1os llam\u00f3 a habitantes de una toma a mentirle a la polic\u00eda<\/p>\n\n\n\n<p>&#8220;Primero, tranquilidad. Que est\u00e9 la PDI ah\u00ed en ning\u00fan caso siquiera se acerca a la posibilidad de desalojo. Dos, hay que ser muy claro con las respuestas: &#8216;No s\u00e9, no s\u00e9, no s\u00e9&#8217;. Nadie sabe ni tiene que saber nada en particular. Si les piden su c\u00e9dula de identidad, ustedes no est\u00e1n ah\u00ed. Est\u00e1n viendo a un familiar, est\u00e1n paseando&#8221;<\/p>\n\n\n\n<p>Ese es un extracto del mensaje que la hoy alcaldesa de San Antonio, Constanza Lizana (IND), le dio a personas que estaban realizando una toma ilegal en un campamento en Placilla, en la citada comuna.<\/p>\n\n\n\n<p>Esto ocurri\u00f3 el 2020, cuando la abogada aun no era la m\u00e1xima autoridad comunal. Ella justifica lo que hizo y se defiende. &#8220;El audio es un mensaje de WhatsApp en 2020, plena pandemia, donde respondo una consulta jur\u00eddica que hacen sobre un posible desalojo del campamento de Placilla. Es una respuesta obvia de cualquier abogado&#8221;. Sin embargo, concejales de San Antonio no comparten para nada sus dichos y deslizaron duras cr\u00edticas contra la alcaldesa<\/p>\n\n\n\n<p><\/p>\n\n\n\n<p>&#8220;Varios concejales compartimos la misma opini\u00f3n. Se ve como una obstrucci\u00f3n a la justicia. Lo veo como una defensa hacia las tomas. En la toma de Placilla hay un due\u00f1o y se est\u00e1 faltando a la ley, la justicia. No corresponde, falta mucho a la verdad, insta a mentir a las personas&#8221;, cuestiona Lorena Zamorano (RN). La edil opositora agrega que &#8220;ella (Lizana) ya dio su versi\u00f3n p\u00fablicamente, para ella no es un delito, no tiene mayor relevancia, dijo que cualquier abogado responder\u00eda lo mismo, y yo pienso que no. <\/p>\n\n\n\n<p>Ella defiende las tomas, no creo que sea lo m\u00e1s \u00f3ptimo porque como alcaldesa debe priorizar la seguridad de San Antonio y lamentablemente desde que hay tomas ha incrementado la delincuencia. No puede ser juez y parte&#8221;. Asimismo, Zamorano ve un aprovechamiento pol\u00edtico detr\u00e1s de esto. &#8220;Yo jam\u00e1s fui a buscar un voto a una toma, por ende puedo decir lo que creo es lo correcto. Deja en claro de qu\u00e9 parte est\u00e1 ella&#8221;. Otro concejal que tambi\u00e9n manifest\u00f3 su rechazo es Manuel Meza (DC). &#8220;Estamos haciendo noticia nacional no por cosas buenas, son comentarios que no contribuyen al futuro de la comuna. Estamos preocupados los concejales. Independiente que sea extempor\u00e1neo incita a que la gente mienta. No s\u00e9 si todos los abogados inducen a c\u00f3mo la ciudadan\u00eda debe actuar en relaci\u00f3n a las construcciones que no est\u00e1n regularizadas&#8221;. <\/p>\n\n\n\n<p><\/p>\n\n\n\n<p>Quien tambi\u00e9n se mostr\u00f3 contrario es Jos\u00e9 Ibarra (Comunes). &#8220;Su discurso es lamentable, tiene varias aristas que son negativas para el desarrollo de San Antonio&#8221;. El edil oficialista a\u00f1adi\u00f3 que &#8220;no compartos sus dichos. No est\u00e1 a la altura de una autoridad, independiente a que sean antes de ser alcaldesa, como profesional de las leyes tampoco es aceptable. Es lamentable escuchar ese tipo de comentarios para tener una simpat\u00eda, para tener un redito pol\u00edtico&#8221;.<\/p>\n\n\n\n<p>Fuente: Emol.com &#8211;&nbsp;<a href=\"https:\/\/www.emol.com\/noticias\/Nacional\/2022\/11\/11\/1078091\/criticas-concejales-san-antonio-alcaldesa.html\">https:\/\/www.emol.com\/noticias\/Nacional\/2022\/11\/11\/1078091\/criticas-concejales-san-antonio-alcaldesa.html<\/a><\/p>\n\n\n\n<p><\/p>\n","protected":false},"excerpt":{"rendered":"<p>Ediles de Chile Vamos, DC y Comunes rechazan las palabras de Constanza Lizana (IND), quien hace dos a\u00f1os llam\u00f3 a habitantes de una toma a mentirle a la polic\u00eda &#8220;Primero, tranquilidad. Que&#8230;<\/p>\n","protected":false},"author":1,"featured_media":1205,"comment_status":"closed","ping_status":"closed","sticky":false,"template":"","format":"standard","meta":{"footnotes":""},"categories":[7],"tags":[],"class_list":["post-1204","post","type-post","status-publish","format-standard","has-post-thumbnail","hentry","category-noticias"],"_links":{"self":[{"href":"https:\/\/santonews.cl\/index.php?rest_route=\/wp\/v2\/posts\/1204","targetHints":{"allow":["GET"]}}],"collection":[{"href":"https:\/\/santonews.cl\/index.php?rest_route=\/wp\/v2\/posts"}],"about":[{"href":"https:\/\/santonews.cl\/index.php?rest_route=\/wp\/v2\/types\/post"}],"author":[{"embeddable":true,"href":"https:\/\/santonews.cl\/index.php?rest_route=\/wp\/v2\/users\/1"}],"replies":[{"embeddable":true,"href":"https:\/\/santonews.cl\/index.php?rest_route=%2Fwp%2Fv2%2Fcomments&post=1204"}],"version-history":[{"count":1,"href":"https:\/\/santonews.cl\/index.php?rest_route=\/wp\/v2\/posts\/1204\/revisions"}],"predecessor-version":[{"id":1206,"href":"https:\/\/santonews.cl\/index.php?rest_route=\/wp\/v2\/posts\/1204\/revisions\/1206"}],"wp:featuredmedia":[{"embeddable":true,"href":"https:\/\/santonews.cl\/index.php?rest_route=\/wp\/v2\/media\/1205"}],"wp:attachment":[{"href":"https:\/\/santonews.cl\/index.php?rest_route=%2Fwp%2Fv2%2Fmedia&parent=1204"}],"wp:term":[{"taxonomy":"category","embeddable":true,"href":"https:\/\/santonews.cl\/index.php?rest_route=%2Fwp%2Fv2%2Fcategories&post=1204"},{"taxonomy":"post_tag","embeddable":true,"href":"https:\/\/santonews.cl\/index.php?rest_route=%2Fwp%2Fv2%2Ftags&post=1204"}],"curies":[{"name":"wp","href":"https:\/\/api.w.org\/{rel}","templated":true}]}}