{"id":1173,"date":"2022-07-04T14:46:10","date_gmt":"2022-07-04T14:46:10","guid":{"rendered":"https:\/\/santonews.cl\/?p=1173"},"modified":"2022-07-04T14:46:10","modified_gmt":"2022-07-04T14:46:10","slug":"evacuan-dos-jardines-infantiles-ante-presencia-de-bomba-de-mortero-en-plaza-de-san-antonio","status":"publish","type":"post","link":"https:\/\/santonews.cl\/?p=1173","title":{"rendered":"Evac\u00faan dos jardines infantiles ante presencia de bomba de mortero en plaza de San Antonio"},"content":{"rendered":"\n<p><\/p>\n\n\n\n<p><a href=\"https:\/\/media.biobiochile.cl\/wp-content\/uploads\/2022\/07\/social-bomba-de-mortero-1200x633.jpg\" target=\"_blank\" rel=\"noreferrer noopener\"><\/a><\/p>\n\n\n\n<p>&nbsp;Twitter @SanAntonio_SOS<\/p>\n\n\n\n<p><\/p>\n\n\n\n<p>Dos jardines infantiles fueron evacuados la jornada de este jueves en San Antonio, regi\u00f3n de Valpara\u00edso, debido a la presencia de una bomba de mortero en las cercan\u00edas de dichos recintos.<\/p>\n\n\n\n<p>Fueron 52 personas, entre profesores, ni\u00f1as y ni\u00f1os de&nbsp;<strong>dos jardines infantiles<\/strong>&nbsp;de la comuna de&nbsp;<a href=\"https:\/\/www.sanantonio.cl\/\">San Antonio<\/a>, regi\u00f3n de Valpara\u00edso, que fueron evacuados por la&nbsp;<strong>presencia de una bomba de mortero<\/strong>&nbsp;en la zona.<\/p>\n\n\n\n<p>El hecho ocurri\u00f3 la tarde de este jueves, cuando carabineros de la Subcomisar\u00eda de Llolleo recibieron una denuncia de una bomba de este tipo en una plaza ubicada en Ginebra con avenida Olegario Henr\u00edquez.<\/p>\n\n\n\n<p>Debido a esto, personal policial concurri\u00f3 al lugar, dando con la aparici\u00f3n de este artefacto militar de uso explosivo, el se encontraba activo.<\/p>\n\n\n\n<p>El capit\u00e1n Gian Dallorso, subcomisario de la Subcomisar\u00eda de Llolleo, se\u00f1al\u00f3 que se estableci\u00f3 un per\u00edmetro de seguridad,&nbsp;<strong>evacuando a dos jardines infantiles del sector<\/strong>.<audio preload=\"none\"><\/audio><\/p>\n\n\n\n<p>En espec\u00edfico, fueron dos jardines infantiles aleda\u00f1os al sitio del suceso los que fueron evacuados. Desde el jard\u00edn Arco\u00edris, fueron 16 adultos y 12 ni\u00f1os y ni\u00f1as los retirados, mientras que desde el jard\u00edn Velerito se evacuaron a 10 adultos y 14 ni\u00f1os y ni\u00f1as;&nbsp;<strong>totalizando 52 personas<\/strong>.<\/p>\n\n\n\n<p>A ra\u00edz de este hecho, se dieron a conocer los antecedentes al Ministerio P\u00fablico, instruyendo la presencia al lugar de personal especializado GOPE, quienes trabajaron para levantar el objeto,&nbsp;<strong>destruy\u00e9ndolo en sus dependencias<\/strong>.<\/p>\n\n\n\n<p>Por el momento, se desconocen las causas que provocaron la aparici\u00f3n de la bomba de mortero en el sector, lo cual est\u00e1 siendo investigado por el Ministerio P\u00fablico. Finalmente,\u00a0<strong>no se registraron personas lesionadas<\/strong>.<\/p>\n\n\n\n<p><\/p>\n\n\n\n<p>Fuente : <a href=\"https:\/\/www.biobiochile.cl\/noticias\/nacional\/region-de-valparaiso\/2022\/07\/01\/evacuan-dos-jardines-infantiles-ante-presencia-de-bomba-de-mortero-en-plaza-de-san-antonio.shtml\">https:\/\/www.biobiochile.cl\/noticias\/nacional\/region-de-valparaiso\/2022\/07\/01\/evacuan-dos-jardines-infantiles-ante-presencia-de-bomba-de-mortero-en-plaza-de-san-antonio.shtml<\/a><\/p>\n","protected":false},"excerpt":{"rendered":"<p>&nbsp;Twitter @SanAntonio_SOS Dos jardines infantiles fueron evacuados la jornada de este jueves en San Antonio, regi\u00f3n de Valpara\u00edso, debido a la presencia de una bomba de mortero en las cercan\u00edas de dichos&#8230;<\/p>\n","protected":false},"author":1,"featured_media":1174,"comment_status":"closed","ping_status":"closed","sticky":false,"template":"","format":"standard","meta":{"footnotes":""},"categories":[7],"tags":[],"class_list":["post-1173","post","type-post","status-publish","format-standard","has-post-thumbnail","hentry","category-noticias"],"_links":{"self":[{"href":"https:\/\/santonews.cl\/index.php?rest_route=\/wp\/v2\/posts\/1173","targetHints":{"allow":["GET"]}}],"collection":[{"href":"https:\/\/santonews.cl\/index.php?rest_route=\/wp\/v2\/posts"}],"about":[{"href":"https:\/\/santonews.cl\/index.php?rest_route=\/wp\/v2\/types\/post"}],"author":[{"embeddable":true,"href":"https:\/\/santonews.cl\/index.php?rest_route=\/wp\/v2\/users\/1"}],"replies":[{"embeddable":true,"href":"https:\/\/santonews.cl\/index.php?rest_route=%2Fwp%2Fv2%2Fcomments&post=1173"}],"version-history":[{"count":1,"href":"https:\/\/santonews.cl\/index.php?rest_route=\/wp\/v2\/posts\/1173\/revisions"}],"predecessor-version":[{"id":1175,"href":"https:\/\/santonews.cl\/index.php?rest_route=\/wp\/v2\/posts\/1173\/revisions\/1175"}],"wp:featuredmedia":[{"embeddable":true,"href":"https:\/\/santonews.cl\/index.php?rest_route=\/wp\/v2\/media\/1174"}],"wp:attachment":[{"href":"https:\/\/santonews.cl\/index.php?rest_route=%2Fwp%2Fv2%2Fmedia&parent=1173"}],"wp:term":[{"taxonomy":"category","embeddable":true,"href":"https:\/\/santonews.cl\/index.php?rest_route=%2Fwp%2Fv2%2Fcategories&post=1173"},{"taxonomy":"post_tag","embeddable":true,"href":"https:\/\/santonews.cl\/index.php?rest_route=%2Fwp%2Fv2%2Ftags&post=1173"}],"curies":[{"name":"wp","href":"https:\/\/api.w.org\/{rel}","templated":true}]}}