{"id":1152,"date":"2022-03-15T14:25:23","date_gmt":"2022-03-15T14:25:23","guid":{"rendered":"https:\/\/santonews.cl\/?p=1152"},"modified":"2022-03-15T14:25:26","modified_gmt":"2022-03-15T14:25:26","slug":"santo-domingo-finalmente-exalumnos-del-country-fueron-reubicados","status":"publish","type":"post","link":"https:\/\/santonews.cl\/?p=1152","title":{"rendered":"Santo Domingo: finalmente exalumnos del Country fueron reubicados"},"content":{"rendered":"\n<p>Luego de meses en incertidumbre las gestiones de las madres y padres rindieron frutos.<\/p>\n\n\n\n<p>Finalmente, despu\u00e9s de varios meses de incertidumbre y preocupaci\u00f3n, los exalumnos del Santo Domingo Country School -que cerr\u00f3 definitivamente el a\u00f1o pasado- fueron reubicados en el colegio Bicentenario People Help People de la misma comuna parque.<\/p>\n\n\n\n<p>En medio del conflicto por falta de matr\u00edculas, los padres y apoderados afectados por el cierre del colegio recurrieron al diputado Andr\u00e9s Celis y, junto a \u00e9l, comenzaron intensas conversaciones con la Seremi de Educaci\u00f3n y la Alcald\u00eda de Santo Domingo para habilitar sobre cupos y ampliar la capacidad del People.<\/p>\n\n\n\n<p>El diputado Celis Montt, representante del distrito 7, manifest\u00f3 ayer estar conforme con el resultado de las gestiones. \u201cHa sido un extenuante proceso pero que hoy al fin lo vemos finalizado con la matr\u00edcula de los j\u00f3venes que quedaban pendiente para ingresar al colegio Bicentenario People Help People\u201d, inform\u00f3 el parlamentario que fue reelecto en las pasadas elecciones.\u201cA\u00fan cuando el anhelo general era que los alumnos y alumnas pudiesen quedar en el People, a medida que comenz\u00f3 a pasar el tiempo y la preocupaci\u00f3n empez\u00f3 a crecer,muchos fueron desistiendo y se matricularon en distintos establecimientos de la provincia de San Antonio. <\/p>\n\n\n\n<p>Al final, la situaci\u00f3n fue superada y se autorizaron sobre cupos y se habilitaron dos salas m\u00e1s, que pudieron ampliar la capacidad del establecimiento educacional y permiti\u00f3 el ingreso de los nuevos estudiantes\u201d, agreg\u00f3.<\/p>\n\n\n\n<p>El Santo Domingo Country School cerr\u00f3 en diciembre pasado tras desavenencias entre el sostenedor y el due\u00f1o del predio donde funcionaba, dejando a 470 alumnos sin colegio.<\/p>\n\n\n\n<p>Fuente:https:\/\/www.soychile.cl\/San-Antonio\/Sociedad\/2022\/03\/11\/747750\/estudiantes-de-santo-domingo-reubicados.html<\/p>\n","protected":false},"excerpt":{"rendered":"<p>Luego de meses en incertidumbre las gestiones de las madres y padres rindieron frutos. Finalmente, despu\u00e9s de varios meses de incertidumbre y preocupaci\u00f3n, los exalumnos del Santo Domingo Country School -que cerr\u00f3&#8230;<\/p>\n","protected":false},"author":1,"featured_media":452,"comment_status":"closed","ping_status":"closed","sticky":false,"template":"","format":"standard","meta":{"footnotes":""},"categories":[7],"tags":[],"class_list":["post-1152","post","type-post","status-publish","format-standard","has-post-thumbnail","hentry","category-noticias"],"_links":{"self":[{"href":"https:\/\/santonews.cl\/index.php?rest_route=\/wp\/v2\/posts\/1152","targetHints":{"allow":["GET"]}}],"collection":[{"href":"https:\/\/santonews.cl\/index.php?rest_route=\/wp\/v2\/posts"}],"about":[{"href":"https:\/\/santonews.cl\/index.php?rest_route=\/wp\/v2\/types\/post"}],"author":[{"embeddable":true,"href":"https:\/\/santonews.cl\/index.php?rest_route=\/wp\/v2\/users\/1"}],"replies":[{"embeddable":true,"href":"https:\/\/santonews.cl\/index.php?rest_route=%2Fwp%2Fv2%2Fcomments&post=1152"}],"version-history":[{"count":1,"href":"https:\/\/santonews.cl\/index.php?rest_route=\/wp\/v2\/posts\/1152\/revisions"}],"predecessor-version":[{"id":1153,"href":"https:\/\/santonews.cl\/index.php?rest_route=\/wp\/v2\/posts\/1152\/revisions\/1153"}],"wp:featuredmedia":[{"embeddable":true,"href":"https:\/\/santonews.cl\/index.php?rest_route=\/wp\/v2\/media\/452"}],"wp:attachment":[{"href":"https:\/\/santonews.cl\/index.php?rest_route=%2Fwp%2Fv2%2Fmedia&parent=1152"}],"wp:term":[{"taxonomy":"category","embeddable":true,"href":"https:\/\/santonews.cl\/index.php?rest_route=%2Fwp%2Fv2%2Fcategories&post=1152"},{"taxonomy":"post_tag","embeddable":true,"href":"https:\/\/santonews.cl\/index.php?rest_route=%2Fwp%2Fv2%2Ftags&post=1152"}],"curies":[{"name":"wp","href":"https:\/\/api.w.org\/{rel}","templated":true}]}}