{"id":1138,"date":"2022-02-03T00:22:20","date_gmt":"2022-02-03T00:22:20","guid":{"rendered":"https:\/\/santonews.cl\/?p=1138"},"modified":"2022-02-03T00:23:37","modified_gmt":"2022-02-03T00:23:37","slug":"movil-de-registro-civil-e-identificaciones-atendera-en-santo-domingo","status":"publish","type":"post","link":"https:\/\/santonews.cl\/?p=1138","title":{"rendered":"\u00a0M\u00f3vil de Registro Civil e identificaciones atender\u00e1 en Santo Domingo"},"content":{"rendered":"\n<p>Dos veces a la semana atender\u00e1 el m\u00f3vil del Registro Civil e Identificaci\u00f3n en la comuna de Santo Domingo. Hasta este uno de febrero esta comuna era la \u00fanica de la provincia, que no contaba con este importante servicio p\u00fablico; autoridades regionales indicaron que se espera durante el pr\u00f3ximo mes de abril, habilitar una oficina de manera permanente. Victoria Guerra con la siguiente nota<\/p>\n\n\n\n<figure class=\"wp-block-embed is-type-video is-provider-youtube wp-block-embed-youtube wp-embed-aspect-16-9 wp-has-aspect-ratio\"><div class=\"wp-block-embed__wrapper\">\n<iframe loading=\"lazy\" title=\"02 FEB 2022 M\u00f3vil de Registro Civil e identificaciones atender\u00e1 en Santo Domingo\" width=\"640\" height=\"360\" src=\"https:\/\/www.youtube.com\/embed\/k_HQ0nYTfDY?feature=oembed\" frameborder=\"0\" allow=\"accelerometer; autoplay; clipboard-write; encrypted-media; gyroscope; picture-in-picture; web-share\" referrerpolicy=\"strict-origin-when-cross-origin\" allowfullscreen><\/iframe>\n<\/div><\/figure>\n\n\n\n<p><\/p>\n\n\n\n<p>Fuente: <a href=\"https:\/\/www.youtube.com\/channel\/UC5fAKnDU5IVlR854N2jBzaw\">CANAL 2 \/ CHILENA FM San Antonio, Chile<\/a>CANAL 2 \/ CHILENA FM San Antonio, Chile<\/p>\n","protected":false},"excerpt":{"rendered":"<p>Dos veces a la semana atender\u00e1 el m\u00f3vil del Registro Civil e Identificaci\u00f3n en la comuna de Santo Domingo. Hasta este uno de febrero esta comuna era la \u00fanica de la provincia,&#8230;<\/p>\n","protected":false},"author":1,"featured_media":1111,"comment_status":"closed","ping_status":"closed","sticky":false,"template":"","format":"standard","meta":{"footnotes":""},"categories":[7],"tags":[],"class_list":["post-1138","post","type-post","status-publish","format-standard","has-post-thumbnail","hentry","category-noticias"],"_links":{"self":[{"href":"https:\/\/santonews.cl\/index.php?rest_route=\/wp\/v2\/posts\/1138","targetHints":{"allow":["GET"]}}],"collection":[{"href":"https:\/\/santonews.cl\/index.php?rest_route=\/wp\/v2\/posts"}],"about":[{"href":"https:\/\/santonews.cl\/index.php?rest_route=\/wp\/v2\/types\/post"}],"author":[{"embeddable":true,"href":"https:\/\/santonews.cl\/index.php?rest_route=\/wp\/v2\/users\/1"}],"replies":[{"embeddable":true,"href":"https:\/\/santonews.cl\/index.php?rest_route=%2Fwp%2Fv2%2Fcomments&post=1138"}],"version-history":[{"count":2,"href":"https:\/\/santonews.cl\/index.php?rest_route=\/wp\/v2\/posts\/1138\/revisions"}],"predecessor-version":[{"id":1140,"href":"https:\/\/santonews.cl\/index.php?rest_route=\/wp\/v2\/posts\/1138\/revisions\/1140"}],"wp:featuredmedia":[{"embeddable":true,"href":"https:\/\/santonews.cl\/index.php?rest_route=\/wp\/v2\/media\/1111"}],"wp:attachment":[{"href":"https:\/\/santonews.cl\/index.php?rest_route=%2Fwp%2Fv2%2Fmedia&parent=1138"}],"wp:term":[{"taxonomy":"category","embeddable":true,"href":"https:\/\/santonews.cl\/index.php?rest_route=%2Fwp%2Fv2%2Fcategories&post=1138"},{"taxonomy":"post_tag","embeddable":true,"href":"https:\/\/santonews.cl\/index.php?rest_route=%2Fwp%2Fv2%2Ftags&post=1138"}],"curies":[{"name":"wp","href":"https:\/\/api.w.org\/{rel}","templated":true}]}}