{"id":1103,"date":"2022-01-21T17:06:12","date_gmt":"2022-01-21T17:06:12","guid":{"rendered":"https:\/\/santonews.cl\/?p=1103"},"modified":"2022-01-21T17:06:14","modified_gmt":"2022-01-21T17:06:14","slug":"el-gabinete-con-mas-sub-40-desde-1990-y-con-nueve-partidos-representados-quienes-son-los-ministros-elegidos-por-boric","status":"publish","type":"post","link":"https:\/\/santonews.cl\/?p=1103","title":{"rendered":"El gabinete con m\u00e1s &#8220;Sub 40&#8221; desde 1990 y con nueve partidos representados: Qui\u00e9nes son los ministros elegidos por Boric"},"content":{"rendered":"\n<p>El Presidente electo present\u00f3 al equipo de 24 secretarios de Estado que lo acompa\u00f1ar\u00e1 a partir de marzo, donde destacan siete colaboradores entre 30 y 39 a\u00f1os, adem\u00e1s de ser el primer gabinete donde hay m\u00e1s mujeres que hombres<\/p>\n\n\n\n<div class=\"wp-block-image\"><figure class=\"aligncenter size-large\"><img loading=\"lazy\" decoding=\"async\" width=\"450\" height=\"398\" src=\"https:\/\/santonews.cl\/wp-content\/uploads\/2022\/01\/image-1-450x398.png\" alt=\"\" class=\"wp-image-1105\" srcset=\"https:\/\/santonews.cl\/wp-content\/uploads\/2022\/01\/image-1-450x398.png 450w, https:\/\/santonews.cl\/wp-content\/uploads\/2022\/01\/image-1-300x265.png 300w, https:\/\/santonews.cl\/wp-content\/uploads\/2022\/01\/image-1-768x679.png 768w, https:\/\/santonews.cl\/wp-content\/uploads\/2022\/01\/image-1.png 787w\" sizes=\"auto, (max-width: 450px) 100vw, 450px\" \/><\/figure><\/div>\n\n\n\n<div class=\"wp-block-image\"><figure class=\"aligncenter size-large\"><img loading=\"lazy\" decoding=\"async\" width=\"450\" height=\"358\" src=\"https:\/\/santonews.cl\/wp-content\/uploads\/2022\/01\/image-2-450x358.png\" alt=\"\" class=\"wp-image-1106\" srcset=\"https:\/\/santonews.cl\/wp-content\/uploads\/2022\/01\/image-2-450x358.png 450w, https:\/\/santonews.cl\/wp-content\/uploads\/2022\/01\/image-2-300x239.png 300w, https:\/\/santonews.cl\/wp-content\/uploads\/2022\/01\/image-2-768x611.png 768w, https:\/\/santonews.cl\/wp-content\/uploads\/2022\/01\/image-2.png 781w\" sizes=\"auto, (max-width: 450px) 100vw, 450px\" \/><\/figure><\/div>\n\n\n\n<div class=\"wp-block-image\"><figure class=\"aligncenter size-large\"><img loading=\"lazy\" decoding=\"async\" width=\"450\" height=\"381\" src=\"https:\/\/santonews.cl\/wp-content\/uploads\/2022\/01\/image-3-450x381.png\" alt=\"\" class=\"wp-image-1107\" srcset=\"https:\/\/santonews.cl\/wp-content\/uploads\/2022\/01\/image-3-450x381.png 450w, https:\/\/santonews.cl\/wp-content\/uploads\/2022\/01\/image-3-300x254.png 300w, https:\/\/santonews.cl\/wp-content\/uploads\/2022\/01\/image-3-768x650.png 768w, https:\/\/santonews.cl\/wp-content\/uploads\/2022\/01\/image-3.png 789w\" sizes=\"auto, (max-width: 450px) 100vw, 450px\" \/><\/figure><\/div>\n\n\n\n<p>Emol.com<\/p>\n","protected":false},"excerpt":{"rendered":"<p>El Presidente electo present\u00f3 al equipo de 24 secretarios de Estado que lo acompa\u00f1ar\u00e1 a partir de marzo, donde destacan siete colaboradores entre 30 y 39 a\u00f1os, adem\u00e1s de ser el primer&#8230;<\/p>\n","protected":false},"author":1,"featured_media":0,"comment_status":"closed","ping_status":"closed","sticky":false,"template":"","format":"standard","meta":{"footnotes":""},"categories":[7],"tags":[],"class_list":["post-1103","post","type-post","status-publish","format-standard","hentry","category-noticias"],"_links":{"self":[{"href":"https:\/\/santonews.cl\/index.php?rest_route=\/wp\/v2\/posts\/1103","targetHints":{"allow":["GET"]}}],"collection":[{"href":"https:\/\/santonews.cl\/index.php?rest_route=\/wp\/v2\/posts"}],"about":[{"href":"https:\/\/santonews.cl\/index.php?rest_route=\/wp\/v2\/types\/post"}],"author":[{"embeddable":true,"href":"https:\/\/santonews.cl\/index.php?rest_route=\/wp\/v2\/users\/1"}],"replies":[{"embeddable":true,"href":"https:\/\/santonews.cl\/index.php?rest_route=%2Fwp%2Fv2%2Fcomments&post=1103"}],"version-history":[{"count":1,"href":"https:\/\/santonews.cl\/index.php?rest_route=\/wp\/v2\/posts\/1103\/revisions"}],"predecessor-version":[{"id":1108,"href":"https:\/\/santonews.cl\/index.php?rest_route=\/wp\/v2\/posts\/1103\/revisions\/1108"}],"wp:attachment":[{"href":"https:\/\/santonews.cl\/index.php?rest_route=%2Fwp%2Fv2%2Fmedia&parent=1103"}],"wp:term":[{"taxonomy":"category","embeddable":true,"href":"https:\/\/santonews.cl\/index.php?rest_route=%2Fwp%2Fv2%2Fcategories&post=1103"},{"taxonomy":"post_tag","embeddable":true,"href":"https:\/\/santonews.cl\/index.php?rest_route=%2Fwp%2Fv2%2Ftags&post=1103"}],"curies":[{"name":"wp","href":"https:\/\/api.w.org\/{rel}","templated":true}]}}