{"id":1097,"date":"2022-01-07T16:09:42","date_gmt":"2022-01-07T16:09:42","guid":{"rendered":"https:\/\/santonews.cl\/?p=1097"},"modified":"2022-01-07T16:09:44","modified_gmt":"2022-01-07T16:09:44","slug":"cine-literatura-y-deporte-santo-domingo-anuncia-actividades-para-este-verano","status":"publish","type":"post","link":"https:\/\/santonews.cl\/?p=1097","title":{"rendered":"Cine, literatura y deporte: Santo Domingo anuncia actividades para este verano"},"content":{"rendered":"\n<p>Festival de autos cl\u00e1sicos, clases de spinning, y cine al aire libre, ser\u00e1n algunas de las actividades que desde la pr\u00f3xima semana y de acuerdo a las restricciones sanitarias ser\u00e1n parte del calendario de la comuna.<\/p>\n\n\n\n<p>Entre la Playa Sur y Norte, la ex piscina, y la Plaza Quillayes, la Municipalidad de Santo Domingo, estar\u00e1 promoviendo actividades para los y las habitantes de la comuna.En el marco del Verano 2022, la instituci\u00f3n anunci\u00f3 una serie de actividades, que se ir\u00e1n realizando durante la pr\u00f3xima semana.<\/p>\n\n\n\n<p>El programa comienza a correr desde el mi\u00e9rcoles 12 hasta el domingo 16 de enero. Sin embargo las actividades y sus aforos, estar\u00e1n sujetas al cambio de fase que pueda tener la comuna, respecto a los avances de la pandemia del Covid-19 en la provincia.<\/p>\n\n\n\n<p><\/p>\n\n\n\n<iframe loading=\"lazy\" src=\"https:\/\/www.facebook.com\/plugins\/post.php?href=https%3A%2F%2Fweb.facebook.com%2Fsantodomingocl%2Fposts%2F2718596418285817&#038;show_text=true&#038;width=500\" width=\"500\" height=\"648\" style=\"border:none;overflow:hidden\" scrolling=\"no\" frameborder=\"0\" allowfullscreen=\"true\" allow=\"autoplay; clipboard-write; encrypted-media; picture-in-picture; web-share\"><\/iframe>\n\n\n\n<p><\/p>\n\n\n\n<p>A trav\u00e9s del Facebook\u00a0<a href=\"https:\/\/www.facebook.com\/santodomingocl\/photos\/a.2399418403536955\/2718596388285820\/\">Municipalidad de Santo Domingo &#8211; Chile<\/a>, podr\u00e1s encontrar las actividades detalladas<\/p>\n\n\n\n<p><\/p>\n\n\n\n<p>Fuente: soychile.cl &#8211;&nbsp;<a href=\"https:\/\/www.soychile.cl\/San-Antonio\/Sociedad\/2022\/01\/06\/739436\/actividades-verano-santo-domingo.aspx\">https:\/\/www.soychile.cl\/San-Antonio\/Sociedad\/2022\/01\/06\/739436\/actividades-verano-santo-domingo.aspx<\/a><\/p>\n","protected":false},"excerpt":{"rendered":"<p>Festival de autos cl\u00e1sicos, clases de spinning, y cine al aire libre, ser\u00e1n algunas de las actividades que desde la pr\u00f3xima semana y de acuerdo a las restricciones sanitarias ser\u00e1n parte del&#8230;<\/p>\n","protected":false},"author":1,"featured_media":336,"comment_status":"closed","ping_status":"closed","sticky":false,"template":"","format":"standard","meta":{"footnotes":""},"categories":[7],"tags":[],"class_list":["post-1097","post","type-post","status-publish","format-standard","has-post-thumbnail","hentry","category-noticias"],"_links":{"self":[{"href":"https:\/\/santonews.cl\/index.php?rest_route=\/wp\/v2\/posts\/1097","targetHints":{"allow":["GET"]}}],"collection":[{"href":"https:\/\/santonews.cl\/index.php?rest_route=\/wp\/v2\/posts"}],"about":[{"href":"https:\/\/santonews.cl\/index.php?rest_route=\/wp\/v2\/types\/post"}],"author":[{"embeddable":true,"href":"https:\/\/santonews.cl\/index.php?rest_route=\/wp\/v2\/users\/1"}],"replies":[{"embeddable":true,"href":"https:\/\/santonews.cl\/index.php?rest_route=%2Fwp%2Fv2%2Fcomments&post=1097"}],"version-history":[{"count":1,"href":"https:\/\/santonews.cl\/index.php?rest_route=\/wp\/v2\/posts\/1097\/revisions"}],"predecessor-version":[{"id":1098,"href":"https:\/\/santonews.cl\/index.php?rest_route=\/wp\/v2\/posts\/1097\/revisions\/1098"}],"wp:featuredmedia":[{"embeddable":true,"href":"https:\/\/santonews.cl\/index.php?rest_route=\/wp\/v2\/media\/336"}],"wp:attachment":[{"href":"https:\/\/santonews.cl\/index.php?rest_route=%2Fwp%2Fv2%2Fmedia&parent=1097"}],"wp:term":[{"taxonomy":"category","embeddable":true,"href":"https:\/\/santonews.cl\/index.php?rest_route=%2Fwp%2Fv2%2Fcategories&post=1097"},{"taxonomy":"post_tag","embeddable":true,"href":"https:\/\/santonews.cl\/index.php?rest_route=%2Fwp%2Fv2%2Ftags&post=1097"}],"curies":[{"name":"wp","href":"https:\/\/api.w.org\/{rel}","templated":true}]}}