{"id":1092,"date":"2022-01-04T01:56:47","date_gmt":"2022-01-04T01:56:47","guid":{"rendered":"https:\/\/santonews.cl\/?p=1092"},"modified":"2022-01-04T02:29:04","modified_gmt":"2022-01-04T02:29:04","slug":"tragedia-en-santo-domingo-colision-frontal-dejo-a-mujer-nina-y-guagua-muertas","status":"publish","type":"post","link":"https:\/\/santonews.cl\/?p=1092","title":{"rendered":"Tragedia en Santo Domingo: Colisi\u00f3n frontal dej\u00f3 a mujer, ni\u00f1a y guagua muertas"},"content":{"rendered":"\n<p>El hecho ocurri\u00f3 alrededor de las 21:00 horas en la comuna costera de la Regi\u00f3n de Valpara\u00edso.<\/p>\n\n\n\n<p>Nueve personas resultaron lesionadas y una de ellas permanece en riesgo vital.<img decoding=\"async\" alt=\"Tragedia en Santo Domingo: Colisi\u00f3n frontal dej\u00f3 a mujer, ni\u00f1a y guagua muertas\" src=\"https:\/\/www.cooperativa.cl\/noticias\/site\/artic\/20220103\/imag\/foto_0000000120220103222259.jpg\">Foto:&nbsp;Bel\u00e9n Vel\u00e1squez &#8211; Cooperativa Regiones<\/p>\n\n\n\n<p><\/p>\n\n\n\n<p>Una&nbsp;<strong>colisi\u00f3n frontal<\/strong>&nbsp;dej\u00f3&nbsp;<strong>tres personas fallecidas<\/strong>&nbsp;este lunes por la tarde-noche en la&nbsp;<strong>Ruta G80-I<\/strong>,&nbsp;en la comuna costera de&nbsp;<strong>Santo Domingo<\/strong>, Regi\u00f3n de Valpara\u00edso.<\/p>\n\n\n\n<p>Las v\u00edctimas son&nbsp;<strong>una mujer adulta, una ni\u00f1a de seis a\u00f1os y una guagua de&nbsp;dos meses<\/strong>, ocupantes del mismo autom\u00f3vil, seg\u00fan informaci\u00f3n de Carabineros.<\/p>\n\n\n\n<p>De acuerdo a esta fuente policial, alrededor de las 21:00 horas&nbsp;<strong>dos veh\u00edculos particulares, que aparentemente circulaban en sentido contrario -oriente a poniente y viceversa-<\/strong>, colisionaron frontalmente&nbsp;por razones que se investigan.<\/p>\n\n\n\n<p>Adem\u00e1s,&nbsp;<strong>nueve&nbsp;personas resultaron lesionadas, una de las cuales est\u00e1 en riesgo vital.<\/strong><\/p>\n\n\n\n<p>La Fiscal\u00eda dispuso que sea la Secci\u00f3n de Investigaci\u00f3n de Accidentes de Tr\u00e1nsito (SIAT) de Carabineros quien lleve a cabo los peritajes respectivos que ayuden a aclarar las causas del tr\u00e1gico hecho.<\/p>\n\n\n\n<p><\/p>\n\n\n\n<blockquote class=\"twitter-tweet\"><p lang=\"es\" dir=\"ltr\">Accidente en <a href=\"https:\/\/twitter.com\/hashtag\/SantoDomingo?src=hash&amp;ref_src=twsrc%5Etfw\">#SantoDomingo<\/a> deja 3 fallecidos: un lactante de 2 meses, una ni\u00f1a de 6 y una adulta ocupantes del mismo auto. Adem\u00e1s 9 personas resultan lesionadas, una en riesgo vital. Se trata de colisi\u00f3n frontal en ruta G80I. Carabineros a cargo <a href=\"https:\/\/twitter.com\/Cooperativa?ref_src=twsrc%5Etfw\">@Cooperativa<\/a> <a href=\"https:\/\/t.co\/8PpROWelRJ\">pic.twitter.com\/8PpROWelRJ<\/a><\/p>\u2014 Bel\u00e9n Vel\u00e1squez Neracher (@belenvelasquez) <a href=\"https:\/\/twitter.com\/belenvelasquez\/status\/1478172381105438722?ref_src=twsrc%5Etfw\">January 4, 2022<\/a><\/blockquote> <script async=\"\" src=\"https:\/\/platform.twitter.com\/widgets.js\" charset=\"utf-8\"><\/script>\n\n\n\n<p>fuente:https:\/\/www.cooperativa.cl\/noticias\/pais\/region-de-valparaiso\/tragedia-en-santo-domingo-colision-frontal-dejo-a-mujer-nina-y-guagua\/2022-01-03\/222259.html<\/p>\n","protected":false},"excerpt":{"rendered":"<p>El hecho ocurri\u00f3 alrededor de las 21:00 horas en la comuna costera de la Regi\u00f3n de Valpara\u00edso. Nueve personas resultaron lesionadas y una de ellas permanece en riesgo vital.Foto:&nbsp;Bel\u00e9n Vel\u00e1squez &#8211; Cooperativa&#8230;<\/p>\n","protected":false},"author":1,"featured_media":1094,"comment_status":"closed","ping_status":"closed","sticky":false,"template":"","format":"standard","meta":{"footnotes":""},"categories":[7],"tags":[],"class_list":["post-1092","post","type-post","status-publish","format-standard","has-post-thumbnail","hentry","category-noticias"],"_links":{"self":[{"href":"https:\/\/santonews.cl\/index.php?rest_route=\/wp\/v2\/posts\/1092","targetHints":{"allow":["GET"]}}],"collection":[{"href":"https:\/\/santonews.cl\/index.php?rest_route=\/wp\/v2\/posts"}],"about":[{"href":"https:\/\/santonews.cl\/index.php?rest_route=\/wp\/v2\/types\/post"}],"author":[{"embeddable":true,"href":"https:\/\/santonews.cl\/index.php?rest_route=\/wp\/v2\/users\/1"}],"replies":[{"embeddable":true,"href":"https:\/\/santonews.cl\/index.php?rest_route=%2Fwp%2Fv2%2Fcomments&post=1092"}],"version-history":[{"count":2,"href":"https:\/\/santonews.cl\/index.php?rest_route=\/wp\/v2\/posts\/1092\/revisions"}],"predecessor-version":[{"id":1096,"href":"https:\/\/santonews.cl\/index.php?rest_route=\/wp\/v2\/posts\/1092\/revisions\/1096"}],"wp:featuredmedia":[{"embeddable":true,"href":"https:\/\/santonews.cl\/index.php?rest_route=\/wp\/v2\/media\/1094"}],"wp:attachment":[{"href":"https:\/\/santonews.cl\/index.php?rest_route=%2Fwp%2Fv2%2Fmedia&parent=1092"}],"wp:term":[{"taxonomy":"category","embeddable":true,"href":"https:\/\/santonews.cl\/index.php?rest_route=%2Fwp%2Fv2%2Fcategories&post=1092"},{"taxonomy":"post_tag","embeddable":true,"href":"https:\/\/santonews.cl\/index.php?rest_route=%2Fwp%2Fv2%2Ftags&post=1092"}],"curies":[{"name":"wp","href":"https:\/\/api.w.org\/{rel}","templated":true}]}}