{"id":1089,"date":"2021-12-19T15:42:11","date_gmt":"2021-12-19T15:42:11","guid":{"rendered":"https:\/\/santonews.cl\/?p=1089"},"modified":"2021-12-19T15:42:12","modified_gmt":"2021-12-19T15:42:12","slug":"carabineros-del-litoral-reciben-cinco-nuevas-patrullas-y-lanzan-plan-navidad-segura","status":"publish","type":"post","link":"https:\/\/santonews.cl\/?p=1089","title":{"rendered":"Carabineros del Litoral reciben cinco nuevas patrullas y lanzan Plan Navidad Segura"},"content":{"rendered":"\n<p>\u00a0De los flamantes veh\u00edculos policiales, tres fueron destinados a Cartagena, uno a Algarrobo y otro a Santo Domingo.<\/p>\n\n\n\n<p><a href=\"https:\/\/www.soychile.cl\/San-Antonio\/Sociedad\/2021\/12\/16\/736462\/patrullas-nuevas-para-san-antonio.aspx#comentar\"><\/a><a href=\"https:\/\/www.soychile.cl\/San-Antonio\/Sociedad\/2021\/12\/16\/736462\/patrullas-nuevas-para-san-antonio.aspx#\"><\/a><a href=\"https:\/\/www.soychile.cl\/San-Antonio\/Sociedad\/2021\/12\/16\/736462\/patrullas-nuevas-para-san-antonio.aspx#\"><\/a><a href=\"https:\/\/www.soychile.cl\/San-Antonio\/Sociedad\/2021\/12\/16\/736462\/patrullas-nuevas-para-san-antonio.aspx#\"><\/a>En una ceremonia realizada en la plaza de Barrancas, ayer fueron entregados a Carabineros de la Prefectura de San Antonio cinco nuevos carros policiales, los que se destinaron a distintas unidades policiales de la provincia para mejorar la dotaci\u00f3n existente.<\/p>\n\n\n\n<p>De los cinco veh\u00edculos de Carabineros, tres reforzar\u00e1n la dotaci\u00f3n de la Segunda Comisar\u00eda de Cartagena, uno ir\u00e1 a la Tercera Comisar\u00eda de Algarrobo y <strong>otro a la Subcomisar\u00eda de Santo Domingo<\/strong>, los cuales ya se encuentran operativos.Tras la entrega de los carros policiales, el alcalde de Cartagena, Rodrigo Garc\u00eda, destac\u00f3 que su comuna fuera la m\u00e1s beneficiada respecto a la cantidad dem\u00f3viles.\u201cVen\u00edamos denunciando de agosto de 2020 la falta de veh\u00edculos policiales (\u2026). <\/p>\n\n\n\n<p>Estamos contentos con la asignaci\u00f3n(de carros) porque significa la justa distribuci\u00f3n entre las comunas (de la provincia)\u201d, expres\u00f3 Garc\u00eda. El edil agreg\u00f3 que \u201cesto mejorar\u00e1 la dotaci\u00f3n policial, siendo los veh\u00edculos una herramienta muy importante. <\/p>\n\n\n\n<p>Nos hubiese gustado que fuese mucho antes, porque los vecinos y vecinas eran los que hac\u00edan el llamado y Carabineros no pod\u00edan concurrir por no tener carro\u201d.PLAN NAVIDADJunto con entregar las radiopatrullas, Carabineros lanz\u00f3 su Plan Navidad Segura 2021. <\/p>\n\n\n\n<p>Anunciaron que ya se comenz\u00f3 a implementar un servicio policial focalizado en el centro de las comunas de la provincia para prevenir la ocurrencia de delitos. Al respecto, el teniente coronel Oliver Matteo, prefecto (s) San Antonio, se\u00f1al\u00f3 que \u201cla idea es informar a la comunidad de los servicios que vamos a realizar como instituci\u00f3n, porque Carabineros de Chile sigue trabajando. Por lo tanto, en estas festividades, en que ya las condiciones sanitarias han permitido ir regulando y normalizando los desplazamientos, la idea es poder marcar presencia en aquellos puntos comerciales de mayor afluencia, para que los vecinos puedan realizar sus tr\u00e1mites y compras navide\u00f1as en forma tranquila\u201d.<\/p>\n\n\n\n<p>Fuente: soychile.cl &#8211;&nbsp;<a href=\"https:\/\/www.soychile.cl\/San-Antonio\/Sociedad\/2021\/12\/16\/736462\/patrullas-nuevas-para-san-antonio.aspx\">https:\/\/www.soychile.cl\/San-Antonio\/Sociedad\/2021\/12\/16\/736462\/patrullas-nuevas-para-san-antonio.aspx<\/a><\/p>\n","protected":false},"excerpt":{"rendered":"<p>\u00a0De los flamantes veh\u00edculos policiales, tres fueron destinados a Cartagena, uno a Algarrobo y otro a Santo Domingo. En una ceremonia realizada en la plaza de Barrancas, ayer fueron entregados a Carabineros&#8230;<\/p>\n","protected":false},"author":1,"featured_media":1090,"comment_status":"closed","ping_status":"closed","sticky":false,"template":"","format":"standard","meta":{"footnotes":""},"categories":[7],"tags":[],"class_list":["post-1089","post","type-post","status-publish","format-standard","has-post-thumbnail","hentry","category-noticias"],"_links":{"self":[{"href":"https:\/\/santonews.cl\/index.php?rest_route=\/wp\/v2\/posts\/1089","targetHints":{"allow":["GET"]}}],"collection":[{"href":"https:\/\/santonews.cl\/index.php?rest_route=\/wp\/v2\/posts"}],"about":[{"href":"https:\/\/santonews.cl\/index.php?rest_route=\/wp\/v2\/types\/post"}],"author":[{"embeddable":true,"href":"https:\/\/santonews.cl\/index.php?rest_route=\/wp\/v2\/users\/1"}],"replies":[{"embeddable":true,"href":"https:\/\/santonews.cl\/index.php?rest_route=%2Fwp%2Fv2%2Fcomments&post=1089"}],"version-history":[{"count":1,"href":"https:\/\/santonews.cl\/index.php?rest_route=\/wp\/v2\/posts\/1089\/revisions"}],"predecessor-version":[{"id":1091,"href":"https:\/\/santonews.cl\/index.php?rest_route=\/wp\/v2\/posts\/1089\/revisions\/1091"}],"wp:featuredmedia":[{"embeddable":true,"href":"https:\/\/santonews.cl\/index.php?rest_route=\/wp\/v2\/media\/1090"}],"wp:attachment":[{"href":"https:\/\/santonews.cl\/index.php?rest_route=%2Fwp%2Fv2%2Fmedia&parent=1089"}],"wp:term":[{"taxonomy":"category","embeddable":true,"href":"https:\/\/santonews.cl\/index.php?rest_route=%2Fwp%2Fv2%2Fcategories&post=1089"},{"taxonomy":"post_tag","embeddable":true,"href":"https:\/\/santonews.cl\/index.php?rest_route=%2Fwp%2Fv2%2Ftags&post=1089"}],"curies":[{"name":"wp","href":"https:\/\/api.w.org\/{rel}","templated":true}]}}